{"id":294675,"date":"2025-08-04T00:48:12","date_gmt":"2025-08-04T00:48:12","guid":{"rendered":"https:\/\/www.europesays.com\/fr\/294675\/"},"modified":"2025-08-04T00:48:12","modified_gmt":"2025-08-04T00:48:12","slug":"feminines-les-olympiennes-remportent-tranquillement-leur-premier-match-de-preparation","status":"publish","type":"post","link":"https:\/\/www.europesays.com\/fr\/294675\/","title":{"rendered":"F\u00e9minines : les Olympiennes remportent tranquillement leur premier match de pr\u00e9paration"},"content":{"rendered":"<p>Ce n&rsquo;est qu&rsquo;un match amical de l&rsquo;\u00e9t\u00e9, <a href=\"https:\/\/www.laprovence.com\/article\/om\/5315776854240614\/om-feminines-les-olympiennes-lancent-leur-preparation-contre-monaco\" target=\"_blank\" rel=\"noopener\">et le tout premier de la pr\u00e9paration en plus<\/a>, mais gagner fait toujours du bien au moral. Les Olympiennes ont remport\u00e9 leur premi\u00e8re rencontre de pr\u00e9saison devant la grosse trentaine de personnes venue d\u00e9couvrir le nouveau visage de l&rsquo;\u00e9quipe version 2025-26 (dont Stefano Petruzzo, le directeur g\u00e9n\u00e9ral des f\u00e9minines \u00e0 l&rsquo;OM), et m\u00eame si le niveau va augmenter de plusieurs crans d&rsquo;ici les trois coups de la Premi\u00e8re Ligue \u00e0 Lyon le 8 septembre, c&rsquo;est d\u00e9j\u00e0 une petite satisfaction.<\/p>\n<blockquote class=\"twitter-tweet\"><p>&#13;<\/p>\n<p>\u23f1\ufe0f 90\u2019 | <a href=\"https:\/\/twitter.com\/hashtag\/OMASMFF?src=hash&amp;ref_src=twsrc%5Etfw\" target=\"_blank\" rel=\"noopener\">#OMASMFF<\/a> 7\ufe0f\u20e3-0\ufe0f\u20e3<\/p>\n<p>\u23ef\ufe0f \ud835\udc05\ud835\udc08\ud835\udc0d \ud835\udc03\ud835\udc14 \ud835\udc0c\ud835\udc00\ud835\udc13\ud835\udc02\ud835\udc07 <br \/>Pressing haut et efficacit\u00e9 : premier acte r\u00e9ussi pour nos Marseillaises ! <\/p>\n<p>\ud83d\uddd3\ufe0f Rendez-vous mercredi face \u00e0 Montpellier pour la deuxi\u00e8me \u00e9tape du <a href=\"https:\/\/twitter.com\/hashtag\/SummerAct?src=hash&amp;ref_src=twsrc%5Etfw\" target=\"_blank\" rel=\"noopener\">#SummerAct<\/a> 25-26 \ud83d\udd1c <a href=\"https:\/\/t.co\/gB7G0UjPxL\" target=\"_blank\">pic.twitter.com\/gB7G0UjPxL<\/a><\/p>\n<p>&#13;<br \/>\n\u2014 Les Marseillaises (@OMfeminines) <a href=\"https:\/\/twitter.com\/OMfeminines\/status\/1952069843168968977?ref_src=twsrc%5Etfw\" target=\"_blank\" rel=\"noopener\">August 3, 2025<\/a><\/p><\/blockquote>\n<p>Encore du renfort attendu<\/p>\n<p>Tout n&rsquo;a pas \u00e9t\u00e9 parfait \u00e9videmment, loin de l\u00e0 m\u00eame, mais c&rsquo;est normal alors que les joueuses de Fr\u00e9d\u00e9ric Gon\u00e7alves n&rsquo;ont repris l&rsquo;entra\u00eenement que depuis deux semaines et doivent encaisser le travail physique inh\u00e9rent \u00e0 toute pr\u00e9paration. Face \u00e0 l&rsquo;AS Monaco, qui n&rsquo;\u00e9volue qu&rsquo;au troisi\u00e8me \u00e9chelon national, l&rsquo;\u00e9cart de niveau a toutefois \u00e9t\u00e9 suffisant pour s&rsquo;assurer un match tranquille, m\u00eame si quelques frissons sont pass\u00e9s sur le but de Margot Shore lors de la deuxi\u00e8me p\u00e9riode de 30 minutes sur les trois disput\u00e9es.<\/p>\n<p><a href=\"https:\/\/www.laprovence.com\/article\/sports\/1932285971500415\/om-feminines-margot-shore-une-internationale-italienne-dans-les-cages-marseillaises\" target=\"_blank\" rel=\"noopener\">La gardienne italienne \u00e9tait l&rsquo;un des nouveaux visages<\/a> \u00e0 d\u00e9couvrir ce dimanche, pas forc\u00e9ment celle qu&rsquo;on a le plus vue \u00e0 l&rsquo;\u0153uvre d&rsquo;ailleurs, m\u00eame si elle a sign\u00e9 une jolie parade en fin de match. Devant, Jody Brown, l&rsquo;attaquante jama\u00efcaine <a href=\"https:\/\/www.laprovence.com\/article\/om\/28225166897714\/om-feminines-deux-recrues-titulaires-pour-le-premier-match-de-preparation-contre-monaco\" target=\"_blank\" rel=\"noopener\">seule autre recrue titulaire<\/a>, a notamment fait \u00e9talage de ses qualit\u00e9s de vitesse, alors que Mathilde Bourdieu a inscrit le troisi\u00e8me but de la soir\u00e9e en remportant un face-\u00e0-face (3-0, 71) apr\u00e8s avoir touch\u00e9 le poteau, puis en provoquant un penalty transform\u00e9 par Dona Scannapieco (4-0, 74). Au milieu, <a href=\"https:\/\/www.laprovence.com\/article\/om\/1116870254233914\/om-feminines-l-internationale-francaise-margaux-le-mouel-devient-olympienne\" target=\"_blank\" rel=\"noopener\">l&rsquo;internationale fran\u00e7aise Mathilde Le Mou\u00ebl<\/a> a jou\u00e9 une heure avant de conclure le festival des Marseillaises (7-0, 90), autant que Melissa Herrera dans un r\u00f4le de piston gauche, passeuse d\u00e9cisive.<\/p>\n<p>\u00ab\u00a0Une \u00e9norme marge de progression\u00a0\u00bb<\/p>\n<p>Les \u00ab\u00a0anciennes\u00a0\u00bb n&rsquo;ont pas \u00e9t\u00e9 en reste, puisque In\u00e8s Kbida avait ouvert le score tr\u00e8s vite d&rsquo;une belle demi-vol\u00e9e (1-0, 4), que Laura Bourgoin a aussi marqu\u00e9 (2-0, 37), tout comme Marie-Charlotte L\u00e9ger (5-0, 77) et Ninon Blanchard (6-0, 81). Mais le score de ce premier match de pr\u00e9paration restera anecdotique, \u00e9videmment. \u00ab\u00a0Ce n&rsquo;\u00e9tait pas le r\u00e9sultat que j&rsquo;attendais, c&rsquo;\u00e9tait plut\u00f4t la forme, a confirm\u00e9 Fr\u00e9d\u00e9ric Gon\u00e7alves apr\u00e8s le match. Il y a encore beaucoup de boulot devant nous, on a encore une \u00e9norme marge de progression.\u00a0\u00bb Le technicien marseillais esp\u00e8re aussi \u00ab\u00a0du renfort sur plusieurs lignes\u00a0\u00bb, signe que le mercato olympien n&rsquo;est pas encore termin\u00e9.<\/p>\n<p>Au moins les Olympiennes ont-elles renou\u00e9 avec le terrain de belle mani\u00e8re, comme elles l&rsquo;avaient quitt\u00e9 en mai dernier. \u00c7a ne veut pas dire grand-chose de l&rsquo;avenir de la saison du retour parmi l&rsquo;\u00e9lite, mais c&rsquo;est toujours plus agr\u00e9able. Prochaine \u00e9tape d\u00e8s mercredi \u00e0 Montpellier, futur adversaire parmi l&rsquo;\u00e9lite, o\u00f9 l&rsquo;adversit\u00e9 sera d\u00e9j\u00e0 toute autre.<\/p>\n<p><script async src=\"https:\/\/platform.twitter.com\/widgets.js\" charset=\"utf-8\"><\/script><\/p>\n","protected":false},"excerpt":{"rendered":"Ce n&rsquo;est qu&rsquo;un match amical de l&rsquo;\u00e9t\u00e9, et le tout premier de la pr\u00e9paration en plus, mais gagner&hellip;\n","protected":false},"author":2,"featured_media":294676,"comment_status":"","ping_status":"","sticky":false,"template":"","format":"standard","meta":{"footnotes":""},"categories":[1410],"tags":[17,12300,63,1011,27,151,3289,17383,149,31498,60,43471],"class_list":{"0":"post-294675","1":"post","2":"type-post","3":"status-publish","4":"format-standard","5":"has-post-thumbnail","7":"category-football","8":"tag-17","9":"tag-feminines","10":"tag-football","11":"tag-fr","12":"tag-france","13":"tag-les","14":"tag-leur","15":"tag-olympiennes","16":"tag-om","17":"tag-remportent","18":"tag-sports","19":"tag-tranquillement"},"share_on_mastodon":{"url":"https:\/\/pubeurope.com\/@fr\/114967747244272092","error":""},"_links":{"self":[{"href":"https:\/\/www.europesays.com\/fr\/wp-json\/wp\/v2\/posts\/294675","targetHints":{"allow":["GET"]}}],"collection":[{"href":"https:\/\/www.europesays.com\/fr\/wp-json\/wp\/v2\/posts"}],"about":[{"href":"https:\/\/www.europesays.com\/fr\/wp-json\/wp\/v2\/types\/post"}],"author":[{"embeddable":true,"href":"https:\/\/www.europesays.com\/fr\/wp-json\/wp\/v2\/users\/2"}],"replies":[{"embeddable":true,"href":"https:\/\/www.europesays.com\/fr\/wp-json\/wp\/v2\/comments?post=294675"}],"version-history":[{"count":0,"href":"https:\/\/www.europesays.com\/fr\/wp-json\/wp\/v2\/posts\/294675\/revisions"}],"wp:featuredmedia":[{"embeddable":true,"href":"https:\/\/www.europesays.com\/fr\/wp-json\/wp\/v2\/media\/294676"}],"wp:attachment":[{"href":"https:\/\/www.europesays.com\/fr\/wp-json\/wp\/v2\/media?parent=294675"}],"wp:term":[{"taxonomy":"category","embeddable":true,"href":"https:\/\/www.europesays.com\/fr\/wp-json\/wp\/v2\/categories?post=294675"},{"taxonomy":"post_tag","embeddable":true,"href":"https:\/\/www.europesays.com\/fr\/wp-json\/wp\/v2\/tags?post=294675"}],"curies":[{"name":"wp","href":"https:\/\/api.w.org\/{rel}","templated":true}]}}