{"id":294677,"date":"2025-08-04T00:49:11","date_gmt":"2025-08-04T00:49:11","guid":{"rendered":"https:\/\/www.europesays.com\/fr\/294677\/"},"modified":"2025-08-04T00:49:11","modified_gmt":"2025-08-04T00:49:11","slug":"disparition-le-comedien-gerard-chaillou-vu-dans-camera-cafe-et-scenes-de-menages-est-mort-dna","status":"publish","type":"post","link":"https:\/\/www.europesays.com\/fr\/294677\/","title":{"rendered":"Disparition. Le com\u00e9dien G\u00e9rard Chaillou, vu dans &quot;Cam\u00e9ra Caf\u00e9&quot; et &quot;Sc\u00e8nes de m\u00e9nages&quot;, est mort &#8211; DNA"},"content":{"rendered":"<ol>\n<li><a href=\"https:\/\/news.google.com\/rss\/articles\/CBMitgFBVV95cUxNRHhRQnFGdXdyMHRSaUxGa3Q4VVZta1dPOVBRcmN2QUtuTC1WdGFOWGluVWVkMlktd1UwcFRjcEczN0JrQ2JfeWI4dkgyZzhBN1dzZlNhOWhnU3dva0U5cDB3RFFyaVJlUThxNE5TR0VXeU9penVYZU5SSHQ0dmhDREZ3bFdUeFRBMG9SOW53SF9VbGtmbHpDczhUd2Q0TldaaDNzQmdSclFtYm9WTmFEX2pGeEtoQQ?oc=5\" target=\"_blank\" rel=\"nofollow noopener\">Disparition. Le com\u00e9dien G\u00e9rard Chaillou, vu dans \u00ab\u00a0Cam\u00e9ra Caf\u00e9\u00a0\u00bb et \u00ab\u00a0Sc\u00e8nes de m\u00e9nages\u00a0\u00bb, est mort<\/a>&nbsp;&nbsp;DNA<\/li>\n<li><a href=\"https:\/\/news.google.com\/rss\/articles\/CBMiwgFBVV95cUxNczh4bzQxTWJOMkxUV2lQMFFHRUkxUnk2NDRQM0NOR0UtZXRTVzNUdEJUMVlCT0xJT0FSTkRQMGlUS0o0dlRHbVNPTzR4cW1ack55THNGeEpfOFJRWjZYR1dGX2h5bDd5WlhoU0IyQzZ6MDEzdVdNSWozazZ5VnRzcFNPMVNyOUotWnEtRkdwMktPYlRlZ3E1VnctUzRUY3Y5T29XLXZ6N2k0Qm5GazkyeHJBX1l4MGgzQ2VCVG9YTkhPQQ?oc=5\" target=\"_blank\" rel=\"nofollow noopener\">G\u00e9rard Chaillou, acteur, est mort<\/a>&nbsp;&nbsp;20 Minutes<\/li>\n<li><a href=\"https:\/\/news.google.com\/rss\/articles\/CBMiwAFBVV95cUxQS1pFWlNxZFdmNG15LThlVm5lSWtQLUwyaUFENTRxNHBJQUFTTUJCNElGZjhzSVRpM2NXUUtJdzNCNS1qUzJCa2xzZk42dmFjYW5sUTRRUEIwRE91dU8zeE00VzhYX0hiLXdqV2E3eXFmWHFSRXRlaVF2V0Uwdm5MNnFHZDNva2NPVWZ6Vm1nNUMzaGZKMWxwLVkxSFFyN0RmZ3BFbE5sZjU0ZDg0SW5QQWY2WVZTVFNGczgwRUFZVXk?oc=5\" target=\"_blank\" rel=\"nofollow noopener\">Disparition. Le com\u00e9dien G\u00e9rard Chaillou, Jean-Guy dans \u00ab\u00a0Cam\u00e9ra Caf\u00e9\u00a0\u00bb et vu \u00ab\u00a0Sc\u00e8nes de m\u00e9nages\u00a0\u00bb, est mort<\/a>&nbsp;&nbsp;Le Dauphin\u00e9 Lib\u00e9r\u00e9<\/li>\n<li><a href=\"https:\/\/news.google.com\/rss\/articles\/CBMixAFBVV95cUxQcG5XM3c1aDZ3RnlkV3FaODhaejJZVThKSndPQ0VHV2JRSFN1RU5Ya0ZkbE51bUJ1RlB5T3VrZmItSUYxbWZydlUtTzlCOGxfOE5FaTR1c1BaclJ4Y0NEOWg2MnY2V3FkMGdaQS1tWjM2ZDNpYW9VaUdwWDB6Yy1zTTRGY1ZQNHNPTXI0NUxBQjNoSnlRNGxjYmJOMnBOREl2dXhLeXR6OXZfTDgxaG5OT0pwWENtclpzdW1ncWVVdm9hMjFX?oc=5\" target=\"_blank\" rel=\"nofollow noopener\">Il \u00e9tait l\u2019inoubliable DRH de Cam\u00e9ra Caf\u00e9 : le com\u00e9dien G\u00e9rard Chaillou est mort<\/a>&nbsp;&nbsp;parismatch.com<\/li>\n<li><a href=\"https:\/\/news.google.com\/rss\/articles\/CBMi4gFBVV95cUxPQUd5WmhKYUJhYzNJYnVNVVJvYVVNM1JwT09leHRVeFp6SGNsalR1UzhEZ21PVmtlczdHNWlwaFR0a3A2dVNRYUxLOWk2aDF0REpWa1FoaklMOGtLcldQaURVVU40MWpUSlY2dENrakhPa3pNSVNtV251bkt3LU5udGM2OEE0RTE0Tm9aRDdlckpMcVVFZUxNXzdyVUk0RkVRb2cyLUVVRFBTVGZtMTY1d05mcnhuMEt6cDJrX3lYcy12amVhNm9wRW4xQ0dMU2NlQTJrcDlnN1FvTzZfZnB6aWZB?oc=5\" target=\"_blank\" rel=\"nofollow noopener\">L&rsquo;acteur G\u00e9rard Chaillou, connu notamment pour son r\u00f4le dans la s\u00e9rie \u00ab\u00a0Cam\u00e9ra Caf\u00e9\u00a0\u00bb, est mort \u00e0 79 ans<\/a>&nbsp;&nbsp;BFMTV<\/li>\n<\/ol>\n","protected":false},"excerpt":{"rendered":"Disparition. Le com\u00e9dien G\u00e9rard Chaillou, vu dans \u00ab\u00a0Cam\u00e9ra Caf\u00e9\u00a0\u00bb et \u00ab\u00a0Sc\u00e8nes de m\u00e9nages\u00a0\u00bb, est mort&nbsp;&nbsp;DNA G\u00e9rard Chaillou, acteur,&hellip;\n","protected":false},"author":2,"featured_media":294678,"comment_status":"","ping_status":"","sticky":false,"template":"","format":"standard","meta":{"footnotes":""},"categories":[1359],"tags":[1687,58,59,107,1011,27,329,1391,973,104,2205],"class_list":{"0":"post-294677","1":"post","2":"type-post","3":"status-publish","4":"format-standard","5":"has-post-thumbnail","7":"category-people","8":"tag-culture-loisirs","9":"tag-divertissement","10":"tag-entertainment","11":"tag-fil-info","12":"tag-fr","13":"tag-france","14":"tag-france-monde","15":"tag-necrologie","16":"tag-people","17":"tag-societe","18":"tag-television-medias"},"share_on_mastodon":{"url":"https:\/\/pubeurope.com\/@fr\/114967751083831852","error":""},"_links":{"self":[{"href":"https:\/\/www.europesays.com\/fr\/wp-json\/wp\/v2\/posts\/294677","targetHints":{"allow":["GET"]}}],"collection":[{"href":"https:\/\/www.europesays.com\/fr\/wp-json\/wp\/v2\/posts"}],"about":[{"href":"https:\/\/www.europesays.com\/fr\/wp-json\/wp\/v2\/types\/post"}],"author":[{"embeddable":true,"href":"https:\/\/www.europesays.com\/fr\/wp-json\/wp\/v2\/users\/2"}],"replies":[{"embeddable":true,"href":"https:\/\/www.europesays.com\/fr\/wp-json\/wp\/v2\/comments?post=294677"}],"version-history":[{"count":0,"href":"https:\/\/www.europesays.com\/fr\/wp-json\/wp\/v2\/posts\/294677\/revisions"}],"wp:featuredmedia":[{"embeddable":true,"href":"https:\/\/www.europesays.com\/fr\/wp-json\/wp\/v2\/media\/294678"}],"wp:attachment":[{"href":"https:\/\/www.europesays.com\/fr\/wp-json\/wp\/v2\/media?parent=294677"}],"wp:term":[{"taxonomy":"category","embeddable":true,"href":"https:\/\/www.europesays.com\/fr\/wp-json\/wp\/v2\/categories?post=294677"},{"taxonomy":"post_tag","embeddable":true,"href":"https:\/\/www.europesays.com\/fr\/wp-json\/wp\/v2\/tags?post=294677"}],"curies":[{"name":"wp","href":"https:\/\/api.w.org\/{rel}","templated":true}]}}