{"id":294681,"date":"2025-08-04T00:52:08","date_gmt":"2025-08-04T00:52:08","guid":{"rendered":"https:\/\/www.europesays.com\/fr\/294681\/"},"modified":"2025-08-04T00:52:08","modified_gmt":"2025-08-04T00:52:08","slug":"on-achete-avec-notre-argent-caroline-margeridon-brise-les-idees-recues-sur-affaire-conclue-france-2-tele-7-jours","status":"publish","type":"post","link":"https:\/\/www.europesays.com\/fr\/294681\/","title":{"rendered":"\u201cOn ach\u00e8te avec notre argent\u201d : Caroline Margeridon brise les id\u00e9es re\u00e7ues sur Affaire Conclue (France 2) &#8211; T\u00e9l\u00e9 7 Jours"},"content":{"rendered":"<ol>\n<li><a href=\"https:\/\/news.google.com\/rss\/articles\/CBMi-wFBVV95cUxNc2FJVGdaY01VUERabEpiTG81akxhMEpIbXNLVDljNlFvVDNkX1dDUTBqYjhwUGR5eWFUYm0tcFZDeVltOWJSRktnRjV4TFFpLUNNdjZtNjdPZnNTbmIzNEVHb1ZfeEdxQUZnYi1heWRCYVlLUExNYW43NVNreEVKXzB1NGZSTXJpU3ljc2l5cjhNb0h6V18yYWd6SnE5Y2hfelpvNXRiNlZ3Z1dQSkR3NTFuNUxRV3BSTzFwN09EQUoyY3hULVBtRzhZZWFDb0dUN2p1NkRsbEJyT01SQ2F0dEJoSXM1T2VKdmtILUh4SmFoLUphQml6cEV4Yw?oc=5\" target=\"_blank\" rel=\"nofollow noopener\">\u201cOn ach\u00e8te avec notre argent\u201d : Caroline Margeridon brise les id\u00e9es re\u00e7ues sur Affaire Conclue (France 2)<\/a>&nbsp;&nbsp;T\u00e9l\u00e9 7 Jours<\/li>\n<li><a href=\"https:\/\/news.google.com\/rss\/articles\/CBMihwFBVV95cUxNbG5YdW51QTU1SWxuY0xxZjBCSG9FWkNUX3ZUb3lmQkxqSGZCM1dmc05WdzI4YlNQdTVVaXhMYThIVlN6Z0dINk5GVm9IcDlnNlpqWWtYVzZXeThaZGkzTGFGNnl4akpLUEVIRXJVZlR4UFZSRWVjUFl0V2lRMkx6SFBhNjg4X1E?oc=5\" target=\"_blank\" rel=\"nofollow noopener\">Un acheteur d\u2019Affaire conclue recadr\u00e9 par la production : \u00ab\u00a0\u00c7a ne se reproduira pas\u2026\u00a0\u00bb<\/a>&nbsp;&nbsp;Yahoo Home<\/li>\n<li><a href=\"https:\/\/news.google.com\/rss\/articles\/CBMixwFBVV95cUxNMDhNTTFyZE1RdmdMR1VheDhESS05bHllMUFhb1hMeUJXWUxqVmlkaWtCY1o1YVlfX05GN2ZBdHluVGlibFhHVGQ3RzlJWVl6RHNqR1BOV0s2MXBrY0MxZGZUbDFWQWd4czdnU2stLWtmTmFQMEhTRlU0UGpCa3Y2bkhJQkNld25WUGdvT2hzeThPZjZEV0NFX1dpaGRGNFJ6eENiUTNDMXlCc242QVp0SDZtamtxQ2NIYUtjYWhnamkwdm8zRTlJ?oc=5\" target=\"_blank\" rel=\"nofollow noopener\">\u00ab J\u2019esp\u00e8re que j\u2019ai le droit de raconter \u00e7a \u00bb : Georges Van Cauwenbergh r\u00e9v\u00e8le s\u2019\u00eatre fait \u00ab taper sur les doigts \u00bb par la production d\u2019\u00ab Affaire conclue \u00bb<\/a>&nbsp;&nbsp;Sudinfo<\/li>\n<li><a href=\"https:\/\/news.google.com\/rss\/articles\/CBMi7AFBVV95cUxQaHVuRE55bDhveU9lZkRJbzdGUzBBSGxiUHpnSDlibEpSUU5aOUZ5b3FkVkdCb3J6bm5DYk54elFJN2lxblpRUTZLRE5SaHFvdWFTZ0hsU09OUGxndVNBVC03bGJ5VXViaGtwMHhvbkxkU2RUVk42TVEwT1dDeEw5anZGMkRpY05BUGRmWHlsbWFhVC1QNDBNRlVxRU5zSThtREhCZ0hvM09CQ1Q1QW4xQjByWDBPVVFpcm1Gcm0walFtTV8tU00wV0l1WWlQdFdZQmo2TzFjdGFrb0pMU2JlZmkySGFDeWpVdHRvNg?oc=5\" target=\"_blank\" rel=\"nofollow noopener\">\u00ab\u00a0Je n\u2019ai jamais perdu d\u2019argent\u00a0\u00bb : Caroline Margeridon (Affaire Conclue) cash sur la revente des objets apr\u00e8s l&rsquo;\u00e9mission<\/a>&nbsp;&nbsp;programme-tv.net<\/li>\n<li><a href=\"https:\/\/news.google.com\/rss\/articles\/CBMizwFBVV95cUxPZkxIR0hYZUVlVFF1YXlsbDZRSjhraXdpcTJBbFhWai1VNE9RbVJJZGl5NVdUdi15ZGNGU0VYNGs5cXJPWHBZT1I0TlVqb2JTQ0MwSTdHaFhoV2tYWGpyUW5Tek5yYU5wOHBoQ1BDbG9yV09GT2t5aC1wMHhKLWNFb2ROV2ZVcUlULXp3QjJIZGJrZVVLekN2SmtRWTRJUTZLSHhqQmZUMnFzVzYwaDBMNEsyRk1iVVVfaVUzUXA4anlqTzdyTGwyZTBHd0NFNHc?oc=5\" target=\"_blank\" rel=\"nofollow noopener\">Affaire conclue : la vie des objets, \u00e0 la tv<\/a>&nbsp;&nbsp;Linternaute.com<\/li>\n<\/ol>\n","protected":false},"excerpt":{"rendered":"\u201cOn ach\u00e8te avec notre argent\u201d : Caroline Margeridon brise les id\u00e9es re\u00e7ues sur Affaire Conclue (France 2)&nbsp;&nbsp;T\u00e9l\u00e9 7&hellip;\n","protected":false},"author":2,"featured_media":1445,"comment_status":"","ping_status":"","sticky":false,"template":"","format":"standard","meta":{"footnotes":""},"categories":[1356],"tags":[58,59,1011,27,252,1364],"class_list":{"0":"post-294681","1":"post","2":"type-post","3":"status-publish","4":"format-standard","5":"has-post-thumbnail","7":"category-television","8":"tag-divertissement","9":"tag-entertainment","10":"tag-fr","11":"tag-france","12":"tag-television","13":"tag-tv"},"share_on_mastodon":{"url":"https:\/\/pubeurope.com\/@fr\/114967762964235131","error":""},"_links":{"self":[{"href":"https:\/\/www.europesays.com\/fr\/wp-json\/wp\/v2\/posts\/294681","targetHints":{"allow":["GET"]}}],"collection":[{"href":"https:\/\/www.europesays.com\/fr\/wp-json\/wp\/v2\/posts"}],"about":[{"href":"https:\/\/www.europesays.com\/fr\/wp-json\/wp\/v2\/types\/post"}],"author":[{"embeddable":true,"href":"https:\/\/www.europesays.com\/fr\/wp-json\/wp\/v2\/users\/2"}],"replies":[{"embeddable":true,"href":"https:\/\/www.europesays.com\/fr\/wp-json\/wp\/v2\/comments?post=294681"}],"version-history":[{"count":0,"href":"https:\/\/www.europesays.com\/fr\/wp-json\/wp\/v2\/posts\/294681\/revisions"}],"wp:featuredmedia":[{"embeddable":true,"href":"https:\/\/www.europesays.com\/fr\/wp-json\/wp\/v2\/media\/1445"}],"wp:attachment":[{"href":"https:\/\/www.europesays.com\/fr\/wp-json\/wp\/v2\/media?parent=294681"}],"wp:term":[{"taxonomy":"category","embeddable":true,"href":"https:\/\/www.europesays.com\/fr\/wp-json\/wp\/v2\/categories?post=294681"},{"taxonomy":"post_tag","embeddable":true,"href":"https:\/\/www.europesays.com\/fr\/wp-json\/wp\/v2\/tags?post=294681"}],"curies":[{"name":"wp","href":"https:\/\/api.w.org\/{rel}","templated":true}]}}