{"id":294690,"date":"2025-08-04T00:58:10","date_gmt":"2025-08-04T00:58:10","guid":{"rendered":"https:\/\/www.europesays.com\/fr\/294690\/"},"modified":"2025-08-04T00:58:10","modified_gmt":"2025-08-04T00:58:10","slug":"gerard-chaillou-acteur-notamment-connu-pour-son-role-dans-camera-cafe-est-mort","status":"publish","type":"post","link":"https:\/\/www.europesays.com\/fr\/294690\/","title":{"rendered":"G\u00e9rard Chaillou, acteur notamment connu pour son r\u00f4le dans \u00ab\u00a0Cam\u00e9ra Caf\u00e9\u00a0\u00bb, est mort"},"content":{"rendered":"<p>Pour le grand public, il \u00e9tait DRH de l\u2019entreprise au coeur de la s\u00e9rie de <a href=\"https:\/\/www.20minutes.fr\/dossier\/m6\" class=\"color-ultramarine c-link\" target=\"_blank\" rel=\"noopener\">M6<\/a> \u00ab\u00a0Cam\u00e9ra Caf\u00e9\u00a0\u00bb. G\u00e9rard Chaillou est mort samedi \u00e0 l\u2019\u00e2ge de 79 ans, a annonc\u00e9 ce dimanche son agent artistique \u00e0 un journaliste de l\u2019AFP, ainsi que la cha\u00eene qui l\u2019a fait conna\u00eetre. Il luttait depuis plusieurs ann\u00e9es contre une maladie<\/p>\n<p>Durant sa carri\u00e8re, qui a commenc\u00e9 dans les ann\u00e9es\u00a01970, G\u00e9rard Chaillou a jou\u00e9 dans plus d\u2019une trentaine de films et une quarantaine de <a href=\"https:\/\/www.20minutes.fr\/arts-stars\/serie\/\" class=\"color-ultramarine c-link\" target=\"_blank\" rel=\"noopener\">s\u00e9ries<\/a> t\u00e9l\u00e9vis\u00e9s. Il est apparu des feuilletons embl\u00e9matiques de la t\u00e9l\u00e9vision fran\u00e7aise tels que Julie Lescaut, Jos\u00e9phine, ange gardien, ou encore Camping Paradis. Sa derni\u00e8re apparition sur le petit \u00e9cran \u00e9tait en tant qu\u2019invit\u00e9 dans la s\u00e9rie Sc\u00e8nes de m\u00e9nage de M6.<\/p>\n<p>Au <a href=\"https:\/\/www.20minutes.fr\/arts-stars\/cinema\/\" class=\"color-ultramarine c-link\" target=\"_blank\" rel=\"noopener\">cin\u00e9ma<\/a>, il a notamment jou\u00e9 dans J\u2019accuse de <a href=\"https:\/\/www.20minutes.fr\/dossier\/roman_polanski\" class=\"color-ultramarine c-link\" target=\"_blank\" rel=\"noopener\">Roman Polanski<\/a>. Son dernier r\u00f4le remonte \u00e9galement \u00e0\u00a02024, dans Que notre joie demeure de Cheyenne Carron. En parall\u00e8le, il a poursuivi une carri\u00e8re de com\u00e9dien de th\u00e9\u00e2tre jusqu\u2019en\u00a02016.<\/p>\n","protected":false},"excerpt":{"rendered":"Pour le grand public, il \u00e9tait DRH de l\u2019entreprise au coeur de la s\u00e9rie de M6 \u00ab\u00a0Cam\u00e9ra Caf\u00e9\u00a0\u00bb.&hellip;\n","protected":false},"author":2,"featured_media":294691,"comment_status":"","ping_status":"","sticky":false,"template":"","format":"standard","meta":{"footnotes":""},"categories":[8],"tags":[253,251,3983,58,59,1011,27,521,252,1347],"class_list":{"0":"post-294690","1":"post","2":"type-post","3":"status-publish","4":"format-standard","5":"has-post-thumbnail","7":"category-divertissement","8":"tag-acteur","9":"tag-culture","10":"tag-deces","11":"tag-divertissement","12":"tag-entertainment","13":"tag-fr","14":"tag-france","15":"tag-serie","16":"tag-television","17":"tag-theatre"},"share_on_mastodon":{"url":"https:\/\/pubeurope.com\/@fr\/114967786535327179","error":""},"_links":{"self":[{"href":"https:\/\/www.europesays.com\/fr\/wp-json\/wp\/v2\/posts\/294690","targetHints":{"allow":["GET"]}}],"collection":[{"href":"https:\/\/www.europesays.com\/fr\/wp-json\/wp\/v2\/posts"}],"about":[{"href":"https:\/\/www.europesays.com\/fr\/wp-json\/wp\/v2\/types\/post"}],"author":[{"embeddable":true,"href":"https:\/\/www.europesays.com\/fr\/wp-json\/wp\/v2\/users\/2"}],"replies":[{"embeddable":true,"href":"https:\/\/www.europesays.com\/fr\/wp-json\/wp\/v2\/comments?post=294690"}],"version-history":[{"count":0,"href":"https:\/\/www.europesays.com\/fr\/wp-json\/wp\/v2\/posts\/294690\/revisions"}],"wp:featuredmedia":[{"embeddable":true,"href":"https:\/\/www.europesays.com\/fr\/wp-json\/wp\/v2\/media\/294691"}],"wp:attachment":[{"href":"https:\/\/www.europesays.com\/fr\/wp-json\/wp\/v2\/media?parent=294690"}],"wp:term":[{"taxonomy":"category","embeddable":true,"href":"https:\/\/www.europesays.com\/fr\/wp-json\/wp\/v2\/categories?post=294690"},{"taxonomy":"post_tag","embeddable":true,"href":"https:\/\/www.europesays.com\/fr\/wp-json\/wp\/v2\/tags?post=294690"}],"curies":[{"name":"wp","href":"https:\/\/api.w.org\/{rel}","templated":true}]}}