{"id":294713,"date":"2025-08-04T01:17:24","date_gmt":"2025-08-04T01:17:24","guid":{"rendered":"https:\/\/www.europesays.com\/fr\/294713\/"},"modified":"2025-08-04T01:17:24","modified_gmt":"2025-08-04T01:17:24","slug":"a-rennes-un-stage-dete-gratuit-pour-donner-envie-aux-jeunes-de-jouer-au-tennis","status":"publish","type":"post","link":"https:\/\/www.europesays.com\/fr\/294713\/","title":{"rendered":"\u00c0 Rennes, un stage d\u2019\u00e9t\u00e9 gratuit \u00ab\u00a0pour donner envie aux jeunes de jouer au tennis\u00a0\u00bb ."},"content":{"rendered":"<p>\u00c0 la rentr\u00e9e,<a href=\"https:\/\/rennes.maville.com\/sport\/detail_-tennis.-l-open-de-rennes-va-renouer-avec-colette-besson-sa-salle-historique-_7-6912233_actu.Htm\" target=\"_blank\" rel=\"noopener\"> l\u2019Open Blot Rennes<\/a> donne rendez-vous au public du 8 au 14\u00a0septembre 2025, au Libert\u00e9, pour vivre une nouvelle \u00e9dition d\u2019un des meilleurs tournois de tennis de l\u2019Ouest. Mais les raquettes sont de sortie d\u00e8s ce mois d\u2019ao\u00fbt. Avec la volont\u00e9 <strong>\u00ab\u00a0de <\/strong>  <strong>d\u00e9mocratiser la pratique du tennis pour la jeunesse rennaise\u00a0\u00bb<\/strong>, les organisateurs ont propos\u00e9 un stage gratuit, mardi 29\u00a0juillet, au complexe sportif de Br\u00e9quigny.<\/p>\n<p>Ce stage gratuit, une premi\u00e8re<\/p>\n<p>Avec le soutien de la ville de Rennes et le fonds de dotation Talents du Cercle Paul-Bert, les enfants les plus motiv\u00e9s ont pu participer \u00e0 cette premi\u00e8re \u00e9dition. Au programme\u00a0: exercices techniques, jeux, quiz et go\u00fbter. Cette op\u00e9ration vient s\u2019ajouter \u00e0 l\u2019Open en quartiers et \u00e0 l\u2019Open des scolaires, deux initiatives propos\u00e9es chaque ann\u00e9e en direction des plus jeunes.<\/p>\n<p><strong>Lire aussi. <\/strong> <a href=\"https:\/\/rennes.maville.com\/info\/info-locale\/tennis-a-rennes-lopen-en-quartiers-invite-les-jeunes-avant-le-grand-tournoi-a-la-rentree-399c4978-2056-11f0-87cd-08a4dcb5c93e#:~:text=L&#039;Open%2520Blot%2520Rennes%2520(Ille,Blosne%252C%2520en%2520pr%25C3%25A9sence%2520de%2520personnalit%25C3%25A9s.&amp;text=Olivier%2520BERREZAI.\" target=\"_blank\" rel=\"noopener\">Tennis \u00e0 Rennes\u00a0: l\u2019Open en quartiers invite les jeunes avant le grand tournoi \u00e0 la rentr\u00e9e<\/a><\/p>\n<p><strong>\u00ab\u00a0Ce stage s\u2019inscrit dans la continuit\u00e9 de nos engagements, notamment sur le plan social\u00a0\u00bb<\/strong>, explique\u00a0Matthieu Blesteau, le directeur de l\u2019Open Blot Rennes. Tous les enfants ayant particip\u00e9 \u00e0 ces diff\u00e9rentes op\u00e9rations seront invit\u00e9s durant la semaine du tournoi, en septembre, cette fois pour assister aux premi\u00e8res loges \u00e0 une comp\u00e9tition de haut niveau.<\/p>\n<p>\u00a0<\/p>\n","protected":false},"excerpt":{"rendered":"\u00c0 la rentr\u00e9e, l\u2019Open Blot Rennes donne rendez-vous au public du 8 au 14\u00a0septembre 2025, au Libert\u00e9, pour&hellip;\n","protected":false},"author":2,"featured_media":294714,"comment_status":"","ping_status":"","sticky":false,"template":"","format":"standard","meta":{"footnotes":""},"categories":[2821],"tags":[1111,11,3809,1465,829,1777,674,63,1011,27,1792,1922,12,3086,584,25,479,517,1470],"class_list":{"0":"post-294713","1":"post","2":"type-post","3":"status-publish","4":"format-standard","5":"has-post-thumbnail","7":"category-rennes","8":"tag-actu","9":"tag-actualites","10":"tag-ball","11":"tag-basket","12":"tag-bretagne","13":"tag-eu","14":"tag-europe","15":"tag-football","16":"tag-fr","17":"tag-france","18":"tag-handball","19":"tag-info","20":"tag-news","21":"tag-redon","22":"tag-rennes","23":"tag-republique-francaise","24":"tag-rugby","25":"tag-sport","26":"tag-volley"},"share_on_mastodon":{"url":"https:\/\/pubeurope.com\/@fr\/114967861191277625","error":""},"_links":{"self":[{"href":"https:\/\/www.europesays.com\/fr\/wp-json\/wp\/v2\/posts\/294713","targetHints":{"allow":["GET"]}}],"collection":[{"href":"https:\/\/www.europesays.com\/fr\/wp-json\/wp\/v2\/posts"}],"about":[{"href":"https:\/\/www.europesays.com\/fr\/wp-json\/wp\/v2\/types\/post"}],"author":[{"embeddable":true,"href":"https:\/\/www.europesays.com\/fr\/wp-json\/wp\/v2\/users\/2"}],"replies":[{"embeddable":true,"href":"https:\/\/www.europesays.com\/fr\/wp-json\/wp\/v2\/comments?post=294713"}],"version-history":[{"count":0,"href":"https:\/\/www.europesays.com\/fr\/wp-json\/wp\/v2\/posts\/294713\/revisions"}],"wp:featuredmedia":[{"embeddable":true,"href":"https:\/\/www.europesays.com\/fr\/wp-json\/wp\/v2\/media\/294714"}],"wp:attachment":[{"href":"https:\/\/www.europesays.com\/fr\/wp-json\/wp\/v2\/media?parent=294713"}],"wp:term":[{"taxonomy":"category","embeddable":true,"href":"https:\/\/www.europesays.com\/fr\/wp-json\/wp\/v2\/categories?post=294713"},{"taxonomy":"post_tag","embeddable":true,"href":"https:\/\/www.europesays.com\/fr\/wp-json\/wp\/v2\/tags?post=294713"}],"curies":[{"name":"wp","href":"https:\/\/api.w.org\/{rel}","templated":true}]}}