{"id":294718,"date":"2025-08-04T01:22:21","date_gmt":"2025-08-04T01:22:21","guid":{"rendered":"https:\/\/www.europesays.com\/fr\/294718\/"},"modified":"2025-08-04T01:22:21","modified_gmt":"2025-08-04T01:22:21","slug":"accident-mortel-avenue-de-nantes-une-personne-en-garde-a-vue","status":"publish","type":"post","link":"https:\/\/www.europesays.com\/fr\/294718\/","title":{"rendered":"Accident mortel avenue de Nantes : une personne en garde \u00e0 vue"},"content":{"rendered":"<p>                                                                                                    <img decoding=\"async\" src=\"https:\/\/www.europesays.com\/fr\/wp-content\/uploads\/2025\/08\/5ea2829f118dd.jpeg\" alt=\"Laurent Brunet\"\/><\/p>\n<p class=\"author__social\">Partager sur :<br \/>\n                                            <a href=\"https:\/\/twitter.com\/share?url=https:\/\/www.le7.info\/article\/25869-accident-mortel-avenue-de-nantes-une-personne-en-garde-a-vue\" title=\"Partager sur twitter\" target=\"_blank\" rel=\"noopener\"><\/a><br \/>\n                                            <a href=\"https:\/\/www.facebook.com\/sharer\/sharer.php?u=https:\/\/www.le7.info\/article\/25869-accident-mortel-avenue-de-nantes-une-personne-en-garde-a-vue\" title=\"Partager sur facebook\" target=\"_blank\" rel=\"noopener\"><\/a>\n                                        <\/p>\n<p style=\"-webkit-text-stroke-width:0px; text-align:justify; text-indent:0px\">A la suite de la\u00a0collision qui s&rsquo;est produite hier\u00a0apr\u00e8s-midi, avenue de Nantes \u00e0 Poitiers, mettant en cause trois voitures, l&rsquo;une des conductrices a trouv\u00e9 la mort tandis que deux occupants du principe v\u00e9hicule impliqu\u00e9 ont pris la fuite. A la suite de cet accident, le parquet de Poitiers a ouvert une proc\u00e9dure pour homicide routier. Nous apprenons \u00e0 l\u2019instant que l\u2019un des individus recherch\u00e9s \u00e9tait en garde en vue.\u00a0<\/p>\n<p>                                <script async src=\"https:\/\/platform.twitter.com\/widgets.js\" charset=\"utf-8\"><\/script><\/p>\n","protected":false},"excerpt":{"rendered":"Partager sur : A la suite de la\u00a0collision qui s&rsquo;est produite hier\u00a0apr\u00e8s-midi, avenue de Nantes \u00e0 Poitiers, mettant&hellip;\n","protected":false},"author":2,"featured_media":52780,"comment_status":"","ping_status":"","sticky":false,"template":"","format":"standard","meta":{"footnotes":""},"categories":[2818],"tags":[1111,11,1777,674,1011,27,13267,766,12,2636,25],"class_list":{"0":"post-294718","1":"post","2":"type-post","3":"status-publish","4":"format-standard","5":"has-post-thumbnail","7":"category-nantes","8":"tag-actu","9":"tag-actualites","10":"tag-eu","11":"tag-europe","12":"tag-fr","13":"tag-france","14":"tag-le-7-actualite-vienne-poitiers-chatellerault","15":"tag-nantes","16":"tag-news","17":"tag-pays-de-la-loire","18":"tag-republique-francaise"},"share_on_mastodon":{"url":"https:\/\/pubeurope.com\/@fr\/114967880897842786","error":""},"_links":{"self":[{"href":"https:\/\/www.europesays.com\/fr\/wp-json\/wp\/v2\/posts\/294718","targetHints":{"allow":["GET"]}}],"collection":[{"href":"https:\/\/www.europesays.com\/fr\/wp-json\/wp\/v2\/posts"}],"about":[{"href":"https:\/\/www.europesays.com\/fr\/wp-json\/wp\/v2\/types\/post"}],"author":[{"embeddable":true,"href":"https:\/\/www.europesays.com\/fr\/wp-json\/wp\/v2\/users\/2"}],"replies":[{"embeddable":true,"href":"https:\/\/www.europesays.com\/fr\/wp-json\/wp\/v2\/comments?post=294718"}],"version-history":[{"count":0,"href":"https:\/\/www.europesays.com\/fr\/wp-json\/wp\/v2\/posts\/294718\/revisions"}],"wp:featuredmedia":[{"embeddable":true,"href":"https:\/\/www.europesays.com\/fr\/wp-json\/wp\/v2\/media\/52780"}],"wp:attachment":[{"href":"https:\/\/www.europesays.com\/fr\/wp-json\/wp\/v2\/media?parent=294718"}],"wp:term":[{"taxonomy":"category","embeddable":true,"href":"https:\/\/www.europesays.com\/fr\/wp-json\/wp\/v2\/categories?post=294718"},{"taxonomy":"post_tag","embeddable":true,"href":"https:\/\/www.europesays.com\/fr\/wp-json\/wp\/v2\/tags?post=294718"}],"curies":[{"name":"wp","href":"https:\/\/api.w.org\/{rel}","templated":true}]}}