{"id":294720,"date":"2025-08-04T01:25:30","date_gmt":"2025-08-04T01:25:30","guid":{"rendered":"https:\/\/www.europesays.com\/fr\/294720\/"},"modified":"2025-08-04T01:25:30","modified_gmt":"2025-08-04T01:25:30","slug":"aviron-bayonnais-girondins-de-bordeaux-a-tarnos-samedi-9-aout","status":"publish","type":"post","link":"https:\/\/www.europesays.com\/fr\/294720\/","title":{"rendered":"Aviron Bayonnais-Girondins de Bordeaux \u00e0 Tarnos samedi 9 ao\u00fbt"},"content":{"rendered":"<p><img decoding=\"async\" src=\"https:\/\/www.europesays.com\/fr\/wp-content\/uploads\/2025\/07\/671_2cf7e1ed8ab4dc94225729875234e7c2.jpg\" alt=\"Aviron Bayonnais-Girondins de Bordeaux \u00e0 Tarnos samedi 9 ao\u00fbt\" class=\"img-responsive mt-3\"\/><\/p>\n<p class=\"text-center mb-3\" style=\"font-size: 14px\">\u00a9 Iconsport<\/p>\n<p style=\"text-align: justify;\">L&rsquo;Aviron Bayonnais re\u00e7oit les Girondins de Bordeaux ce samedi 9 ao\u00fbt sur l&rsquo;intercommunal de Tarnos \u00e0 18h30.<\/p>\n<p style=\"text-align: justify;\">Les deux \u00e9quipes du groupe A de National 2 se retrouvent pour la derni\u00e8re r\u00e9p\u00e9tition avant le d\u00e9but du championnat de National 2 le samedi 16 ao\u00fbt au Stade Atlantique face \u00e0 l&rsquo;US Avranches.<\/p>\n<p style=\"text-align: justify;\">Cette rencontre comme les pr\u00e9c\u00e9dentes ne sera pas diffus\u00e9e sur les \u00e9crans.<\/p>\n<p>\u00a0<\/p>\n<p style=\"text-align: justify;\">\u00c0 lire &gt;&gt; <strong><a href=\"https:\/\/www.webgirondins.com\/actualite-girondins-girondins-andrea-lardez-on-veut-de-la-reconnaissance-du-respect-et-un-minimum-de-moyens-129911\" target=\"_blank\" rel=\"noopener\">Andr\u00e9a Lardez : \u201cOn veut de la reconnaissance, du respect et un minimum de moyens\u201d<\/a><\/strong><\/p>\n<p style=\"text-align: justify;\">\u00a0<\/p>\n<p style=\"text-align: justify;\">Notre podcast court \u00e0 \u00e9couter :<\/p>\n<p>\u00a0<\/p>\n","protected":false},"excerpt":{"rendered":"\u00a9 Iconsport L&rsquo;Aviron Bayonnais re\u00e7oit les Girondins de Bordeaux ce samedi 9 ao\u00fbt sur l&rsquo;intercommunal de Tarnos \u00e0&hellip;\n","protected":false},"author":2,"featured_media":285140,"comment_status":"","ping_status":"","sticky":false,"template":"","format":"standard","meta":{"footnotes":""},"categories":[2817],"tags":[1111,11,2863,23856,3810,27493,43478,1997,37543,3530,43480,8367,1777,674,1011,27,1987,13392,3289,955,12,2219,471,29390,25,3982,2858,43479,43481],"class_list":{"0":"post-294720","1":"post","2":"type-post","3":"status-publish","4":"format-standard","5":"has-post-thumbnail","7":"category-bordeaux","8":"tag-actu","9":"tag-actualites","10":"tag-aout","11":"tag-arcachon","12":"tag-aviron","13":"tag-bassin","14":"tag-bayonnais","15":"tag-bordeaux","16":"tag-brousse","17":"tag-chez","18":"tag-deplacent","19":"tag-disputer","20":"tag-eu","21":"tag-europe","22":"tag-fr","23":"tag-france","24":"tag-girondins","25":"tag-jean","26":"tag-leur","27":"tag-match","28":"tag-news","29":"tag-nouvelle-aquitaine","30":"tag-pour","31":"tag-preparation","32":"tag-republique-francaise","33":"tag-samedi","34":"tag-stade","35":"tag-tarnos","36":"tag-voisin"},"share_on_mastodon":{"url":"https:\/\/pubeurope.com\/@fr\/114967892675304351","error":""},"_links":{"self":[{"href":"https:\/\/www.europesays.com\/fr\/wp-json\/wp\/v2\/posts\/294720","targetHints":{"allow":["GET"]}}],"collection":[{"href":"https:\/\/www.europesays.com\/fr\/wp-json\/wp\/v2\/posts"}],"about":[{"href":"https:\/\/www.europesays.com\/fr\/wp-json\/wp\/v2\/types\/post"}],"author":[{"embeddable":true,"href":"https:\/\/www.europesays.com\/fr\/wp-json\/wp\/v2\/users\/2"}],"replies":[{"embeddable":true,"href":"https:\/\/www.europesays.com\/fr\/wp-json\/wp\/v2\/comments?post=294720"}],"version-history":[{"count":0,"href":"https:\/\/www.europesays.com\/fr\/wp-json\/wp\/v2\/posts\/294720\/revisions"}],"wp:featuredmedia":[{"embeddable":true,"href":"https:\/\/www.europesays.com\/fr\/wp-json\/wp\/v2\/media\/285140"}],"wp:attachment":[{"href":"https:\/\/www.europesays.com\/fr\/wp-json\/wp\/v2\/media?parent=294720"}],"wp:term":[{"taxonomy":"category","embeddable":true,"href":"https:\/\/www.europesays.com\/fr\/wp-json\/wp\/v2\/categories?post=294720"},{"taxonomy":"post_tag","embeddable":true,"href":"https:\/\/www.europesays.com\/fr\/wp-json\/wp\/v2\/tags?post=294720"}],"curies":[{"name":"wp","href":"https:\/\/api.w.org\/{rel}","templated":true}]}}