{"id":294726,"date":"2025-08-04T01:31:10","date_gmt":"2025-08-04T01:31:10","guid":{"rendered":"https:\/\/www.europesays.com\/fr\/294726\/"},"modified":"2025-08-04T01:31:10","modified_gmt":"2025-08-04T01:31:10","slug":"141-immeubles-sous-arrete-de-peril-depuis-janvier-la-tension-sur-le-relogement-persiste","status":"publish","type":"post","link":"https:\/\/www.europesays.com\/fr\/294726\/","title":{"rendered":"141 immeubles sous arr\u00eat\u00e9 de p\u00e9ril depuis janvier, la tension sur le relogement persiste"},"content":{"rendered":"\n<p>Les sept premiers mois de 2025 ont \u00e9t\u00e9 marqu\u00e9s par un nombre \u00e9lev\u00e9 d\u2019arr\u00eat\u00e9s de p\u00e9ril \u00e0 Marseille. 141\u00a0immeubles ont \u00e9t\u00e9 l\u2019objet d\u2019un arr\u00eat\u00e9 de mise en s\u00e9curit\u00e9 dont 79 en proc\u00e9dure urgente avec des \u00e9vacuations partielles ou totales trait\u00e9es par la Direction de la protection des populations et de la gestion des risques (DPPGR). Dans le m\u00eame temps, 156\u00a0mainlev\u00e9es ou abrogations d\u2019arr\u00eat\u00e9 ont cl\u00f4tur\u00e9 les proc\u00e9dures sur attestations v\u00e9rifi\u00e9es de travaux r\u00e9alis\u00e9s. En 2024, 400\u00a0immeubles ont \u00e9t\u00e9 mis en p\u00e9ril dont 130 en urgence.<\/p>\n<p>Courant juillet, 17 nouvelles adresses ont \u00e9t\u00e9 mises en p\u00e9ril dont 6 en urgence et 30 mainlev\u00e9es ont \u00e9t\u00e9 prononc\u00e9es dont le fameux immeuble situ\u00e9 9 place de Rome \/ 1 rue Lafon qui \u00e9tait en p\u00e9ril grave et imminent depuis le 21\u00a0novembre 2018. Il a obtenu le 25\u00a0juillet la mainlev\u00e9e apr\u00e8s de tr\u00e8s lourds travaux structurels. Notre d\u00e9compte de juillet n\u2019int\u00e8gre pas les 69 adresses \u00e0 l\u2019Estaque (dont 45 maisons d\u00e9truites totalement ou en partie) qui sont frapp\u00e9es d\u2019une interdiction d\u2019occupation \u00e0 la suite de l\u2019incendie du 8 juillet.<\/p>\n<p>Des cas singuliers \u00e9mergent de la consultation des arr\u00eat\u00e9s de mise en s\u00e9curit\u00e9. Le 4 rue Jean Roque (1er) est de nouveau sous le coup d\u2019une proc\u00e9dure de mise en s\u00e9curit\u00e9 urgente depuis mai alors qu\u2019il \u00e9tait sorti de p\u00e9ril fin 2023. C\u2019est le cas aussi du 179 avenue Roger Salengro (3e) et du 30 boulevard Catrano (15e).<\/p>\n<p> Tension sur le relogement\n              <\/p>\n<p>Une centaine de signalements touchant \u00e0 la s\u00e9curit\u00e9 b\u00e2timentaire sont re\u00e7us tous les mois au standard t\u00e9l\u00e9phonique des marins-pompiers et d\u2019Allo Mairie, moindrement sur la plateforme Signal Logement. Ils mobilisent fortement les techniciens et architectes de la Division diagnostics et interventions de la Ville.<\/p>\n<p>Les \u00e9vacuations restent \u00e9lev\u00e9es sans atteindre le niveau de 2023 o\u00f9 1\u00a0170\u00a0personnes avaient \u00e9t\u00e9 \u00e9vacu\u00e9es de 150\u00a0immeubles. Le rythme reste soutenu en 2025 \u00e0 une dizaine d\u2019\u00e9vacuations d\u2019immeubles par mois, ce qui met \u00e0 rude \u00e9preuve le syst\u00e8me d\u00e9j\u00e0 tendu du relogement. En juin, la Ville d\u00e9clarait que depuis le drame de la rue d\u2019Aubagne, le 5\u00a0novembre 2018, 1\u00a0333\u00a0immeubles \u00e9taient sous proc\u00e9dure de mise en s\u00e9curit\u00e9 et 556 m\u00e9nages, soit 1\u00a0350\u00a0personnes, \u00e9taient h\u00e9berg\u00e9s par ses soins. En six ans et demi, plus de 1\u00a0000\u00a0immeubles ont \u00e9t\u00e9 \u00e9vacu\u00e9s et 7\u00a0200\u00a0personnes d\u00e9log\u00e9es.<\/p>\n<p>Pour g\u00e9rer ce flux de masse, la Ville s\u2019appuie sur son march\u00e9 d\u2019\u00ab\u00a0assistance au relogement et \u00e0 l\u2019accompagnement des m\u00e9nages \u00e9vacu\u00e9s de leur logement\u00a0\u00bb, pass\u00e9 avec Soliha Provence qui disposait en 2021 d\u2019environ 400\u00a0logements dans le parc social et priv\u00e9. Il appara\u00eet de plus en plus difficile de trouver dans des d\u00e9lais courts des relogements adapt\u00e9s \u00e0 la composition familiale. En 2023, jusqu\u2019\u00e0 1\u00a0350\u00a0personnes avaient d\u00fb \u00eatre temporairement h\u00e9berg\u00e9es. Aujourd\u2019hui encore, trois quarts sont pris en charge par Soliha et Adoma, le restant sont distribu\u00e9s en h\u00f4tels, chez des amis ou bien directement relog\u00e9s par leur propri\u00e9taire. Dans ce flux entrant-sortant, un tiers des d\u00e9log\u00e9s, nous dit-on, refusait de r\u00e9int\u00e9grer leur domicile apr\u00e8s mainlev\u00e9e du p\u00e9ril, les logements retrouv\u00e9s \u00e9tant souvent encore inhabitables.<\/p>\n","protected":false},"excerpt":{"rendered":"Les sept premiers mois de 2025 ont \u00e9t\u00e9 marqu\u00e9s par un nombre \u00e9lev\u00e9 d\u2019arr\u00eat\u00e9s de p\u00e9ril \u00e0 Marseille.&hellip;\n","protected":false},"author":2,"featured_media":294727,"comment_status":"","ping_status":"","sticky":false,"template":"","format":"standard","meta":{"footnotes":""},"categories":[2814],"tags":[1111,11,1777,674,1011,27,2861,884,12,882,25],"class_list":{"0":"post-294726","1":"post","2":"type-post","3":"status-publish","4":"format-standard","5":"has-post-thumbnail","7":"category-marseille","8":"tag-actu","9":"tag-actualites","10":"tag-eu","11":"tag-europe","12":"tag-fr","13":"tag-france","14":"tag-gestion","15":"tag-marseille","16":"tag-news","17":"tag-provence-alpes-cote-dazur","18":"tag-republique-francaise"},"share_on_mastodon":{"url":"https:\/\/pubeurope.com\/@fr\/114967916203467891","error":""},"_links":{"self":[{"href":"https:\/\/www.europesays.com\/fr\/wp-json\/wp\/v2\/posts\/294726","targetHints":{"allow":["GET"]}}],"collection":[{"href":"https:\/\/www.europesays.com\/fr\/wp-json\/wp\/v2\/posts"}],"about":[{"href":"https:\/\/www.europesays.com\/fr\/wp-json\/wp\/v2\/types\/post"}],"author":[{"embeddable":true,"href":"https:\/\/www.europesays.com\/fr\/wp-json\/wp\/v2\/users\/2"}],"replies":[{"embeddable":true,"href":"https:\/\/www.europesays.com\/fr\/wp-json\/wp\/v2\/comments?post=294726"}],"version-history":[{"count":0,"href":"https:\/\/www.europesays.com\/fr\/wp-json\/wp\/v2\/posts\/294726\/revisions"}],"wp:featuredmedia":[{"embeddable":true,"href":"https:\/\/www.europesays.com\/fr\/wp-json\/wp\/v2\/media\/294727"}],"wp:attachment":[{"href":"https:\/\/www.europesays.com\/fr\/wp-json\/wp\/v2\/media?parent=294726"}],"wp:term":[{"taxonomy":"category","embeddable":true,"href":"https:\/\/www.europesays.com\/fr\/wp-json\/wp\/v2\/categories?post=294726"},{"taxonomy":"post_tag","embeddable":true,"href":"https:\/\/www.europesays.com\/fr\/wp-json\/wp\/v2\/tags?post=294726"}],"curies":[{"name":"wp","href":"https:\/\/api.w.org\/{rel}","templated":true}]}}