{"id":294730,"date":"2025-08-04T01:34:20","date_gmt":"2025-08-04T01:34:20","guid":{"rendered":"https:\/\/www.europesays.com\/fr\/294730\/"},"modified":"2025-08-04T01:34:20","modified_gmt":"2025-08-04T01:34:20","slug":"boucs-poules-lapins-pres-de-lyon-dans-leur-maison-dhotes-ils-offrent-une-seconde-chance-aux-animaux-de-labo-2","status":"publish","type":"post","link":"https:\/\/www.europesays.com\/fr\/294730\/","title":{"rendered":"Boucs, poules, lapins\u2026 Pr\u00e8s de Lyon, dans leur maison d\u2019h\u00f4tes, ils offrent une seconde chance aux animaux de labo"},"content":{"rendered":"<p>Margareth la lapine, Slow le chien, Lucien et Gaston les boucs, et cinq poules rescap\u00e9es\u2026 Bienvenue \u00e0 La Lhuiseraie, une <a href=\"https:\/\/www.20minutes.fr\/dossier\/tourisme\" class=\"color-ultramarine c-link\" rel=\"nofollow noopener\" target=\"_blank\">maison et table d\u2019h\u00f4te<\/a>s <a href=\"https:\/\/www.20minutes.fr\/dossier\/vegetarien\" class=\"color-ultramarine c-link\" rel=\"nofollow noopener\" target=\"_blank\">v\u00e9g\u00e9tarienne<\/a> nich\u00e9e dans le Bas-Bugey, \u00e0 pr\u00e8s d\u2019une heure de <a href=\"https:\/\/www.20minutes.fr\/lyon\/\" class=\"color-ultramarine c-link\" rel=\"nofollow noopener\" target=\"_blank\">Lyon<\/a>. Avec Lucas, son compagnon, Alice l\u2019a ouvert il y a un an et demi, apr\u00e8s des mois de <a href=\"https:\/\/www.20minutes.fr\/dossier\/travaux\" class=\"color-ultramarine c-link\" rel=\"nofollow noopener\" target=\"_blank\">travaux<\/a> et une reconversion bien pens\u00e9e. Trois chambres, un g\u00eete\u2026 et des pensionnaires \u00e0 poils et \u00e0 plumes qui intriguent les visiteurs.<\/p>\n<p>Le projet d\u2019Alice et Lucas a m\u00fbri pendant un remplacement dans une maison d\u2019h\u00f4tes familiale en Ard\u00e8che. C\u2019est finalement \u00e0 Lhuis, au bord de la ViaRh\u00f4na, id\u00e9ale pour les amateurs de cyclotourisme, que les deux Lyonnais trouvent leur cocon. Depuis, ils proposent trois chambres, un g\u00eete, une table d\u2019h\u00f4tes v\u00e9g\u00e9tarienne, avec des produits locaux, des confitures maison et les \u0153ufs des poules. Mais ce qui rend La Lhuiseraie vraiment unique, ce sont ses habitants \u00e0 poils et \u00e0 plumes, tous recueillis avec soin.<\/p>\n<p>Une arche de No\u00e9<\/p>\n<p>Tout a commenc\u00e9 avec Margareth, une lapine blanche \u00ab\u00a0peureuse, mais adorable\u00a0\u00bb, sauv\u00e9e d\u2019un laboratoire via l\u2019association Graal. Puis sont arriv\u00e9es cinq poules pondeuses de 18 mois, issues d\u2019un \u00e9levage voisin, destin\u00e9es \u00e0 \u00eatre tu\u00e9es. \u00ab\u00a0Elles \u00e9taient dans un sale \u00e9tat, sans plumes\u2026 Aujourd\u2019hui, elles vivent leur meilleure vie dans le jardin\u00a0\u00bb, sourit Alice. Elles n\u2019ont pas de nom\u00a0: \u00ab\u00a0Elles se ressemblent trop\u00a0!\u00a0\u00bb.<\/p>\n<p>Lucien et Gaston, deux jeunes boucs (le premier blanc, le second marron), ont \u00e9t\u00e9 adopt\u00e9s \u00e0 la naissance dans une ferme qui ne gardait pas les m\u00e2les. \u00ab\u00a0J\u2019ai toujours r\u00eav\u00e9 d\u2019avoir une ch\u00e8vre. On les a biberonn\u00e9s, soign\u00e9s, et on a construit un parc pour eux dans notre garage\u00a0\u00bb, s\u2019\u00e9meut la jeune femme.<\/p>\n<p>Nostalgique, elle se souvient\u00a0: \u00ab\u00a0Ils passaient leur temps \u00e0 essayer de s\u2019en enfuir. Une nuit, on a entendu du bruit\u2026 et on a vu leurs grandes oreilles devant la cam\u00e9ra de surveillance. Ils avaient saut\u00e9 par-dessus la barri\u00e8re.\u00a0\u00bb Autre anecdote\u00a0: leur chien Slow, un crois\u00e9 berger des Pyr\u00e9n\u00e9es, se prenait pour leur maman et les l\u00e9chait pour les nettoyer. Et ce n\u2019est pas le seul \u00e0 en prendre soin. \u00ab\u00a0Des h\u00f4tes en s\u00e9jour chez nous ont m\u00eame eu la chance de leur donner le biberon\u00a0\u00bb, glisse Alice.<\/p>\n<p>Du temps, de l\u2019attention, des soins<\/p>\n<p>C\u2019est via l\u2019association <a href=\"https:\/\/www.facebook.com\/p\/Sanctuaire-du-FUTUR-61557562328488\/?locale=fr_FR\" target=\"_blank\" class=\"color-ultramarine c-link\" rel=\"nofollow noopener\">Le Sanctuaire du futur<\/a>, un r\u00e9seau d\u2019entraide entre particuliers, que le couple a d\u00e9couvert ce type d\u2019accueil solidaire. \u00ab\u00a0Elle aide des foyers \u00e0 adopter des animaux d\u2019\u00e9levage, en facilitant les soins et l\u2019acc\u00e8s aux v\u00e9t\u00e9rinaires\u00a0\u00bb, explique la Lyonnaise. Chaque foyer adh\u00e8re au r\u00e9seau, \u00e9change conseils et coups de main dans des groupes de discussion.<\/p>\n<p>Pour Alice et Lucas, le but\u202fc\u2019est de sensibiliser petits et grands aux sorts des animaux, sans jugement. \u00ab\u00a0On explique volontiers aux visiteurs ce qu\u2019est une poule de r\u00e9forme ou un lapin de laboratoire, mais toujours dans un \u00e9change bienveillant.\u00a0\u00bb<\/p>\n<\/p>\n<p>Pas question pour autant d\u2019agrandir ind\u00e9finiment la m\u00e9nagerie. \u00ab\u00a0On pr\u00e9f\u00e8re se concentrer sur ceux qu\u2019on a. Ils demandent du temps, de l\u2019attention, des soins\u00a0\u00bb, reconna\u00eet Alice. L\u2019\u00e9t\u00e9 dernier, Gaston, le bouc marron, a eu un gros coup de chaud pendant la canicule. \u00ab\u00a0Il ne marchait plus, on a vraiment eu peur. Heureusement, on est bien entour\u00e9s.\u00a0\u00bb<\/p>\n","protected":false},"excerpt":{"rendered":"Margareth la lapine, Slow le chien, Lucien et Gaston les boucs, et cinq poules rescap\u00e9es\u2026 Bienvenue \u00e0 La&hellip;\n","protected":false},"author":2,"featured_media":294731,"comment_status":"","ping_status":"","sticky":false,"template":"","format":"standard","meta":{"footnotes":""},"categories":[1889],"tags":[1111,47,11,1867,2430,1777,674,9095,1011,27,2428,12,293,25,2429,2431,104,602],"class_list":{"0":"post-294730","1":"post","2":"type-post","3":"status-publish","4":"format-standard","5":"has-post-thumbnail","7":"category-lyon","8":"tag-actu","9":"tag-actualite","10":"tag-actualites","11":"tag-animaux","12":"tag-auvergne-rhone-alpes","13":"tag-eu","14":"tag-europe","15":"tag-ferme","16":"tag-fr","17":"tag-france","18":"tag-lyon","19":"tag-news","20":"tag-nuit","21":"tag-republique-francaise","22":"tag-rhone","23":"tag-rhone-alpes","24":"tag-societe","25":"tag-tourisme"},"share_on_mastodon":{"url":"","error":""},"_links":{"self":[{"href":"https:\/\/www.europesays.com\/fr\/wp-json\/wp\/v2\/posts\/294730","targetHints":{"allow":["GET"]}}],"collection":[{"href":"https:\/\/www.europesays.com\/fr\/wp-json\/wp\/v2\/posts"}],"about":[{"href":"https:\/\/www.europesays.com\/fr\/wp-json\/wp\/v2\/types\/post"}],"author":[{"embeddable":true,"href":"https:\/\/www.europesays.com\/fr\/wp-json\/wp\/v2\/users\/2"}],"replies":[{"embeddable":true,"href":"https:\/\/www.europesays.com\/fr\/wp-json\/wp\/v2\/comments?post=294730"}],"version-history":[{"count":0,"href":"https:\/\/www.europesays.com\/fr\/wp-json\/wp\/v2\/posts\/294730\/revisions"}],"wp:featuredmedia":[{"embeddable":true,"href":"https:\/\/www.europesays.com\/fr\/wp-json\/wp\/v2\/media\/294731"}],"wp:attachment":[{"href":"https:\/\/www.europesays.com\/fr\/wp-json\/wp\/v2\/media?parent=294730"}],"wp:term":[{"taxonomy":"category","embeddable":true,"href":"https:\/\/www.europesays.com\/fr\/wp-json\/wp\/v2\/categories?post=294730"},{"taxonomy":"post_tag","embeddable":true,"href":"https:\/\/www.europesays.com\/fr\/wp-json\/wp\/v2\/tags?post=294730"}],"curies":[{"name":"wp","href":"https:\/\/api.w.org\/{rel}","templated":true}]}}