{"id":294732,"date":"2025-08-04T01:37:11","date_gmt":"2025-08-04T01:37:11","guid":{"rendered":"https:\/\/www.europesays.com\/fr\/294732\/"},"modified":"2025-08-04T01:37:11","modified_gmt":"2025-08-04T01:37:11","slug":"le-charentais-renaud-lavillenie-decroche-son-onzieme-titre-de-champion-de-france-de-saut-a-la-perche","status":"publish","type":"post","link":"https:\/\/www.europesays.com\/fr\/294732\/","title":{"rendered":"Le Charentais Renaud Lavillenie d\u00e9croche son onzi\u00e8me titre de champion de France de saut \u00e0 la perche"},"content":{"rendered":"<p class=\"article__intro\">\u00c0 38 ans, Renaud Lavillenie a remport\u00e9 ce dimanche \u00e0 Talence (Gironde) son premier titre de champion de France depuis 2020, en franchissant une barre \u00e0 5,82 m.<\/p>\n<p>\n      L\u2019actu des r\u00e9gions\n    <\/p>\n<p>\n      Chaque jour, un tour d\u2019horizon des principales infos de toutes les r\u00e9gions.\n    <\/p>\n<p>    France T\u00e9l\u00e9visions utilise votre adresse e-mail afin de vous envoyer la newsletter \u00ab\u00a0L\u2019actu des r\u00e9gions\u00a0\u00bb. Vous pouvez vous d\u00e9sinscrire \u00e0 tout moment via le lien en bas de cette newsletter. <a target=\"_blank\" href=\"https:\/\/www.francetelevisions.fr\/groupe\/confidentialite\/politique-de-confidentialite\/politique-de-confidentialite-de-france-televisions-6503\" rel=\"nofollow noopener\">Notre politique de confidentialit\u00e9<\/a><\/p>\n<p>Renaud Lavillenie, \u00e0 nouveau sacr\u00e9 champion de France ! \u00c0 38 ans, le Charentais d&rsquo;origine a franchi une barre \u00e0 5,82\u00a0m, ce dimanche \u00e0 Talence, en Gironde, remportant ainsi son premier titre  de champion de France depuis 2020, le 11e en plein air.<\/p>\n<p>\u00ab\u00a0\u00c7a fait du bien, les quelques derni\u00e8res ann\u00e9es ont \u00e9t\u00e9 turbulentes. C&rsquo;est une belle r\u00e9compense que je peux m&rsquo;offrir, \u00e7a fait du bien\u00a0\u00bb, a d\u00e9clar\u00e9 le champion sur les antennes de France T\u00e9l\u00e9visions.<\/p>\n<p>En comptant les titres plein air et en salle, l&rsquo;ancien recordman du monde (6,16 m) compte d\u00e9sormais 19 titres de champion de France.<\/p>\n<p>\u00c0 bient\u00f4t 39 ans, le v\u00e9t\u00e9ran n&rsquo;a eu besoin que de deux sauts pour \u00e9carter la concurrence: il a d\u00e9marr\u00e9 son concours \u00e0 5,65 m, quand le champion de France en titre Thibaut Collet a commenc\u00e9 le sien \u00e0 5,40 m.<\/p>\n<p><a data-article-figure=\"\" href=\"https:\/\/france3-regions.franceinfo.fr\/image\/M6-7yQYkjFiurAhjPVqXDQAaMTA\/4622x3081\/regions\/2025\/08\/03\/000-68mx3lq-688f99aa5ed7a933696529.jpg\" data-pswp-width=\"4622\" data-pswp-height=\"3081\" target=\"_blank\" rel=\"nofollow noopener\"><\/p>\n<p>          <img width=\"600\" height=\"400\" class=\"article-image lazy\" data-src=\"https:\/\/www.europesays.com\/fr\/wp-content\/uploads\/2025\/08\/000-68mx3lq-688f99aa5ed7a933696529.jpg\" alt=\"Aux championnats de France \u00e0 Talence, en Gironde, le Charentais Renaud Lavillenie a franchi une barre \u00e0 5,82 m, remportant son premier titre de champion de France depuis 2020, dimanche 3 ao\u00fbt 2025.\" fetchpriority=\"high\" as=\"image\"\/><\/p>\n<p>\n            Aux championnats de France \u00e0 Talence, en Gironde, le Charentais Renaud Lavillenie a franchi une barre \u00e0 5,82 m, remportant son premier titre de champion de France depuis 2020, dimanche 3 ao\u00fbt 2025.<br \/>\n                           \u2022<br \/>\n                                      \u00a9 ROMAIN PERROCHEAU \/ AFP\n                      <\/p>\n<p><\/a><\/p>\n<p>Apr\u00e8s avoir fait l&rsquo;impasse \u00e0 5,72 m, Lavillenie a lui pass\u00e9 5,82 d\u00e8s son premier essai, une hauteur qu&rsquo;il avait d\u00e9j\u00e0 franchie \u00e0 deux reprises cette saison.<\/p>\n<p>Le champion olympique 2012 a tent\u00e9 d&rsquo;am\u00e9liorer son meilleur saut de la saison avec une barre \u00e0 5,92 m, qu&rsquo;il n&rsquo;est pas parvenu \u00e0 passer.<\/p>\n<p>En franchissant cette barre \u00e0 5,82 m, Lavillenie atteint la barre des minima pour les Mondiaux \u00e0 Tokyo (13-21 septembre), son projet objectif.<\/p>\n","protected":false},"excerpt":{"rendered":"\u00c0 38 ans, Renaud Lavillenie a remport\u00e9 ce dimanche \u00e0 Talence (Gironde) son premier titre de champion de&hellip;\n","protected":false},"author":2,"featured_media":294733,"comment_status":"","ping_status":"","sticky":false,"template":"","format":"standard","meta":{"footnotes":""},"categories":[1888],"tags":[1111,1928,11,1927,1777,674,1011,27,12,1926,626,1925,25],"class_list":{"0":"post-294732","1":"post","2":"type-post","3":"status-publish","4":"format-standard","5":"has-post-thumbnail","7":"category-paris","8":"tag-actu","9":"tag-actu-paris","10":"tag-actualites","11":"tag-actualites-paris","12":"tag-eu","13":"tag-europe","14":"tag-fr","15":"tag-france","16":"tag-news","17":"tag-news-paris","18":"tag-paris","19":"tag-paris-news","20":"tag-republique-francaise"},"share_on_mastodon":{"url":"https:\/\/pubeurope.com\/@fr\/114967939845988735","error":""},"_links":{"self":[{"href":"https:\/\/www.europesays.com\/fr\/wp-json\/wp\/v2\/posts\/294732","targetHints":{"allow":["GET"]}}],"collection":[{"href":"https:\/\/www.europesays.com\/fr\/wp-json\/wp\/v2\/posts"}],"about":[{"href":"https:\/\/www.europesays.com\/fr\/wp-json\/wp\/v2\/types\/post"}],"author":[{"embeddable":true,"href":"https:\/\/www.europesays.com\/fr\/wp-json\/wp\/v2\/users\/2"}],"replies":[{"embeddable":true,"href":"https:\/\/www.europesays.com\/fr\/wp-json\/wp\/v2\/comments?post=294732"}],"version-history":[{"count":0,"href":"https:\/\/www.europesays.com\/fr\/wp-json\/wp\/v2\/posts\/294732\/revisions"}],"wp:featuredmedia":[{"embeddable":true,"href":"https:\/\/www.europesays.com\/fr\/wp-json\/wp\/v2\/media\/294733"}],"wp:attachment":[{"href":"https:\/\/www.europesays.com\/fr\/wp-json\/wp\/v2\/media?parent=294732"}],"wp:term":[{"taxonomy":"category","embeddable":true,"href":"https:\/\/www.europesays.com\/fr\/wp-json\/wp\/v2\/categories?post=294732"},{"taxonomy":"post_tag","embeddable":true,"href":"https:\/\/www.europesays.com\/fr\/wp-json\/wp\/v2\/tags?post=294732"}],"curies":[{"name":"wp","href":"https:\/\/api.w.org\/{rel}","templated":true}]}}