{"id":294734,"date":"2025-08-04T01:38:10","date_gmt":"2025-08-04T01:38:10","guid":{"rendered":"https:\/\/www.europesays.com\/fr\/294734\/"},"modified":"2025-08-04T01:38:10","modified_gmt":"2025-08-04T01:38:10","slug":"pour-david-kahn-francesco-tabellini-sera-lentraineur-de-lannee-en-euroleague","status":"publish","type":"post","link":"https:\/\/www.europesays.com\/fr\/294734\/","title":{"rendered":"Pour David Kahn, Francesco Tabellini sera \u00ab\u00a0l&rsquo;entra\u00eeneur de l&rsquo;ann\u00e9e en Euroleague\u00a0\u00bb"},"content":{"rendered":"<p>ITW Francesco Tabellini, nouveau coach du Paris Basketball : \u201cJe veux garder cette identit\u00e9\u201d<\/p>\n<p>Un nouveau sh\u00e9rif d\u00e9barque en ville mais il ne vient pas pour tout changer. L\u2019entra\u00eeneur italien Francesco Tabellini, influenc\u00e9 par l\u2019identit\u00e9 install\u00e9e par Tuomas Iisalo puis Tiago Splitter, a \u00e9t\u00e9 pr\u00e9sent\u00e9 \u00e0 la presse ce 4 juillet. Voici ses premiers mots en tant que coach du Paris Basketball.<\/p>\n","protected":false},"excerpt":{"rendered":"ITW Francesco Tabellini, nouveau coach du Paris Basketball : \u201cJe veux garder cette identit\u00e9\u201d Un nouveau sh\u00e9rif d\u00e9barque&hellip;\n","protected":false},"author":2,"featured_media":294735,"comment_status":"","ping_status":"","sticky":false,"template":"","format":"standard","meta":{"footnotes":""},"categories":[1888],"tags":[1111,1928,11,1927,1777,674,1011,27,12,1926,626,1925,25],"class_list":{"0":"post-294734","1":"post","2":"type-post","3":"status-publish","4":"format-standard","5":"has-post-thumbnail","7":"category-paris","8":"tag-actu","9":"tag-actu-paris","10":"tag-actualites","11":"tag-actualites-paris","12":"tag-eu","13":"tag-europe","14":"tag-fr","15":"tag-france","16":"tag-news","17":"tag-news-paris","18":"tag-paris","19":"tag-paris-news","20":"tag-republique-francaise"},"share_on_mastodon":{"url":"https:\/\/pubeurope.com\/@fr\/114967943813355079","error":""},"_links":{"self":[{"href":"https:\/\/www.europesays.com\/fr\/wp-json\/wp\/v2\/posts\/294734","targetHints":{"allow":["GET"]}}],"collection":[{"href":"https:\/\/www.europesays.com\/fr\/wp-json\/wp\/v2\/posts"}],"about":[{"href":"https:\/\/www.europesays.com\/fr\/wp-json\/wp\/v2\/types\/post"}],"author":[{"embeddable":true,"href":"https:\/\/www.europesays.com\/fr\/wp-json\/wp\/v2\/users\/2"}],"replies":[{"embeddable":true,"href":"https:\/\/www.europesays.com\/fr\/wp-json\/wp\/v2\/comments?post=294734"}],"version-history":[{"count":0,"href":"https:\/\/www.europesays.com\/fr\/wp-json\/wp\/v2\/posts\/294734\/revisions"}],"wp:featuredmedia":[{"embeddable":true,"href":"https:\/\/www.europesays.com\/fr\/wp-json\/wp\/v2\/media\/294735"}],"wp:attachment":[{"href":"https:\/\/www.europesays.com\/fr\/wp-json\/wp\/v2\/media?parent=294734"}],"wp:term":[{"taxonomy":"category","embeddable":true,"href":"https:\/\/www.europesays.com\/fr\/wp-json\/wp\/v2\/categories?post=294734"},{"taxonomy":"post_tag","embeddable":true,"href":"https:\/\/www.europesays.com\/fr\/wp-json\/wp\/v2\/tags?post=294734"}],"curies":[{"name":"wp","href":"https:\/\/api.w.org\/{rel}","templated":true}]}}