{"id":294761,"date":"2025-08-04T01:56:14","date_gmt":"2025-08-04T01:56:14","guid":{"rendered":"https:\/\/www.europesays.com\/fr\/294761\/"},"modified":"2025-08-04T01:56:14","modified_gmt":"2025-08-04T01:56:14","slug":"grand-prix-de-la-motogp-de-republique-tcheque-a-quelle-heure-et-sur-quelle-chaine-voir-la-course-en-direct","status":"publish","type":"post","link":"https:\/\/www.europesays.com\/fr\/294761\/","title":{"rendered":"Grand Prix\u2122 de la MotoGP\u2122 de R\u00e9publique Tch\u00e8que : \u00e0 quelle heure et sur quelle cha\u00eene voir la course en direct ?"},"content":{"rendered":"<p class=\"paragraph text_align_left lp-f-body-02\">Cette semaine, l\u2019Automotodrom Brno accueille l\u2019une des \u00e9tapes les plus importantes du calendrier de la MotoGP\u2122. Le circuit s\u2019\u00e9tend sur 5, 4 kilom\u00e8tres, et offre quatorze virages. La ligne droite de 636 m\u00e8tres permet aux pilotes de d\u00e9passer les 316 km\/h. Quant aux changements de d\u00e9nivel\u00e9s et aux encha\u00eenements rapides, ils mettent \u00e0 rude \u00e9preuve les machines et les participants. Pour le moment, c\u2019est le pilote Ducati Marc Marquez qui d\u00e9tient le record du circuit et la meilleure pole. Au classement, l\u2019Espagnol monte sur la premi\u00e8re marche du podium (344 points), devant Alex Marquez (261 points) et Francesco Bagnaia (197 points). Du c\u00f4t\u00e9 fran\u00e7ais, Johann Zarco et Fabio Quartararo occupent la septi\u00e8me et la dixi\u00e8me position. Les enjeux sont forts pour les coureurs tricolores, car ils ont l\u2019occasion de se rapprocher du top 5. Dans ces lignes, on vous dit \u00e0 quelle heure et <a href=\"https:\/\/bit.ly\/3PyYcNS\" target=\"_blank\" rel=\"sponsored nofollow noopener\">sur quelle cha\u00eene regarder le Grand Prix\u2122 de la MotoGP\u2122 de R\u00e9publique Tch\u00e8que, en direct ce dimanche apr\u00e8s-midi<\/a>.<\/p>\n<p><b>Grand Prix\u2122 de la MotoGP\u2122 de R\u00e9publique Tch\u00e8que en direct : sur quelle cha\u00eene regarder la course ?<\/b><\/p>\n<p class=\"paragraph text_align_left lp-f-body-02\"><b>Le Grand Prix\u2122 de la MotoGP\u2122 de R\u00e9publique Tch\u00e8que est diffus\u00e9 ce dimanche 20 juillet,<\/b><a href=\"https:\/\/bit.ly\/3PyYcNS\" target=\"_blank\" rel=\"sponsored nofollow noopener\"><b> en direct sur la cha\u00eene CANAL+<\/b><\/a>. Le coup d\u2019envoi de la rencontre est pr\u00e9vu \u00e0 14 heures, sur l\u2019Automotodrom Brno. D\u00e8s 13 heures 16, les experts de l\u2019\u00e9mission \u201cLa grille Moto\u201d vous plongent au c\u0153ur de l\u2019actualit\u00e9 de la discipline. Les commentateurs prennent ensuite le relais pour d\u00e9crypter les performances des pilotes et analyser les temps forts de la course. \u00c0 l\u2019issue du Grand Prix\u2122, vous assistez \u00e0 la remise des troph\u00e9es et au d\u00e9brief.<\/p>\n<p class=\"paragraph text_align_left lp-f-body-02\"><b>Cliquez ici pour <\/b><a href=\"https:\/\/bit.ly\/3PyYcNS\" target=\"_blank\" rel=\"sponsored nofollow noopener\"><b>regarder le Grand Prix\u2122 de la MotoGP\u2122 de R\u00e9publique Tch\u00e8que<\/b><\/a><\/p>\n","protected":false},"excerpt":{"rendered":"Cette semaine, l\u2019Automotodrom Brno accueille l\u2019une des \u00e9tapes les plus importantes du calendrier de la MotoGP\u2122. Le circuit&hellip;\n","protected":false},"author":2,"featured_media":294762,"comment_status":"","ping_status":"","sticky":false,"template":"","format":"standard","meta":{"footnotes":""},"categories":[1413],"tags":[10474,1011,27,43484,749,1457,1456,60,6718],"class_list":{"0":"post-294761","1":"post","2":"type-post","3":"status-publish","4":"format-standard","5":"has-post-thumbnail","7":"category-moto","8":"tag-canal","9":"tag-fr","10":"tag-france","11":"tag-grand-prix-de-la-motogp-de-republique-tcheque","12":"tag-guide-shopping","13":"tag-moto","14":"tag-motocycle","15":"tag-sports","16":"tag-tv-streaming"},"share_on_mastodon":{"url":"https:\/\/pubeurope.com\/@fr\/114968014626248177","error":""},"_links":{"self":[{"href":"https:\/\/www.europesays.com\/fr\/wp-json\/wp\/v2\/posts\/294761","targetHints":{"allow":["GET"]}}],"collection":[{"href":"https:\/\/www.europesays.com\/fr\/wp-json\/wp\/v2\/posts"}],"about":[{"href":"https:\/\/www.europesays.com\/fr\/wp-json\/wp\/v2\/types\/post"}],"author":[{"embeddable":true,"href":"https:\/\/www.europesays.com\/fr\/wp-json\/wp\/v2\/users\/2"}],"replies":[{"embeddable":true,"href":"https:\/\/www.europesays.com\/fr\/wp-json\/wp\/v2\/comments?post=294761"}],"version-history":[{"count":0,"href":"https:\/\/www.europesays.com\/fr\/wp-json\/wp\/v2\/posts\/294761\/revisions"}],"wp:featuredmedia":[{"embeddable":true,"href":"https:\/\/www.europesays.com\/fr\/wp-json\/wp\/v2\/media\/294762"}],"wp:attachment":[{"href":"https:\/\/www.europesays.com\/fr\/wp-json\/wp\/v2\/media?parent=294761"}],"wp:term":[{"taxonomy":"category","embeddable":true,"href":"https:\/\/www.europesays.com\/fr\/wp-json\/wp\/v2\/categories?post=294761"},{"taxonomy":"post_tag","embeddable":true,"href":"https:\/\/www.europesays.com\/fr\/wp-json\/wp\/v2\/tags?post=294761"}],"curies":[{"name":"wp","href":"https:\/\/api.w.org\/{rel}","templated":true}]}}