{"id":294768,"date":"2025-08-04T02:00:11","date_gmt":"2025-08-04T02:00:11","guid":{"rendered":"https:\/\/www.europesays.com\/fr\/294768\/"},"modified":"2025-08-04T02:00:11","modified_gmt":"2025-08-04T02:00:11","slug":"gerard-chaillou-liconique-jean-guy-lecointre-de-camera-cafe-sest-eteint-a-lage-de-79-ans","status":"publish","type":"post","link":"https:\/\/www.europesays.com\/fr\/294768\/","title":{"rendered":"G\u00e9rard Chaillou : l&rsquo;iconique \u00ab\u00a0Jean-Guy Lecointre\u00a0\u00bb de Cam\u00e9ra Caf\u00e9 s&rsquo;est \u00e9teint \u00e0 l&rsquo;\u00e2ge de 79 ans"},"content":{"rendered":"<p>      R\u00e9sum\u00e9<\/p>\n<p>G\u00e9rard Chaillou, figure famili\u00e8re du petit \u00e9cran, est mort \u00e0 l\u2019\u00e2ge de 79 ans. <\/p>\n<p>Il avait marqu\u00e9 les esprits dans le r\u00f4le de Jean-Guy Lecointre, le DRH placide de Cam\u00e9ra Caf\u00e9. <\/p>\n<p>        Sommaire<\/p>\n<p>Le petit monde du th\u00e9\u00e2tre et de la <a href=\"https:\/\/www.public.fr\/video-ingrid-chauvin-en-larmes-elle-evoque-le-deces-de-sa-fille-pour-la-premiere-fois-a-la-television\" rel=\"nofollow noopener\" target=\"_blank\">t\u00e9l\u00e9<\/a> vient de perdre une figure famili\u00e8re et attachante : G\u00e9rard Chaillou, <strong>inoubliable Jean-Guy Lecointre dans \u201cCam\u00e9ra Caf\u00e9\u201d, s\u2019est \u00e9teint \u00e0 79 ans<\/strong>. L\u2019acteur luttait depuis plusieurs ann\u00e9es contre une maladie dont les d\u00e9tails n\u2019ont pas encore \u00e9t\u00e9 rendus publics.<\/p>\n<p>Durant plusieurs d\u00e9cennies, G\u00e9rard Chaillou a construit une carri\u00e8re sans bruit, mais avec passion. Du <a href=\"https:\/\/www.public.fr\/will-smith-il-met-le-feu-au-theatre-antique-dorange\" rel=\"nofollow noopener\" target=\"_blank\">th\u00e9\u00e2tre classique<\/a> aux productions populaires, il a travers\u00e9 les \u00e9poques. Mais c\u2019est \u00e9videmment le<strong> r\u00f4le du DRH placide, parfois d\u00e9pass\u00e9, parfois complice, dans \u201cCam\u00e9ra Caf\u00e9\u201d qui a marqu\u00e9 les esprits<\/strong>. Dans cette s\u00e9rie culte du d\u00e9but des ann\u00e9es 2000, il formait un trio savoureux avec Bruno Solo et Yvan Le Bolloc\u2019h.<\/p>\n<p>G\u00e9rard Chaillou, un acteur fid\u00e8le, de l\u2019ombre \u00e0 la lumi\u00e8re<\/p>\n<p>Tout au long de sa carri\u00e8re, ce com\u00e9dien prolifique a multipli\u00e9 les apparitions aussi bien sur le grand que sur le petit \u00e9cran. Il<strong> a pr\u00eat\u00e9 son talent \u00e0 de nombreuses s\u00e9ries populaires du paysage audiovisuel fran\u00e7ais<\/strong>\u2026 Parmi lesquelles plusieurs fictions polici\u00e8res et com\u00e9dies familiales devenues cultes.<\/p>\n<p>Au cin\u00e9ma, il a travaill\u00e9 sous la direction de r\u00e9alisateurs reconnus, oscillant entre films historiques et com\u00e9dies contemporaines. L\u2019un de ses derniers r\u00f4les marquants <strong>l\u2019a vu incarner celui de Monsieur Coponet dans Que notre joie demeure <\/strong>de <a href=\"https:\/\/fr.wikipedia.org\/wiki\/Cheyenne_Carron\" rel=\"nofollow noopener\" target=\"_blank\">Cheyenne Carron<\/a>. \u00c0 la t\u00e9l\u00e9vision, on l\u2019a revu plus r\u00e9cemment dans la s\u00e9rie \u00e0 succ\u00e8s Sc\u00e8nes de m\u00e9nages, sur M6.<\/p>\n<p>Un au revoir sinc\u00e8re pour un acteur populaire<\/p>\n<p>La disparition de G\u00e9rard Chaillou a \u00e9t\u00e9 salu\u00e9e avec respect dans le milieu artistique. Sans cr\u00e9er de remous m\u00e9diatiques\u2026 Elle <strong>a donn\u00e9 lieu \u00e0 plusieurs hommages de confr\u00e8res et de fans<\/strong>, notamment pour son r\u00f4le dans Cam\u00e9ra Caf\u00e9. Son interpr\u00e9tation de Jean-Guy Lecointre reste embl\u00e9matique de cette s\u00e9rie.<\/p>\n<p>G\u00e9rard Chaillou laisse derri\u00e8re lui une filmographie dense et un souvenir durable aupr\u00e8s du public. Discret, mais constant, il <strong>a travers\u00e9 des d\u00e9cennies de t\u00e9l\u00e9vision et de cin\u00e9ma fran\u00e7ais avec sobri\u00e9t\u00e9<\/strong>. Son parcours illustre la force tranquille des <a href=\"https:\/\/fr.wikipedia.org\/wiki\/G%C3%A9rard_Chaillou\" rel=\"nofollow noopener\" target=\"_blank\">seconds r\u00f4les<\/a> bien incarn\u00e9s. Une carri\u00e8re sans \u00e9clats tapageurs, mais avec une vraie empreinte.<\/p>\n<blockquote class=\"twitter-tweet\">\n<p><a href=\"https:\/\/twitter.com\/hashtag\/hommage?src=hash&amp;ref_src=twsrc%5Etfw\" rel=\"nofollow noopener\" target=\"_blank\">#hommage<\/a> <br \/>C\u2019est avec tristesse que nous avons appris le d\u00e9c\u00e8s du com\u00e9dien G\u00e9rard Chaillou, connu entre autres pour le r\u00f4le de Jean-Guy Lecointre, DRH de la s\u00e9rie Cam\u00e9ra Caf\u00e9 et jou\u00e9 \u00e9galement dans Sc\u00e8nes de M\u00e9nages.<a href=\"https:\/\/twitter.com\/M6?ref_src=twsrc%5Etfw\" rel=\"nofollow noopener\" target=\"_blank\">@M6<\/a> adresse toutes ses pens\u00e9es \u00e0 sa famille, \u00e0 ses proches \ud83d\udd4a\ufe0f <a href=\"https:\/\/t.co\/1pzWIb5Nmi\" rel=\"nofollow\">pic.twitter.com\/1pzWIb5Nmi<\/a><\/p>\n<p>\u2014 M6Pro (@M6pro) <a href=\"https:\/\/twitter.com\/M6pro\/status\/1952076983950885198?ref_src=twsrc%5Etfw\" rel=\"nofollow noopener\" target=\"_blank\">August 3, 2025<\/a><\/p><\/blockquote>\n<p>      Mentionn\u00e9s dans cet article<\/p>\n<p>  <script async src=\"https:\/\/platform.twitter.com\/widgets.js\" charset=\"utf-8\"><\/script><\/p>\n","protected":false},"excerpt":{"rendered":"R\u00e9sum\u00e9 G\u00e9rard Chaillou, figure famili\u00e8re du petit \u00e9cran, est mort \u00e0 l\u2019\u00e2ge de 79 ans. Il avait marqu\u00e9&hellip;\n","protected":false},"author":2,"featured_media":294769,"comment_status":"","ping_status":"","sticky":false,"template":"","format":"standard","meta":{"footnotes":""},"categories":[1359],"tags":[43485,25148,58,59,40039,1011,27,43486,18,973,43487],"class_list":{"0":"post-294768","1":"post","2":"type-post","3":"status-publish","4":"format-standard","5":"has-post-thumbnail","7":"category-people","8":"tag-bruno-solo","9":"tag-camera-cafe","10":"tag-divertissement","11":"tag-entertainment","12":"tag-feuilleton-televise","13":"tag-fr","14":"tag-france","15":"tag-gerard-chaillou","16":"tag-mort","17":"tag-people","18":"tag-yvan-le-bolloch"},"share_on_mastodon":{"url":"https:\/\/pubeurope.com\/@fr\/114968030264912093","error":""},"_links":{"self":[{"href":"https:\/\/www.europesays.com\/fr\/wp-json\/wp\/v2\/posts\/294768","targetHints":{"allow":["GET"]}}],"collection":[{"href":"https:\/\/www.europesays.com\/fr\/wp-json\/wp\/v2\/posts"}],"about":[{"href":"https:\/\/www.europesays.com\/fr\/wp-json\/wp\/v2\/types\/post"}],"author":[{"embeddable":true,"href":"https:\/\/www.europesays.com\/fr\/wp-json\/wp\/v2\/users\/2"}],"replies":[{"embeddable":true,"href":"https:\/\/www.europesays.com\/fr\/wp-json\/wp\/v2\/comments?post=294768"}],"version-history":[{"count":0,"href":"https:\/\/www.europesays.com\/fr\/wp-json\/wp\/v2\/posts\/294768\/revisions"}],"wp:featuredmedia":[{"embeddable":true,"href":"https:\/\/www.europesays.com\/fr\/wp-json\/wp\/v2\/media\/294769"}],"wp:attachment":[{"href":"https:\/\/www.europesays.com\/fr\/wp-json\/wp\/v2\/media?parent=294768"}],"wp:term":[{"taxonomy":"category","embeddable":true,"href":"https:\/\/www.europesays.com\/fr\/wp-json\/wp\/v2\/categories?post=294768"},{"taxonomy":"post_tag","embeddable":true,"href":"https:\/\/www.europesays.com\/fr\/wp-json\/wp\/v2\/tags?post=294768"}],"curies":[{"name":"wp","href":"https:\/\/api.w.org\/{rel}","templated":true}]}}