{"id":294770,"date":"2025-08-04T02:02:12","date_gmt":"2025-08-04T02:02:12","guid":{"rendered":"https:\/\/www.europesays.com\/fr\/294770\/"},"modified":"2025-08-04T02:02:12","modified_gmt":"2025-08-04T02:02:12","slug":"a-louvigne-de-bais-la-bibliotheque-rouvrira-le-20-aout","status":"publish","type":"post","link":"https:\/\/www.europesays.com\/fr\/294770\/","title":{"rendered":"\u00c0 Louvign\u00e9-de-Bais, la biblioth\u00e8que rouvrira le 20\u00a0ao\u00fbt"},"content":{"rendered":"<p>\u00ab\u00a0<strong>La biblioth\u00e8que ferme vendredi 1er ao\u00fbt et rouvrira le 20\u00a0ao\u00fbt<\/strong>\u00a0\u00bb, informe Christ\u00e8le Perrier, biblioth\u00e9caire \u00e0 <a href=\"https:\/\/vitre.maville.com\/bretagne\/ille-et-vilaine\/louvigne-de-bais\/\" target=\"_blank\" rel=\"noopener\">Louvign\u00e9-de-Bais<\/a> (<a href=\"https:\/\/www.ouest-france.fr\/bretagne\/ille-et-vilaine\/\" target=\"_blank\" rel=\"noopener\">Ille-et-Vilaine<\/a>). Jeudi 31\u00a0juillet 2025, elle animait\u00a0deux ateliers pour les enfants de l\u2019accueil de loisirs\u00a0: un temps de lecture pour les plus jeunes et des jeux vid\u00e9o pour les plus grands. Des activit\u00e9s qui ont lieu \u00e0 chaque vacances scolaires. Christ\u00e8le Perrier est assist\u00e9e par onze b\u00e9n\u00e9voles, qui assurent les permanences, participent aux animations et assurent la logistique dont la couverture des documents.<\/p>\n<p>En fonds propre, la biblioth\u00e8que a environ 6\u00a0700\u00a0documents, \u00a0<strong>financ\u00e9s par la municipalit\u00e9<\/strong>\u00a0 et environ 800\u00a0ouvrages de la biblioth\u00e8que d\u00e9partementale. Durant l\u2019ann\u00e9e scolaire, des ateliers sont propos\u00e9s aux \u00e9coles et Fanny Corb\u00e9, intervenante anime un jeudi par mois, un atelier intitul\u00e9\u00a0: Tapis lecture pour les\u00a0enfants de z\u00e9ro \u00e0 trois ans, \u00a0<strong>une animation ouverte aux parents et assistantes maternelles<\/strong>\u00a0\u00bb.<\/p>\n<p><strong>Lire aussi :<\/strong>\u00a0<a href=\"https:\/\/vitre.maville.com\/actu\/actudet_-magazine-nouveau-site-internet-les-nouveautes-du-reseau-arleane-dans-le-pays-de-vitre-_7-6670688_actu.Htm\" target=\"_blank\" rel=\"noopener\">Magazine, nouveau site Internet : les nouveaut\u00e9s du r\u00e9seau Arl\u00e9ane dans le pays de Vitr\u00e9<\/a><\/p>\n<p>300\u00a0emprunteurs actifs<\/p>\n<p>En 2024, 300\u00a0emprunteurs actifs fr\u00e9quentaient la biblioth\u00e8que, soit pour moiti\u00e9 des jeunes de z\u00e9ro \u00e0 14\u00a0ans et l\u2019autre moiti\u00e9 des plus de 15\u00a0ans. Les jeunes empruntent essentiellement des bandes dessin\u00e9es\u00a0: les l\u00e9gendaires, les carnets de Cerise, Mortelle Ad\u00e8le, entre autres, et des mangas. Pour les plus petits, ce sont les albums jeunesse. \u00a0<strong>Ils appr\u00e9cient beaucoup les livres avec des loupes pour explorer<\/strong>\u00a0. Les romans sont plut\u00f4t pris\u00e9s des adultes dont certains auteurs\u00a0: Rapha\u00eblle Giordano, Aur\u00e9lie Valogne, Agn\u00e8s Ledig ou encore Agn\u00e8s Martin-Lugand, sans oublier les policiers. On peut \u00e9galement emprunter des CD et des DVD.<\/p>\n<p>L\u2019\u00e9quipe participe \u00e0 des temps forts\u00a0: le Mois du multim\u00e9dia Instagram et actuellement, et ce jusqu\u2019au 1er\u00a0septembre, les lecteurs peuvent voter pour le livre de la s\u00e9lection propos\u00e9e par la biblioth\u00e8que de <a href=\"https:\/\/vitre.maville.com\/bretagne\/ille-et-vilaine\/mondevert\/\" target=\"_blank\" rel=\"noopener\">Mondevert<\/a> qui organise la 9e \u00e9dition du Prix Monde Vert, le prix de romans et r\u00e9cits de vie de litt\u00e9rature contemporaine d\u00e9cern\u00e9 par les habitants du pays de Vitr\u00e9.<\/p>\n<p>Les livres ont \u00e9t\u00e9 s\u00e9lectionn\u00e9s par l\u2019\u00e9quipe salari\u00e9e et b\u00e9n\u00e9vole de la biblioth\u00e8que de Mondevert. Une s\u00e9lection qui comprend sept \u0153uvres parues en 2024. \u00a0L <strong>es lecteurs doivent lire au moins trois romans<\/strong>\u00a0. Les livres sont disponibles depuis le mois de mars dans la biblioth\u00e8que ainsi que les bulletins de vote.<\/p>\n<p><strong>Biblioth\u00e8que de Louvign\u00e9-de-Bais<\/strong>, 18,\u00a0rue Anne de Bretagne est ouverte au public le mercredi, de 14\u00a0h\u00a030 \u00e0 17\u00a0h\u00a030\u00a0; le vendredi, de 15\u00a0h\u00a030 \u00e0 18\u00a0h\u00a030, et le samedi, de 10\u00a0h \u00e0 13\u00a0h. T\u00e9l.02\u00a030\u00a009\u00a009\u00a025.<\/p>\n<p>\u00a0<\/p>\n","protected":false},"excerpt":{"rendered":"\u00ab\u00a0La biblioth\u00e8que ferme vendredi 1er ao\u00fbt et rouvrira le 20\u00a0ao\u00fbt\u00a0\u00bb, informe Christ\u00e8le Perrier, biblioth\u00e9caire \u00e0 Louvign\u00e9-de-Bais (Ille-et-Vilaine). Jeudi&hellip;\n","protected":false},"author":2,"featured_media":294771,"comment_status":"","ping_status":"","sticky":false,"template":"","format":"standard","meta":{"footnotes":""},"categories":[1357],"tags":[4307,2863,7702,1379,58,59,1011,27,1380,43488,584,43489],"class_list":{"0":"post-294770","1":"post","2":"type-post","3":"status-publish","4":"format-standard","5":"has-post-thumbnail","7":"category-livres","8":"tag-4307","9":"tag-aout","10":"tag-bibliotheque","11":"tag-books","12":"tag-divertissement","13":"tag-entertainment","14":"tag-fr","15":"tag-france","16":"tag-livres","17":"tag-louvigne-de-bais","18":"tag-rennes","19":"tag-rouvrira"},"share_on_mastodon":{"url":"https:\/\/pubeurope.com\/@fr\/114968038289528497","error":""},"_links":{"self":[{"href":"https:\/\/www.europesays.com\/fr\/wp-json\/wp\/v2\/posts\/294770","targetHints":{"allow":["GET"]}}],"collection":[{"href":"https:\/\/www.europesays.com\/fr\/wp-json\/wp\/v2\/posts"}],"about":[{"href":"https:\/\/www.europesays.com\/fr\/wp-json\/wp\/v2\/types\/post"}],"author":[{"embeddable":true,"href":"https:\/\/www.europesays.com\/fr\/wp-json\/wp\/v2\/users\/2"}],"replies":[{"embeddable":true,"href":"https:\/\/www.europesays.com\/fr\/wp-json\/wp\/v2\/comments?post=294770"}],"version-history":[{"count":0,"href":"https:\/\/www.europesays.com\/fr\/wp-json\/wp\/v2\/posts\/294770\/revisions"}],"wp:featuredmedia":[{"embeddable":true,"href":"https:\/\/www.europesays.com\/fr\/wp-json\/wp\/v2\/media\/294771"}],"wp:attachment":[{"href":"https:\/\/www.europesays.com\/fr\/wp-json\/wp\/v2\/media?parent=294770"}],"wp:term":[{"taxonomy":"category","embeddable":true,"href":"https:\/\/www.europesays.com\/fr\/wp-json\/wp\/v2\/categories?post=294770"},{"taxonomy":"post_tag","embeddable":true,"href":"https:\/\/www.europesays.com\/fr\/wp-json\/wp\/v2\/tags?post=294770"}],"curies":[{"name":"wp","href":"https:\/\/api.w.org\/{rel}","templated":true}]}}