{"id":294774,"date":"2025-08-04T02:04:16","date_gmt":"2025-08-04T02:04:16","guid":{"rendered":"https:\/\/www.europesays.com\/fr\/294774\/"},"modified":"2025-08-04T02:04:16","modified_gmt":"2025-08-04T02:04:16","slug":"les-organisateurs-reagissent-a-lannulation-dattila","status":"publish","type":"post","link":"https:\/\/www.europesays.com\/fr\/294774\/","title":{"rendered":"les organisateurs r\u00e9agissent \u00e0 l\u2019annulation d\u2019Attila"},"content":{"rendered":"<p><strong>Apr\u00e8s avoir annul\u00e9 sa tourn\u00e9e europ\u00e9enne \u00e0 la derni\u00e8re minute, <a href=\"https:\/\/www.metalzone.fr\/attila\/\" rel=\"nofollow noopener\" target=\"_blank\">Attila<\/a> livre enfin plus de d\u00e9tails sur les raisons de cette d\u00e9cision, tandis que les entreprises partenaires donnent leur version des faits.<\/strong><\/p>\n<p>Le groupe invoque un contexte \u201cdangereux\u201d et un manque de professionnalisme<\/p>\n<p>Le 1er ao\u00fbt, Attila annon\u00e7ait brutalement l\u2019annulation de sa tourn\u00e9e europ\u00e9enne peu apr\u00e8s son arriv\u00e9e sur le continent. Le groupe \u00e9voquait alors des \u201climites professionnelles\u201d franchies, sans plus de pr\u00e9cisions. Dans un nouveau communiqu\u00e9, les musiciens pr\u00e9cisent avoir pris cette d\u00e9cision \u00e0 cause du comportement d\u2019un membre de leur \u00e9quipe, jug\u00e9 \u201cdangereux\u201d pour les autres. Ils affirment que leur priorit\u00e9 reste la s\u00e9curit\u00e9 de chacun, m\u00eame si cela implique de d\u00e9cevoir leur public.<\/p>\n<p>Chris Fronzak a pr\u00e9cis\u00e9 sur les r\u00e9seaux sociaux\u00a0: \u201cIl n\u2019y a ni drame ni secret. Nous sommes des professionnels, nous sommes venus avec tout notre mat\u00e9riel et notre \u00e9quipe. Mais nous avons \u00e9t\u00e9 confront\u00e9s \u00e0 une extr\u00eame incomp\u00e9tence de la part d\u2019une entreprise. On ne va pas sacrifier notre sant\u00e9 mentale \u00e0 cause d\u2019une erreur monumentale. Point.\u201d<\/p>\n<p>Le groupe pr\u00e9cise qu\u2019il retourne \u00e0 Atlanta pour poursuivre l\u2019enregistrement de son prochain album, et promet de revenir en Europe. Pour m\u00e9moire, l\u2019annonce initiale avait d\u00e9j\u00e0 fait r\u00e9agir de nombreux fans, comme expliqu\u00e9 <a href=\"https:\/\/www.metalzone.fr\/news\/218509-attila-annule-tournee-europeenne-derniere-minute\/\" target=\"_blank\" rel=\"noopener nofollow\">dans cet article<\/a>.<\/p>\n<p>Les promoteurs se d\u00e9fendent et d\u00e9noncent un manque de communication<\/p>\n<p>Suite \u00e0 la pol\u00e9mique, l\u2019agence Loud Farm Booking a publi\u00e9 sa propre d\u00e9claration. Selon elle, Attila aurait coup\u00e9 tout contact avec les \u00e9quipes locales apr\u00e8s avoir atterri \u00e0 Berlin. Le bus de tourn\u00e9e les attendait, mais le groupe aurait annul\u00e9 sans pr\u00e9avis ni discussion.<\/p>\n<p>Dans un email adress\u00e9 \u00e0 un partenaire, l\u2019agence pr\u00e9cise\u00a0: \u201cLe fournisseur de bus avait propos\u00e9 une solution viable. Cependant, le groupe a d\u00e9cid\u00e9 unilat\u00e9ralement d\u2019annuler, sans consulter personne. Ni leur manager, ni nous.\u201d<\/p>\n<p>Loud Farm a d\u00e9clar\u00e9 qu\u2019il s\u2019agissait d\u2019une \u201cd\u00e9cision malheureuse\u201d prise \u201csans raison apparente\u201d, tout en pr\u00e9sentant ses excuses aux fans. En l\u2019absence d\u2019autre solution, les organisateurs ont propos\u00e9 une r\u00e9duction sur les billets pour un autre \u00e9v\u00e9nement afin d\u2019essayer d\u2019att\u00e9nuer la d\u00e9ception.<\/p>\n","protected":false},"excerpt":{"rendered":"Apr\u00e8s avoir annul\u00e9 sa tourn\u00e9e europ\u00e9enne \u00e0 la derni\u00e8re minute, Attila livre enfin plus de d\u00e9tails sur les&hellip;\n","protected":false},"author":2,"featured_media":291261,"comment_status":"","ping_status":"","sticky":false,"template":"","format":"standard","meta":{"footnotes":""},"categories":[1355],"tags":[58,59,1011,27,1361,873],"class_list":{"0":"post-294774","1":"post","2":"type-post","3":"status-publish","4":"format-standard","5":"has-post-thumbnail","7":"category-musique","8":"tag-divertissement","9":"tag-entertainment","10":"tag-fr","11":"tag-france","12":"tag-music","13":"tag-musique"},"share_on_mastodon":{"url":"https:\/\/pubeurope.com\/@fr\/114968046110750781","error":""},"_links":{"self":[{"href":"https:\/\/www.europesays.com\/fr\/wp-json\/wp\/v2\/posts\/294774","targetHints":{"allow":["GET"]}}],"collection":[{"href":"https:\/\/www.europesays.com\/fr\/wp-json\/wp\/v2\/posts"}],"about":[{"href":"https:\/\/www.europesays.com\/fr\/wp-json\/wp\/v2\/types\/post"}],"author":[{"embeddable":true,"href":"https:\/\/www.europesays.com\/fr\/wp-json\/wp\/v2\/users\/2"}],"replies":[{"embeddable":true,"href":"https:\/\/www.europesays.com\/fr\/wp-json\/wp\/v2\/comments?post=294774"}],"version-history":[{"count":0,"href":"https:\/\/www.europesays.com\/fr\/wp-json\/wp\/v2\/posts\/294774\/revisions"}],"wp:featuredmedia":[{"embeddable":true,"href":"https:\/\/www.europesays.com\/fr\/wp-json\/wp\/v2\/media\/291261"}],"wp:attachment":[{"href":"https:\/\/www.europesays.com\/fr\/wp-json\/wp\/v2\/media?parent=294774"}],"wp:term":[{"taxonomy":"category","embeddable":true,"href":"https:\/\/www.europesays.com\/fr\/wp-json\/wp\/v2\/categories?post=294774"},{"taxonomy":"post_tag","embeddable":true,"href":"https:\/\/www.europesays.com\/fr\/wp-json\/wp\/v2\/tags?post=294774"}],"curies":[{"name":"wp","href":"https:\/\/api.w.org\/{rel}","templated":true}]}}