{"id":294777,"date":"2025-08-04T02:06:17","date_gmt":"2025-08-04T02:06:17","guid":{"rendered":"https:\/\/www.europesays.com\/fr\/294777\/"},"modified":"2025-08-04T02:06:17","modified_gmt":"2025-08-04T02:06:17","slug":"sante-le-virus-du-nil-occidental-met-la-suisse-en-alerte","status":"publish","type":"post","link":"https:\/\/www.europesays.com\/fr\/294777\/","title":{"rendered":"Sant\u00e9: le virus du Nil occidental met la Suisse en alerte"},"content":{"rendered":"<p>Menace sanitaire \u2013 <\/p>\n<p>Mortel en Italie, le virus du Nil occidental met la Suisse en alerte<\/p>\n<p class=\"ContentHead_lead____SsS link_regular__O0hk0 link_externalicon-big__ZdPgo link_externalicon__qcwXs\">Avec sept d\u00e9c\u00e8s en Italie et des foyers proches du Tessin, les autorit\u00e9s sanitaires pr\u00e9conisent la prudence. Les conditions de transmission sont r\u00e9unies dans le pays.<\/p>\n<p><img loading=\"lazy\" decoding=\"async\" src=\"https:\/\/www.europesays.com\/fr\/wp-content\/uploads\/2025\/06\/6A17SKeUalK9Nv0mDqJd6T.jpg\"  width=\"100\" height=\"100\"  alt=\"Claude Beda\" class=\"AuthorImage_root__WCxj_ ContentMetaInfo_authorimage__Mp4LD AuthorImage_-content-head__3qDob\" style=\"background-color:#A7A7A7\"\/>Publi\u00e9: 02.08.2025, 13h01<img decoding=\"async\" loading=\"eager\" fetchpriority=\"high\" src=\"https:\/\/www.europesays.com\/fr\/wp-content\/uploads\/2025\/08\/C78Lc1hl4gD9Nw2jyeogXO.jpg\" alt=\"Un moustique pique la peau humaine, montrant son abdomen rempli de sang.\" title=\"Un moustique pique la peau humaine, montrant son abdomen rempli de sang.\" class=\"ResponsiveImage_root__ZDz10 responsive-image\" style=\"background-color:#4D472A\"\/><\/p>\n<p>Les moustiques vecteurs et les oiseaux sauvages, h\u00f4tes du virus, sont d\u00e9j\u00e0 pr\u00e9sents en Suisse.<\/p>\n<p>Keystone<\/p>\n<p>Abonnez-vous d\u00e8s maintenant et profitez de la fonction de lecture audio.<a href=\"https:\/\/bottalk.io\/\" class=\"BottalkPaywall_bottalklink__KDtuf\" target=\"_blank\" rel=\"noreferrer noopener\">BotTalk<\/a><\/p>\n<p class=\"ArticleParagraph_root__lhFZo ArticleContainer_content-width__FRl7F link_focus__0ZMwx link_externalicon-big__ZdPgo link_externalicon__qcwXs ArticleElement_article-element__q93eL\">L\u2019augmentation des cas de fi\u00e8vre du Nil occidental <a class=\"HtmlText_root__A1OSq\" href=\"https:\/\/www.24heures.ch\/la-fievre-du-nil-occidental-tue-en-italie-498678611750\" target=\"_blank\" rel=\"noopener\">en Italie<\/a>, avec sept d\u00e9c\u00e8s recens\u00e9s, suscite l\u2019inqui\u00e9tude des autorit\u00e9s sanitaires suisses, particuli\u00e8rement au Tessin. La proximit\u00e9 g\u00e9ographique et la pr\u00e9sence des vecteurs de transmission en Suisse rendent le pays potentiellement vuln\u00e9rable \u00e0 cette maladie transmise par les moustiques, selon <a href=\"https:\/\/www.blv.admin.ch\/blv\/fr\/home\/tiere\/tierseuchen\/uebersicht-seuchen\/alle-tierseuchen\/west-nil-fieber.html\" class=\"HtmlText_root__A1OSq\" target=\"_blank\" rel=\"noopener noreferrer\">l\u2019Office f\u00e9d\u00e9ral de la sant\u00e9 publique (OFSP)<\/a><\/p>\n<p class=\"ArticleParagraph_root__lhFZo ArticleContainer_content-width__FRl7F link_focus__0ZMwx link_externalicon-big__ZdPgo link_externalicon__qcwXs ArticleElement_article-element__q93eL\">La r\u00e9gion du Latium constitue l\u2019\u00e9picentre de l\u2019\u00e9pid\u00e9mie italienne avec trois d\u00e9c\u00e8s et 44 cas confirm\u00e9s, mais d\u2019autres foyers touchent la Lombardie, la plaine du P\u00f4 et le Pi\u00e9mont, rel\u00e8ve la <a href=\"https:\/\/www.rts.ch\/info\/sante\/2025\/article\/fievre-du-nil-occidental-l-italie-touchee-la-suisse-en-alerte-28957087.html\" class=\"HtmlText_root__A1OSq\" target=\"_blank\" rel=\"noopener noreferrer\">RTS<\/a>. Cette propagation g\u00e9ographique pr\u00e9occupe particuli\u00e8rement les autorit\u00e9s tessinoises, frontali\u00e8res de ces r\u00e9gions affect\u00e9es.<\/p>\n<p class=\"ArticleParagraph_root__lhFZo ArticleContainer_content-width__FRl7F link_focus__0ZMwx link_externalicon-big__ZdPgo link_externalicon__qcwXs ArticleElement_article-element__q93eL\">La France a \u00e9galement connu son premier cas autochtone de 2025 dans le Var, alerte Sant\u00e9 publique France dans son bulletin du 30\u00a0juillet. L\u2019ann\u00e9e pr\u00e9c\u00e9dente, 38 contaminations avaient \u00e9t\u00e9 recens\u00e9es dans l\u2019Hexagone, principalement en Provence-Alpes-C\u00f4te-d\u2019Azur avec 24 cas dans le Var, mais aussi en Occitanie et Nouvelle-Aquitaine.<\/p>\n<p>Gare aux piq\u00fbres de moustiques<\/p>\n<p class=\"ArticleParagraph_root__lhFZo ArticleContainer_content-width__FRl7F link_focus__0ZMwx link_externalicon-big__ZdPgo link_externalicon__qcwXs ArticleElement_article-element__q93eL\">L\u2019OFSP souligne que la Suisse r\u00e9unit les conditions favorables \u00e0 la transmission du virus. Les moustiques vecteurs et les oiseaux sauvages, h\u00f4tes principaux du virus, sont pr\u00e9sents sur le territoire helv\u00e9tique. Cette zoonose (susceptible d\u2019infecter l\u2019homme) peut contaminer divers mammif\u00e8res incluant chevaux, chiens et chats, puis se transmettre aux humains par piq\u00fbre de moustique ou morsure de tique infect\u00e9e.<\/p>\n<p class=\"ArticleParagraph_root__lhFZo ArticleContainer_content-width__FRl7F link_focus__0ZMwx link_externalicon-big__ZdPgo link_externalicon__qcwXs ArticleElement_article-element__q93eL\">Le virus reste g\u00e9n\u00e9ralement b\u00e9nin avec 80% de cas asymptomatiques chez l\u2019homme. Environ 20% des personnes infect\u00e9es d\u00e9veloppent des sympt\u00f4mes semblables \u00e0 ceux de la grippe (fi\u00e8vre, frissons, courbatures) qui disparaissent spontan\u00e9ment en cinq \u00e0 sept jours.<\/p>\n<p class=\"ArticleParagraph_root__lhFZo ArticleContainer_content-width__FRl7F link_focus__0ZMwx link_externalicon-big__ZdPgo link_externalicon__qcwXs ArticleElement_article-element__q93eL\">Toutefois, moins de 1% des cas \u00e9voluent vers des complications neurologiques graves comme l\u2019enc\u00e9phalite ou la m\u00e9ningite, potentiellement mortelles. L\u2019OFSP recommande aux voyageurs se rendant dans les zones \u00e0 risque de se prot\u00e9ger efficacement contre les piq\u00fbres de moustiques.<\/p>\n<p class=\"ArticleParagraph_root__lhFZo ArticleContainer_content-width__FRl7F link_focus__0ZMwx link_externalicon-big__ZdPgo link_externalicon__qcwXs ArticleElement_article-element__q93eL\">La fi\u00e8vre du Nil occidental \u00e9tant class\u00e9e comme \u00e9pizootie \u00e0 surveiller, les v\u00e9t\u00e9rinaires et laboratoires doivent obligatoirement signaler tout cas suspect au v\u00e9t\u00e9rinaire cantonal. La transmission interhumaine n\u2019\u00e9tant pas possible, les mesures pr\u00e9ventives se concentrent sur la protection individuelle et la surveillance v\u00e9t\u00e9rinaire.<\/p>\n<p class=\"DynamicTeaser_boxtitle__B6piN\">La fi\u00e8vre du Nil aux fronti\u00e8res<\/p>\n<p>Newsletter<\/p>\n<p>\u00abDerni\u00e8res nouvelles\u00bb<\/p>\n<p>Vous voulez rester au top de l\u2019info? \u00ab24 heures\u00bb vous propose deux rendez-vous par jour, pour ne rien rater de ce qui se passe dans votre Canton, en Suisse ou dans le monde.<\/p>\n<p><a class=\"NewsletterBox_more__FNemz link_underlinelink__K5Zr0\" href=\"https:\/\/www.24heures.ch\/nos-newsletters\" target=\"_blank\" rel=\"noopener\">Autres newsletters<\/a><\/p>\n<p>Se connecter<strong>Claude B\u00e9da<\/strong>  est journaliste \u00e0 la rubrique vaudoise de 24 heures. Licenci\u00e9 en sciences sociales et politiques, passionn\u00e9 par les sujets de soci\u00e9t\u00e9 et la vie des gens d\u2019ici, il a couvert plusieurs r\u00e9gions du canton, avant de rejoindre la r\u00e9daction lausannoise.<a class=\"ArticleAuthorBio_moreinfo__cqyvz link_underlinelink__K5Zr0\" rel=\"author noopener\" href=\"https:\/\/www.24heures.ch\/author\/59968929\/claude-beda\" target=\"_blank\">Plus d&rsquo;infos<\/a><\/p>\n<p class=\"Feedback_root__fr_Mi ArticleContainer_content-width__FRl7F\">Vous avez trouv\u00e9 une erreur?<a href=\"mailto:tes_correction@tamedia.ch?subject=Avis%20d'erreur%20%7C%20Claude%20Beda%20%7C%20Mortel%20en%20Italie%2C%20le%20virus%20du%20Nil%20occidental%20met%20la%20Suisse%20en%20alerte&amp;body=J'ai%20trouv%C3%A9%20une%20erreur%20dans%20cet%20article%3A%20https%3A%2F%2Fwww.24heures.ch%2Fsante-le-virus-du-nil-occidental-met-la-suisse-en-alerte-912892010933\" class=\"Feedback_feedbacklink__VyDCi link_underlinelink__K5Zr0\">Merci de nous la signaler.<\/a><\/p>\n<p>45 commentaires<\/p>\n","protected":false},"excerpt":{"rendered":"Menace sanitaire \u2013 Mortel en Italie, le virus du Nil occidental met la Suisse en alerte Avec sept&hellip;\n","protected":false},"author":2,"featured_media":294778,"comment_status":"","ping_status":"","sticky":false,"template":"","format":"standard","meta":{"footnotes":""},"categories":[10],"tags":[1011,27,72,71,2300,34241],"class_list":{"0":"post-294777","1":"post","2":"type-post","3":"status-publish","4":"format-standard","5":"has-post-thumbnail","7":"category-sante","8":"tag-fr","9":"tag-france","10":"tag-health","11":"tag-sante","12":"tag-stats-seo","13":"tag-stats-seo-trends"},"share_on_mastodon":{"url":"https:\/\/pubeurope.com\/@fr\/114968053953779724","error":""},"_links":{"self":[{"href":"https:\/\/www.europesays.com\/fr\/wp-json\/wp\/v2\/posts\/294777","targetHints":{"allow":["GET"]}}],"collection":[{"href":"https:\/\/www.europesays.com\/fr\/wp-json\/wp\/v2\/posts"}],"about":[{"href":"https:\/\/www.europesays.com\/fr\/wp-json\/wp\/v2\/types\/post"}],"author":[{"embeddable":true,"href":"https:\/\/www.europesays.com\/fr\/wp-json\/wp\/v2\/users\/2"}],"replies":[{"embeddable":true,"href":"https:\/\/www.europesays.com\/fr\/wp-json\/wp\/v2\/comments?post=294777"}],"version-history":[{"count":0,"href":"https:\/\/www.europesays.com\/fr\/wp-json\/wp\/v2\/posts\/294777\/revisions"}],"wp:featuredmedia":[{"embeddable":true,"href":"https:\/\/www.europesays.com\/fr\/wp-json\/wp\/v2\/media\/294778"}],"wp:attachment":[{"href":"https:\/\/www.europesays.com\/fr\/wp-json\/wp\/v2\/media?parent=294777"}],"wp:term":[{"taxonomy":"category","embeddable":true,"href":"https:\/\/www.europesays.com\/fr\/wp-json\/wp\/v2\/categories?post=294777"},{"taxonomy":"post_tag","embeddable":true,"href":"https:\/\/www.europesays.com\/fr\/wp-json\/wp\/v2\/tags?post=294777"}],"curies":[{"name":"wp","href":"https:\/\/api.w.org\/{rel}","templated":true}]}}