{"id":294788,"date":"2025-08-04T02:12:15","date_gmt":"2025-08-04T02:12:15","guid":{"rendered":"https:\/\/www.europesays.com\/fr\/294788\/"},"modified":"2025-08-04T02:12:15","modified_gmt":"2025-08-04T02:12:15","slug":"le-passager-en-fuite-sest-rendu-au-commissariat","status":"publish","type":"post","link":"https:\/\/www.europesays.com\/fr\/294788\/","title":{"rendered":"le passager en fuite s\u2019est rendu au commissariat"},"content":{"rendered":"<p>Peut-\u00eatre a-t-il r\u00e9alis\u00e9 les cons\u00e9quences dramatiques de <a title=\"Lire l&#039;article du 2 ao\u00fbt 2025\" target=\"_self\" href=\"https:\/\/www.lanouvellerepublique.fr\/poitiers\/poitiers-un-mort-dans-une-collision-entre-trois-voitures-une-enquete-ouverte-pour-delit-de-fuite-1754147875\" rel=\"nofollow noopener\">l\u2019accident<\/a> dans lequel il \u00e9tait impliqu\u00e9\u00a0? Ou alors, il aura compris qu\u2019il ne pourrait \u00e9chapper longtemps \u00e0 la police\u2026 Toujours est-il que le passager du Volkswagen Touran qui a percut\u00e9, samedi 2\u00a0ao\u00fbt 2025, l\u2019Opel de Brigitte Lopaczak \u2013 et entra\u00een\u00e9 le d\u00e9c\u00e8s de la Poitevine de 68\u00a0ans \u2013 a fini par se rendre de lui-m\u00eame au commissariat de Poitiers&#8230;. <\/p>\n<p>    Cet article a \u00e9t\u00e9 tronqu\u00e9. Abonnez-vous pour lire l&rsquo;article complet sur notre site.<\/p>\n<p style=\"margin: 0 !important; padding: 0 !important; font-size: 12px !important;\">Cet article a \u00e9t\u00e9 tronqu\u00e9. Abonnez-vous pour lire l&rsquo;article complet.<\/p>\n<p>    <a href=\"https:\/\/www.lanouvellerepublique.fr\/abonnements\" style=\"display: inline-block; margin-top: 5px !important; padding: 6px 12px !important; background: #cb1c27; color: white; text-decoration: none; border-radius: 4px; font-size: 12px !important;\" rel=\"nofollow noopener\" target=\"_blank\"><br \/>\n      S&rsquo;abonner<br \/>\n    <\/a><\/p>\n","protected":false},"excerpt":{"rendered":"Peut-\u00eatre a-t-il r\u00e9alis\u00e9 les cons\u00e9quences dramatiques de l\u2019accident dans lequel il \u00e9tait impliqu\u00e9\u00a0? Ou alors, il aura compris&hellip;\n","protected":false},"author":2,"featured_media":294789,"comment_status":"","ping_status":"","sticky":false,"template":"","format":"standard","meta":{"footnotes":""},"categories":[4],"tags":[1392,3085,11,3542,274,1011,27,12,1653,25,1584],"class_list":{"0":"post-294788","1":"post","2":"type-post","3":"status-publish","4":"format-standard","5":"has-post-thumbnail","7":"category-france","8":"tag-a-la-une-local","9":"tag-accidents","10":"tag-actualites","11":"tag-circulation","12":"tag-faits-divers-justice","13":"tag-fr","14":"tag-france","15":"tag-news","16":"tag-poitiers","17":"tag-republique-francaise","18":"tag-vienne"},"share_on_mastodon":{"url":"https:\/\/pubeurope.com\/@fr\/114968077544414339","error":""},"_links":{"self":[{"href":"https:\/\/www.europesays.com\/fr\/wp-json\/wp\/v2\/posts\/294788","targetHints":{"allow":["GET"]}}],"collection":[{"href":"https:\/\/www.europesays.com\/fr\/wp-json\/wp\/v2\/posts"}],"about":[{"href":"https:\/\/www.europesays.com\/fr\/wp-json\/wp\/v2\/types\/post"}],"author":[{"embeddable":true,"href":"https:\/\/www.europesays.com\/fr\/wp-json\/wp\/v2\/users\/2"}],"replies":[{"embeddable":true,"href":"https:\/\/www.europesays.com\/fr\/wp-json\/wp\/v2\/comments?post=294788"}],"version-history":[{"count":0,"href":"https:\/\/www.europesays.com\/fr\/wp-json\/wp\/v2\/posts\/294788\/revisions"}],"wp:featuredmedia":[{"embeddable":true,"href":"https:\/\/www.europesays.com\/fr\/wp-json\/wp\/v2\/media\/294789"}],"wp:attachment":[{"href":"https:\/\/www.europesays.com\/fr\/wp-json\/wp\/v2\/media?parent=294788"}],"wp:term":[{"taxonomy":"category","embeddable":true,"href":"https:\/\/www.europesays.com\/fr\/wp-json\/wp\/v2\/categories?post=294788"},{"taxonomy":"post_tag","embeddable":true,"href":"https:\/\/www.europesays.com\/fr\/wp-json\/wp\/v2\/tags?post=294788"}],"curies":[{"name":"wp","href":"https:\/\/api.w.org\/{rel}","templated":true}]}}