{"id":29479,"date":"2025-04-16T15:31:46","date_gmt":"2025-04-16T15:31:46","guid":{"rendered":"https:\/\/www.europesays.com\/fr\/29479\/"},"modified":"2025-04-16T15:31:46","modified_gmt":"2025-04-16T15:31:46","slug":"un-homme-attaque-son-epouse-et-retient-un-de-ses-enfants-a-larme-blanche-pres-de-nantes","status":"publish","type":"post","link":"https:\/\/www.europesays.com\/fr\/29479\/","title":{"rendered":"Un homme attaque son \u00e9pouse et retient un de ses enfants \u00e0 l\u2019arme blanche pr\u00e8s de Nantes"},"content":{"rendered":"<tr wp_automatic_readability=\"2.9285714285714\">\n<td valign=\"middle\" align=\"center\" class=\"col-logo\">\n    <img decoding=\"async\" src=\"https:\/\/www.europesays.com\/fr\/wp-content\/uploads\/2025\/04\/presse-ocean.gif\" alt=\"logo Presse-Oc\u00e9an\" height=\"66\"\/><\/p>\n<\/td>\n<td class=\"col-titre\">\n\t\t\tDimanche 13 avril 2025 07:22<br \/>\n\t\t\t<a class=\"icon-bulle sizeL count\" href=\"#ancreAvis\"><br \/>\n\t&#8230;<br \/>\n<\/a><\/td>\n<\/tr>\n<p>\t\t<a class=\"mavillebox2 elmt-photo\" href=\"https:\/\/maville.com\/photosmvi\/2025\/04\/13\/P35167505D6763014G.jpg\" title=\" Le peloton de surveillance et d\u2019intervention a permis de d\u00e9sarmer le mari.  \u00a9  Photo illustration Journaux de Loire  &lt;!--TAG-BLC credit--&gt;\" rel=\"galerie_actu nofollow noopener\" target=\"_blank\"><br \/>\n\t<img decoding=\"async\" src=\"https:\/\/www.europesays.com\/fr\/wp-content\/uploads\/2025\/04\/P35167505D6763014G_crop_640-330_.jpg\" alt=\"photo  le peloton de surveillance et d\u2019intervention a permis de d\u00e9sarmer le mari.  \u00a9  photo illustration journaux de loire \"\/><br \/>\n\t1<br \/>\n<\/a><\/p>\n<p class=\"elmt-legende\"> Le peloton de surveillance et d\u2019intervention a permis de d\u00e9sarmer le mari.  \u00a9  Photo illustration Journaux de Loire  <\/p>\n<p>\t\tLes faits se sont d\u00e9roul\u00e9s dans une chambre d\u2019h\u00f4tel du Loroux-Bottereau, dans la nuit du samedi\u00a012 au dimanche 13\u00a0avril 2025. L\u2019\u00e9pouse a \u00e9t\u00e9 l\u00e9g\u00e8rement bless\u00e9e et le mari appr\u00e9hend\u00e9 par les gendarmes.<\/p>\n<p><b>Cet article est r\u00e9serv\u00e9 aux abonn\u00e9s<\/b><\/p>\n<p>Pour un acc\u00e8s imm\u00e9diat, abonnez-vous<\/p>\n<p><b>1\u00e8re semaine offerte<\/b><\/p>\n<p>\t\t Presse Oc\u00e9an \u00a0\u00a0<br \/>\n\t\tPresse-Oc\u00e9an<\/p>\n<p>Retrouvez d&rsquo;autres actus sur la commune de :<\/p>\n<p>\t\t&#13;<\/p>\n","protected":false},"excerpt":{"rendered":"Dimanche 13 avril 2025 07:22 &#8230; 1 Le peloton de surveillance et d\u2019intervention a permis de d\u00e9sarmer le&hellip;\n","protected":false},"author":2,"featured_media":29480,"comment_status":"","ping_status":"","sticky":false,"template":"","format":"standard","meta":{"footnotes":""},"categories":[2818],"tags":[1111,11,10268,834,8386,1719,10266,1777,674,1011,27,4933,766,12,2636,3762,25,10267],"class_list":{"0":"post-29479","1":"post","2":"type-post","3":"status-publish","4":"format-standard","5":"has-post-thumbnail","7":"category-nantes","8":"tag-actu","9":"tag-actualites","10":"tag-arme","11":"tag-attaque","12":"tag-blanche","13":"tag-enfants","14":"tag-epouse","15":"tag-eu","16":"tag-europe","17":"tag-fr","18":"tag-france","19":"tag-homme","20":"tag-nantes","21":"tag-news","22":"tag-pays-de-la-loire","23":"tag-pres","24":"tag-republique-francaise","25":"tag-retient"},"share_on_mastodon":{"url":"https:\/\/pubeurope.com\/@fr\/114348365351619713","error":""},"_links":{"self":[{"href":"https:\/\/www.europesays.com\/fr\/wp-json\/wp\/v2\/posts\/29479","targetHints":{"allow":["GET"]}}],"collection":[{"href":"https:\/\/www.europesays.com\/fr\/wp-json\/wp\/v2\/posts"}],"about":[{"href":"https:\/\/www.europesays.com\/fr\/wp-json\/wp\/v2\/types\/post"}],"author":[{"embeddable":true,"href":"https:\/\/www.europesays.com\/fr\/wp-json\/wp\/v2\/users\/2"}],"replies":[{"embeddable":true,"href":"https:\/\/www.europesays.com\/fr\/wp-json\/wp\/v2\/comments?post=29479"}],"version-history":[{"count":0,"href":"https:\/\/www.europesays.com\/fr\/wp-json\/wp\/v2\/posts\/29479\/revisions"}],"wp:featuredmedia":[{"embeddable":true,"href":"https:\/\/www.europesays.com\/fr\/wp-json\/wp\/v2\/media\/29480"}],"wp:attachment":[{"href":"https:\/\/www.europesays.com\/fr\/wp-json\/wp\/v2\/media?parent=29479"}],"wp:term":[{"taxonomy":"category","embeddable":true,"href":"https:\/\/www.europesays.com\/fr\/wp-json\/wp\/v2\/categories?post=29479"},{"taxonomy":"post_tag","embeddable":true,"href":"https:\/\/www.europesays.com\/fr\/wp-json\/wp\/v2\/tags?post=29479"}],"curies":[{"name":"wp","href":"https:\/\/api.w.org\/{rel}","templated":true}]}}