{"id":294790,"date":"2025-08-04T02:13:19","date_gmt":"2025-08-04T02:13:19","guid":{"rendered":"https:\/\/www.europesays.com\/fr\/294790\/"},"modified":"2025-08-04T02:13:19","modified_gmt":"2025-08-04T02:13:19","slug":"shacarri-richardson-championne-du-monde-du-100-metres-arretee-et-placee-en-detention","status":"publish","type":"post","link":"https:\/\/www.europesays.com\/fr\/294790\/","title":{"rendered":"Sha&rsquo;Carri Richardson, championne du monde du 100 m\u00e8tres, arr\u00eat\u00e9e et plac\u00e9e en d\u00e9tention"},"content":{"rendered":"<p>      R\u00e9sum\u00e9<\/p>\n<p>La sprinteuse Sha\u2019Carri Richardson a \u00e9t\u00e9 bri\u00e8vement d\u00e9tenue apr\u00e8s une altercation au port de Seattle, suscitant des remous \u00e0 quelques jours des championnats du monde d\u2019athl\u00e9tisme.<\/p>\n<p>        Sommaire<\/p>\n<p>C&rsquo;est un fait divers conjugal qui met le monde de l&rsquo;athl\u00e9tisme en difficult\u00e9s. A quelques semaines des mondiaux qui se d\u00e9rouleront \u00e0 Tokyo, la sprinteuse Sha&rsquo;Carri Richardson a<strong> \u00e9t\u00e9 envoy\u00e9e en d\u00e9tention pendant 24 heures<\/strong>. Le dimanche 27 juillet dernier, la recordwoman du 100 m\u00e8tres depuis son sacre \u00e0 Doha en 2023 a \u00e9t\u00e9 aper\u00e7ue <strong>en train de frapper \u00e0 plusieurs reprises son compagnon<\/strong> dans <a href=\"https:\/\/www.public.fr\/ellen-pompeo-arretee-a-laeroport-intervention-musclee-des-equipes-de-demineurs\" target=\"_blank\" rel=\"noopener\">un a\u00e9roport<\/a>. Arr\u00eat\u00e9e par les forces de l&rsquo;ordre, elle a pass\u00e9 une nuit \u00e0 la maison d&rsquo;arr\u00eat des Moines, \u00e0 Seattle. Elle a \u00e9t\u00e9 rel\u00e2ch\u00e9e ce lundi.<\/p>\n<p>Dans un rapport de l&rsquo;arrestation envoy\u00e9 \u00e0 l&rsquo;AFP, la police du port de Seattle indique que les cam\u00e9ras de vid\u00e9osurveillance ont film\u00e9 <strong>une altercation tr\u00e8s vivre entre Christian Coleman et Sha&rsquo;Carri Richardson<\/strong>. A plusieurs reprises, l&rsquo;athl\u00e8te a \u00e9t\u00e9 aper\u00e7ue en train de s&rsquo;en prendre physiquement \u00e0 son compagnon, lui aussi champion du monde du 100 m\u00e8tres, en 2019 cette fois.<\/p>\n<p>Sha&rsquo;Carri Richardson abandonne&#8230; puis se r\u00e9tracte<\/p>\n<p>\u00ab\u00a0Richardson suit Coleman qui essaie de s\u2019\u00e9loigner.\u00a0Richardson pousse ensuite Coleman suffisamment fort pour l\u2019envoyer contre une colonne.\u00a0<strong>Elle le pousse ensuite une nouvelle fois assez fort<\/strong> pour l\u2019envoyer \u00e0 quelques m\u00e8tres\u00a0\u00bb indiquent les enqu\u00eateurs. L&rsquo;altercation se serait poursuivie pendant plusieurs minutes, et l&rsquo;athl\u00e8te am\u00e9ricaine aurait envoy\u00e9 <strong>un casque audio au visage de son ch\u00e9ri<\/strong>.<\/p>\n<p>Face aux policiers, Christian Coleman a refus\u00e9 de porter plainte contre sa compagne<strong>. Il n&rsquo;as pas souhait\u00e9 coop\u00e9r\u00e9 avec eux<\/strong>, et a refus\u00e9 de constituer victime. Mais l&rsquo;affaire, qui \u00e9clate \u00e0 quelques heures des Mondiaux d&rsquo;athl\u00e9tisme, provoque de vives inqui\u00e9tudes.<\/p>\n<p>Au sortir de sa d\u00e9tention de 24 heures, <strong>Sha&rsquo;Carri Richardson a annonc\u00e9 son abandon<\/strong>. Mais elle a finalement chang\u00e9 d&rsquo;avis depuis&#8230; Si elle a effectivement d\u00e9clar\u00e9 forfait pour le 100 m\u00e8tres, la jeune femme a depuis affirm\u00e9 <strong>qu&rsquo;elle participerait bien au 200 m\u00e8tres<\/strong>&#8230;<a href=\"https:\/\/vsd.fr\/26392-athletisme-pierre-ambroise-bosse-champion-du-monde-de-la-vanne-video\/\" target=\"_blank\" rel=\"noopener\"> Les Championnats du monde d&rsquo;athl\u00e9tisme<\/a> se d\u00e9rouleront \u00e0 Tokyo du samedi 13 septembre au dimanche 21 septembre prochains.<\/p>\n<p>      Mentionn\u00e9s dans cet article<\/p>\n<p>      Sur le m\u00eame sujet<\/p>\n","protected":false},"excerpt":{"rendered":"R\u00e9sum\u00e9 La sprinteuse Sha\u2019Carri Richardson a \u00e9t\u00e9 bri\u00e8vement d\u00e9tenue apr\u00e8s une altercation au port de Seattle, suscitant des&hellip;\n","protected":false},"author":2,"featured_media":294791,"comment_status":"","ping_status":"","sticky":false,"template":"","format":"standard","meta":{"footnotes":""},"categories":[2],"tags":[11,663,43490,1011,27,7774,303,12,806,3241,5903],"class_list":{"0":"post-294790","1":"post","2":"type-post","3":"status-publish","4":"format-standard","5":"has-post-thumbnail","7":"category-actualites","8":"tag-actualites","9":"tag-aeroport","10":"tag-championnats-du-monde-dathletisme","11":"tag-fr","12":"tag-france","13":"tag-garde-a-vue","14":"tag-justice","15":"tag-news","16":"tag-prison","17":"tag-record","18":"tag-violence-conjugale"},"share_on_mastodon":{"url":"https:\/\/pubeurope.com\/@fr\/114968081354522402","error":""},"_links":{"self":[{"href":"https:\/\/www.europesays.com\/fr\/wp-json\/wp\/v2\/posts\/294790","targetHints":{"allow":["GET"]}}],"collection":[{"href":"https:\/\/www.europesays.com\/fr\/wp-json\/wp\/v2\/posts"}],"about":[{"href":"https:\/\/www.europesays.com\/fr\/wp-json\/wp\/v2\/types\/post"}],"author":[{"embeddable":true,"href":"https:\/\/www.europesays.com\/fr\/wp-json\/wp\/v2\/users\/2"}],"replies":[{"embeddable":true,"href":"https:\/\/www.europesays.com\/fr\/wp-json\/wp\/v2\/comments?post=294790"}],"version-history":[{"count":0,"href":"https:\/\/www.europesays.com\/fr\/wp-json\/wp\/v2\/posts\/294790\/revisions"}],"wp:featuredmedia":[{"embeddable":true,"href":"https:\/\/www.europesays.com\/fr\/wp-json\/wp\/v2\/media\/294791"}],"wp:attachment":[{"href":"https:\/\/www.europesays.com\/fr\/wp-json\/wp\/v2\/media?parent=294790"}],"wp:term":[{"taxonomy":"category","embeddable":true,"href":"https:\/\/www.europesays.com\/fr\/wp-json\/wp\/v2\/categories?post=294790"},{"taxonomy":"post_tag","embeddable":true,"href":"https:\/\/www.europesays.com\/fr\/wp-json\/wp\/v2\/tags?post=294790"}],"curies":[{"name":"wp","href":"https:\/\/api.w.org\/{rel}","templated":true}]}}