{"id":294803,"date":"2025-08-04T02:38:25","date_gmt":"2025-08-04T02:38:25","guid":{"rendered":"https:\/\/www.europesays.com\/fr\/294803\/"},"modified":"2025-08-04T02:38:25","modified_gmt":"2025-08-04T02:38:25","slug":"sur-le-marche-de-la-petite-hollande-a-nantes-quas-tu-donc-dans-ton-panier","status":"publish","type":"post","link":"https:\/\/www.europesays.com\/fr\/294803\/","title":{"rendered":"Sur le march\u00e9 de la Petite-Hollande, \u00e0 Nantes\u00a0: qu\u2019as-tu donc dans ton panier\u00a0?"},"content":{"rendered":"<p>Dans les all\u00e9es du march\u00e9 de la Petite-Hollande, \u00e0 Nantes, un sac color\u00e9 attire l\u2019attention. Son propri\u00e9taire, Bernard, un fid\u00e8le du march\u00e9 qui anime chaque samedi le terre-plein de l\u2019\u00eele Gloriette. <strong>\u00ab\u00a0J\u2019ai habit\u00e9 \u00e0 c\u00f4t\u00e9 pendant douze\u00a0ans et j\u2019y ai toujours mes habitudes, <\/strong>explique le retrait\u00e9. <strong>Je viens ici pour le poisson et les produits bios.\u00a0\u00bb<\/strong><\/p>\n<p>Dans son panier, le samedi 26\u00a0juillet, il y avait du poisson frais, <strong>\u00ab\u00a0de la raie, du maquereau\u00a0\u00bb,<\/strong> qu\u2019il pr\u00e9voit de cuisiner en filets avec des l\u00e9gumes de saison. Bernard privil\u00e9gie les fruits et l\u00e9gumes de saison, mais ce matin, il avoue avoir craqu\u00e9 sur le <strong>\u00ab\u00a0raisin\u00a0: son plaisir du jour\u00a0\u00bb.<\/strong><\/p>\n<p><strong>Lire aussi\u00a0:<\/strong> <a href=\"https:\/\/nantes.maville.com\/actu\/actudet_-sur-le-marche-de-talensac-a-nantes-qu-as-tu-donc-dans-ton-panier-_8-6915626_actu.Htm\" target=\"_blank\" rel=\"noopener\">Sur le march\u00e9 de Talensac, \u00e0 Nantes, qu\u2019as-tu donc dans ton panier\u00a0?<\/a><\/p>\n<p>Apr\u00e8s toutes ces ann\u00e9es, le retrait\u00e9 a nou\u00e9 des liens avec quelques commer\u00e7ants. Comme Gino, <strong>\u00ab\u00a0son fournisseur officiel de pain bio\u00a0\u00bb. <\/strong>Il tient \u00e0 son rituel du week-end, pour continuer \u00e0 soutenir les producteurs. Chaque samedi, le march\u00e9 accueille environ 300\u00a0commer\u00e7ants, dont plus de 220\u00a0r\u00e9guliers.<\/p>\n<p>March\u00e9 de la Petite-Hollande, le samedi, de 8\u00a0h \u00e0 13\u00a0h, sur le terre-plein de l\u2019\u00eele Gloriette, \u00e0 Nantes, tram 1, arr\u00eat M\u00e9diath\u00e8que.<\/p>\n<p>\u00a0<\/p>\n","protected":false},"excerpt":{"rendered":"Dans les all\u00e9es du march\u00e9 de la Petite-Hollande, \u00e0 Nantes, un sac color\u00e9 attire l\u2019attention. Son propri\u00e9taire, Bernard,&hellip;\n","protected":false},"author":2,"featured_media":294804,"comment_status":"","ping_status":"","sticky":false,"template":"","format":"standard","meta":{"footnotes":""},"categories":[2818],"tags":[1111,11,43491,1777,674,1011,27,2089,766,12,9444,2636,6416,9576,25],"class_list":{"0":"post-294803","1":"post","2":"type-post","3":"status-publish","4":"format-standard","5":"has-post-thumbnail","7":"category-nantes","8":"tag-actu","9":"tag-actualites","10":"tag-as-tu","11":"tag-eu","12":"tag-europe","13":"tag-fr","14":"tag-france","15":"tag-marche","16":"tag-nantes","17":"tag-news","18":"tag-panier","19":"tag-pays-de-la-loire","20":"tag-petite-hollande","21":"tag-qu","22":"tag-republique-francaise"},"share_on_mastodon":{"url":"https:\/\/pubeurope.com\/@fr\/114968179770968445","error":""},"_links":{"self":[{"href":"https:\/\/www.europesays.com\/fr\/wp-json\/wp\/v2\/posts\/294803","targetHints":{"allow":["GET"]}}],"collection":[{"href":"https:\/\/www.europesays.com\/fr\/wp-json\/wp\/v2\/posts"}],"about":[{"href":"https:\/\/www.europesays.com\/fr\/wp-json\/wp\/v2\/types\/post"}],"author":[{"embeddable":true,"href":"https:\/\/www.europesays.com\/fr\/wp-json\/wp\/v2\/users\/2"}],"replies":[{"embeddable":true,"href":"https:\/\/www.europesays.com\/fr\/wp-json\/wp\/v2\/comments?post=294803"}],"version-history":[{"count":0,"href":"https:\/\/www.europesays.com\/fr\/wp-json\/wp\/v2\/posts\/294803\/revisions"}],"wp:featuredmedia":[{"embeddable":true,"href":"https:\/\/www.europesays.com\/fr\/wp-json\/wp\/v2\/media\/294804"}],"wp:attachment":[{"href":"https:\/\/www.europesays.com\/fr\/wp-json\/wp\/v2\/media?parent=294803"}],"wp:term":[{"taxonomy":"category","embeddable":true,"href":"https:\/\/www.europesays.com\/fr\/wp-json\/wp\/v2\/categories?post=294803"},{"taxonomy":"post_tag","embeddable":true,"href":"https:\/\/www.europesays.com\/fr\/wp-json\/wp\/v2\/tags?post=294803"}],"curies":[{"name":"wp","href":"https:\/\/api.w.org\/{rel}","templated":true}]}}