{"id":294807,"date":"2025-08-04T02:41:33","date_gmt":"2025-08-04T02:41:33","guid":{"rendered":"https:\/\/www.europesays.com\/fr\/294807\/"},"modified":"2025-08-04T02:41:33","modified_gmt":"2025-08-04T02:41:33","slug":"unijambiste-un-bordelais-parcourt-70-km-dans-le-desert-de-la-cappadoce","status":"publish","type":"post","link":"https:\/\/www.europesays.com\/fr\/294807\/","title":{"rendered":"unijambiste, un Bordelais parcourt 70 km dans le d\u00e9sert de la Cappadoce"},"content":{"rendered":"<p>Pierre Borgella, un Bordelais qui a perdu une jambe dans un accident de moto, s\u2019est mis au d\u00e9fi de terminer le marathon des sables en Cappadoce (Turquie). Une aventure haute en couleur durant laquelle il a pu s\u2019appuyer sur son cousin, L\u00e9o Lefebvre.<\/p>\n<p class=\"fig-paragraph\">Il ne croyait pas que c\u2019\u00e9tait impossible,\u00a0<a href=\"http:\/\/www.lefigaro.fr\/bordeaux\/213-kilometres-et-un-defi-contre-son-handicap-le-touchant-pelerinage-d-un-girondin-20230514\" data-fig-type=\"Article\" data-gtm-custom-categorie=\"navigation\" data-gtm-custom-action=\"crossclick\" data-gtm-custom-label=\"Contextuel\" data-gtm-event=\"customEventSPE\" data-fig-domain=\"LEFIGARO\" target=\"_blank\" rel=\"noopener\">alors il l\u2019a fait<\/a>. \u00c0 24 ans, Pierre Borgella croque la vie \u00e0 pleines dents\u00a0<a href=\"http:\/\/www.lefigaro.fr\/sports\/moto\/moto-jeune-champion-des-pays-bas-un-enfant-de-7-ans-meurt-a-l-hopital-apres-un-accident-20250106\" data-fig-type=\"NewsFlash\" data-gtm-custom-categorie=\"navigation\" data-gtm-custom-action=\"crossclick\" data-gtm-custom-label=\"Contextuel\" data-gtm-event=\"customEventSPE\" data-fig-domain=\"LEFIGARO\" target=\"_blank\" rel=\"noopener\">malgr\u00e9 le terrible accident de moto<\/a>\u00a0qui l\u2019a conduit \u00e0 perdre sa jambe gauche, le 13 octobre 2019. Contre toutes attentes, contre les avis m\u00e9dicaux qui pr\u00e9disaient qu\u2019il ne marcherait plus jamais, le jeune homme refuse de voir son amour pour le sport se terminer. En juin, muni d\u2019une paire de b\u00e9quilles sur mesure et accompagn\u00e9 de son cousin, il a donc termin\u00e9 le marathon des sables en Turquie. Une aventure hors norme, qui l\u2019a conduit \u00e0 parcourir \u00e0 pied 70 kilom\u00e8tres en quatre jours et en autosuffisance dans le d\u00e9sert de la Cappadoce.<\/p>\n<p class=\"fig-paragraph\">\u00abJe fais du sport et je ne me refuse rien. Je ne veux pas qu\u2019on me prenne en piti\u00e9 \u00e0 cause de mon handicap. Je voulais aussi me prouver \u00e0 moi-m\u00eame et montrer \u00e0 tous que rien ne m\u2019est impossible malgr\u00e9 mon accident\u00bb, nous explique d\u2019embl\u00e9e Pierre Borgella. Un mantra que le sportif assume\u00a0: il a refus\u00e9 que l\u2019organisation du marathon des sables lui permette d\u2019adapter son parcours. Il a aussi port\u00e9 son mat\u00e9riel et sa nourriture comme tous les autres participants.<\/p>\n<p>                                    <a class=\"fig-a11y-skip a11y-hidden\" href=\"#fig-a11y-skip-main-inarticle\"><br \/>\n        Passer la publicit\u00e9<br \/>\n    <\/a><\/p>\n<p>\u00abExceptionnel\u00bb<\/p>\n<p class=\"fig-paragraph\">Pour mettre toutes les chances de son c\u00f4t\u00e9, le jeune homme a consacr\u00e9 une ann\u00e9e \u00e0 la pr\u00e9paration de ce d\u00e9fi sportif. Renforcement des bras, des \u00e9paules et de sa jambe valide, pratique de trails en montagne, suivis m\u00e9dicaux pour trouver la paire de b\u00e9quilles adapt\u00e9e&#8230; Pierre Borgella \u00e9tait arriv\u00e9 en Cappadoce avec l\u2019ambition ferme de r\u00e9aliser le parcours de 100 kilom\u00e8tres. Cependant, il reconna\u00eet avoir souffert. \u00abJ\u2019ai eu des ampoules aux mains d\u00e8s le premier jour et avec les fortes temp\u00e9ratures conserver mes gants \u00e9tait pire que tout. Mon moral \u00e9tait au plus bas\u00bb, se rem\u00e9more-t-il. L\u00e9o Lefebvre, le cousin qui l\u2019a \u00e9paul\u00e9 dans cette aventure, compl\u00e8te\u00a0: \u00abJ\u2019ai \u00e9t\u00e9 impressionn\u00e9 qu\u2019il ne baisse pas les bras. \u00c0 la fin du premier jour, c\u2019est moi qui lui ai dit qu\u2019on ne ferait pas 40 kilom\u00e8tres le lendemain. Je ne doutais pas de lui, mais je me demandais dans quel \u00e9tat il allait arriver sinon\u00bb, explique son cadet, \u00e2g\u00e9 de 21 ans. La d\u00e9cision est donc prise de se rabattre sur le parcours (plus raisonnable) de 70 kilom\u00e8tres.<\/p>\n<blockquote class=\"fig-quote&#10;    \">\n<p class=\"fig-quote__text\">Quand nous avons veill\u00e9 Pierre en soins intensifs, jamais nous n\u2019aurions imagin\u00e9 que l\u2019horizon s\u2019\u00e9claircirait autant<\/p>\n<p>            Genevi\u00e8ve Artigue, la grand-m\u00e8re de Pierre et L\u00e9o\n    <\/p><\/blockquote>\n<p class=\"fig-paragraph\">Les jours suivants de la course ont exig\u00e9 autant d\u2019abn\u00e9gation. \u00abMon cousin m\u2019a beaucoup aid\u00e9. Il tenait mes b\u00e9quilles pour que je puisse grimper \u00e0 la force de mes bras dans les endroits incessibles et il m\u2019encourageait\u00bb, d\u00e9crit Pierre Borgella. L\u00e9o Lefebvre pr\u00e9cise\u00a0: \u00abPierre s\u2019excusait beaucoup d\u2019\u00eatre lent et de faire des pauses jusqu\u2019\u00e0 ce que je lui dise d\u2019arr\u00eater. Je suis parti \u00e0 ce marathon avec l\u2019intention qu\u2019il en profite \u00e0 100%. Je m\u2019\u00e9tais pr\u00e9par\u00e9 \u00e0 \u00eatre patient et j\u2019ai pris du plaisir \u00e0 \u00eatre l\u00e0 pour lui. Ce qu\u2019il a fait, c\u2019est exceptionnel.\u00bb<\/p>\n<p>Vertus familiales<\/p>\n<p class=\"fig-paragraph\">Pour Genevi\u00e8ve Artigue, leur grand-m\u00e8re, cette aventure v\u00e9cue entre cousins repr\u00e9sente bien plus qu\u2019un d\u00e9fi sportif. \u00abJ\u2019ai port\u00e9 ma croix au moment de l\u2019accident de Pierre et j\u2019ai eu tr\u00e8s peur durant leur aventure. Le ciel nous a offert un cadeau exceptionnel en faisant jaillir la lumi\u00e8re de ce grand mal. Quand nous avons veill\u00e9 Pierre en soins intensifs, jamais nous n\u2019aurions imagin\u00e9 que l\u2019horizon s\u2019\u00e9claircirait autant\u00bb, confie la septuag\u00e9naire. En p\u00e8lerinage \u00e0 Rome durant l\u2019excursion de ses petits-fils, cette catholique a \u00abfait courir le bruit de leur aventure\u00bb pour qu\u2019ils soient \u00abport\u00e9s et pouss\u00e9s par la pri\u00e8re\u00bb.<\/p>\n<p class=\"fig-paragraph\">Cette grand-m\u00e8re a aussi \u00e9t\u00e9 tr\u00e8s \u00e9mue de les voir prendre soin l\u2019un de l\u2019autre. \u00abSans L\u00e9o, qui a aid\u00e9 Pierre gentiment et discr\u00e8tement, cela aurait \u00e9t\u00e9 impossible. C\u2019est d\u2019autant plus beau que petits, ils \u00e9taient jaloux l\u2019un de l\u2019autre et se bagarraient sans cesse\u00bb, d\u00e9taille-t-elle. Avant de nous souffler : \u00abCe sont les vertus de la famille qui se r\u00e9v\u00e8lent dans cette \u00e9preuve. Je suis \u00e2g\u00e9e maintenant, mais j\u2019en suis fi\u00e8re\u00a0: si j\u2019ai r\u00e9ussi quelque chose dans ma vie, c\u2019est bien cela.\u00bb<\/p>\n<p class=\"fig-paragraph\">Une famille, dont les c\u0153urs unis se sont \u00e9largis durant cette aventure. Les deux cousins, qui ont mont\u00e9 l\u2019association \u00abUn pas plus loin\u00bb, ont re\u00e7u de nombreux dons, messages de soutien et de f\u00e9licitations tout au long de leur projet. Ils ont aussi \u00e9t\u00e9 tout particuli\u00e8rement encourag\u00e9s durant l\u2019\u00e9preuve. \u00ab\u00c0 l\u2019arriv\u00e9e, l\u2019organisation avait r\u00e9uni tous les participants et les enceintes jouaient une musique que Pierre adore. Il pleurait et avan\u00e7ait sous les applaudissements\u00bb, s\u2019\u00e9meut encore L\u00e9o Lefebvre. Et Pierre Borgella de conclure\u00a0: \u00abJe pense que c\u2019est un souvenir qui va nous marquer \u00e0 vie.\u00bb<\/p>\n<p>    Les deux cousins ont achev\u00e9 le parcours de 70 kilom\u00e8tres en autosuffisance du marathon des sables de la Cappadoce (Turquie), en juin 2025.<br \/>\n                Marathon des sables &#8211; WAA \/ droits r\u00e9serv\u00e9s<\/p>\n","protected":false},"excerpt":{"rendered":"Pierre Borgella, un Bordelais qui a perdu une jambe dans un accident de moto, s\u2019est mis au d\u00e9fi&hellip;\n","protected":false},"author":2,"featured_media":294808,"comment_status":"","ping_status":"","sticky":false,"template":"","format":"standard","meta":{"footnotes":""},"categories":[2817],"tags":[1111,11,1997,43492,1777,674,1011,27,1943,7178,12,2219,25,517],"class_list":{"0":"post-294807","1":"post","2":"type-post","3":"status-publish","4":"format-standard","5":"has-post-thumbnail","7":"category-bordeaux","8":"tag-actu","9":"tag-actualites","10":"tag-bordeaux","11":"tag-desert","12":"tag-eu","13":"tag-europe","14":"tag-fr","15":"tag-france","16":"tag-handicap","17":"tag-marathon","18":"tag-news","19":"tag-nouvelle-aquitaine","20":"tag-republique-francaise","21":"tag-sport"},"share_on_mastodon":{"url":"https:\/\/pubeurope.com\/@fr\/114968191595631381","error":""},"_links":{"self":[{"href":"https:\/\/www.europesays.com\/fr\/wp-json\/wp\/v2\/posts\/294807","targetHints":{"allow":["GET"]}}],"collection":[{"href":"https:\/\/www.europesays.com\/fr\/wp-json\/wp\/v2\/posts"}],"about":[{"href":"https:\/\/www.europesays.com\/fr\/wp-json\/wp\/v2\/types\/post"}],"author":[{"embeddable":true,"href":"https:\/\/www.europesays.com\/fr\/wp-json\/wp\/v2\/users\/2"}],"replies":[{"embeddable":true,"href":"https:\/\/www.europesays.com\/fr\/wp-json\/wp\/v2\/comments?post=294807"}],"version-history":[{"count":0,"href":"https:\/\/www.europesays.com\/fr\/wp-json\/wp\/v2\/posts\/294807\/revisions"}],"wp:featuredmedia":[{"embeddable":true,"href":"https:\/\/www.europesays.com\/fr\/wp-json\/wp\/v2\/media\/294808"}],"wp:attachment":[{"href":"https:\/\/www.europesays.com\/fr\/wp-json\/wp\/v2\/media?parent=294807"}],"wp:term":[{"taxonomy":"category","embeddable":true,"href":"https:\/\/www.europesays.com\/fr\/wp-json\/wp\/v2\/categories?post=294807"},{"taxonomy":"post_tag","embeddable":true,"href":"https:\/\/www.europesays.com\/fr\/wp-json\/wp\/v2\/tags?post=294807"}],"curies":[{"name":"wp","href":"https:\/\/api.w.org\/{rel}","templated":true}]}}