{"id":294809,"date":"2025-08-04T02:42:17","date_gmt":"2025-08-04T02:42:17","guid":{"rendered":"https:\/\/www.europesays.com\/fr\/294809\/"},"modified":"2025-08-04T02:42:17","modified_gmt":"2025-08-04T02:42:17","slug":"les-previsions-de-meteo-france-a-toulouse-et-en-occitanie-pour-le-week-end","status":"publish","type":"post","link":"https:\/\/www.europesays.com\/fr\/294809\/","title":{"rendered":"les pr\u00e9visions de M\u00e9t\u00e9o France \u00e0 Toulouse et en Occitanie pour le week-end"},"content":{"rendered":"<p>            Par<br \/>\n        <strong><br \/>\n            <a href=\"https:\/\/actu.fr\/auteur\/lucie-2\" title=\"Consulter tous les articles de Lucie Fraisse\" rel=\"nofollow noopener\" target=\"_blank\">Lucie Fraisse<\/a><br \/>\n        <\/strong><\/p>\n<p>        Publi\u00e9 le<\/p>\n<p>            2 ao\u00fbt 2025 \u00e0 6h02        <\/p>\n<p>Le week-end commence sous les nuages \u00e0 <a href=\"https:\/\/actu.fr\/toulouse\/\" rel=\"nofollow noopener\" target=\"_blank\">Toulous<\/a>e, ce samedi. Le ciel s\u2019\u00e9claircira en d\u00e9but d\u2019apr\u00e8s-midi. Le vent soufflera un peu, <strong>avec des rafales allant jusqu\u2019\u00e0 40 km\/h<\/strong>. Il fera 28\u00b0C au plus chaud de la journ\u00e9e.<\/p>\n<p>Soleil en Occitanie\u00a0<\/p>\n<p class=\" wall-content\">Samedi matin, les nuages seront pr\u00e9sents sur une bonne partie de l\u2019Occitanie en matin\u00e9e. Des pluies faibles sont m\u00eame annonc\u00e9es sur le sud du<strong> Tarn<\/strong>.<\/p>\n<p class=\" wall-content\">Le ciel sera en revanche bien d\u00e9gag\u00e9 sur le littoral et les <strong>Pyr\u00e9n\u00e9es-Orientale<\/strong>s.<\/p>\n<p>    <img   decoding=\"async\" loading=\"lazy\" src=\"https:\/\/www.europesays.com\/fr\/wp-content\/uploads\/2025\/08\/samedi28-960x640.jpg\" alt=\"Les pr\u00e9visions de M\u00e9t\u00e9o France en Occitanie pour samedi apr\u00e8s-midi.\" width=\"960\" height=\"640\"\/><br \/>\n    Les pr\u00e9visions de M\u00e9t\u00e9o France en Occitanie pour samedi apr\u00e8s-midi. (\u00a9M\u00e9t\u00e9o France)<\/p>\n<p class=\" wall-content\">Samedi apr\u00e8s-midi, le ciel sera voil\u00e9 sur la Haute-Garonne, le Tarn, le Gers, le Tarn-et-Garonne et le Lot. Ailleurs les \u00e9claircies pr\u00e9dominent.<\/p>\n<p>Vid\u00e9os : en ce moment sur ActuCiel d\u00e9gag\u00e9 dimanche<\/p>\n<p class=\" wall-content\">Dimanche le soleil brillera d\u00e8s le d\u00e9but de la matin\u00e9e et le ciel restera d\u00e9gag\u00e9 toute la journ\u00e9e. Il fera jusqu\u2019\u00e0 <strong>30\u00b0C dans la Ville rose<\/strong>.<\/p>\n<p>    <img   decoding=\"async\" loading=\"lazy\" src=\"https:\/\/www.europesays.com\/fr\/wp-content\/uploads\/2025\/08\/meteo38-960x640.png\" alt=\"Les pr\u00e9visions de M\u00e9t\u00e9o France en Occitanie pour dimanche apr\u00e8s-midi.\" width=\"960\" height=\"640\"\/><br \/>\n    Les pr\u00e9visions de M\u00e9t\u00e9o France en Occitanie pour dimanche apr\u00e8s-midi. (\u00a9M\u00e9t\u00e9o France)<\/p>\n<p class=\" wall-content\">En Occitanie, le soleil brille sans partage en matin\u00e9e et le ciel doit rester d\u00e9gag\u00e9 toute la journ\u00e9e.\u00a0<\/p>\n<p class=\" wall-content\">Suivez toute l\u2019actualit\u00e9 de vos villes et m\u00e9dias favoris en vous inscrivant \u00e0 <a href=\"https:\/\/moncompte.actu.fr\" title=\"D\u00e9couvez Mon Actu\" rel=\"nofollow noopener\" data-trk=\"{&quot;cta&quot;:{&quot;action&quot;:&quot;https:\\\/\\\/moncompte.actu.fr&quot;,&quot;category&quot;:&quot;mon compte&quot;,&quot;from&quot;:&quot;article footer&quot;,&quot;name&quot;:&quot;Mon actu&quot;,&quot;type&quot;:&quot;cta&quot;}}\" target=\"_blank\">Mon Actu<\/a>.<\/p>\n","protected":false},"excerpt":{"rendered":"Par Lucie Fraisse Publi\u00e9 le 2 ao\u00fbt 2025 \u00e0 6h02 Le week-end commence sous les nuages \u00e0 Toulouse,&hellip;\n","protected":false},"author":2,"featured_media":294810,"comment_status":"","ping_status":"","sticky":false,"template":"","format":"standard","meta":{"footnotes":""},"categories":[2816],"tags":[1111,11,1777,674,1011,27,2487,2357,12,2680,25,2312],"class_list":{"0":"post-294809","1":"post","2":"type-post","3":"status-publish","4":"format-standard","5":"has-post-thumbnail","7":"category-toulouse","8":"tag-actu","9":"tag-actualites","10":"tag-eu","11":"tag-europe","12":"tag-fr","13":"tag-france","14":"tag-meteo","15":"tag-meteo-france","16":"tag-news","17":"tag-occitanie","18":"tag-republique-francaise","19":"tag-toulouse"},"share_on_mastodon":{"url":"https:\/\/pubeurope.com\/@fr\/114968195537934402","error":""},"_links":{"self":[{"href":"https:\/\/www.europesays.com\/fr\/wp-json\/wp\/v2\/posts\/294809","targetHints":{"allow":["GET"]}}],"collection":[{"href":"https:\/\/www.europesays.com\/fr\/wp-json\/wp\/v2\/posts"}],"about":[{"href":"https:\/\/www.europesays.com\/fr\/wp-json\/wp\/v2\/types\/post"}],"author":[{"embeddable":true,"href":"https:\/\/www.europesays.com\/fr\/wp-json\/wp\/v2\/users\/2"}],"replies":[{"embeddable":true,"href":"https:\/\/www.europesays.com\/fr\/wp-json\/wp\/v2\/comments?post=294809"}],"version-history":[{"count":0,"href":"https:\/\/www.europesays.com\/fr\/wp-json\/wp\/v2\/posts\/294809\/revisions"}],"wp:featuredmedia":[{"embeddable":true,"href":"https:\/\/www.europesays.com\/fr\/wp-json\/wp\/v2\/media\/294810"}],"wp:attachment":[{"href":"https:\/\/www.europesays.com\/fr\/wp-json\/wp\/v2\/media?parent=294809"}],"wp:term":[{"taxonomy":"category","embeddable":true,"href":"https:\/\/www.europesays.com\/fr\/wp-json\/wp\/v2\/categories?post=294809"},{"taxonomy":"post_tag","embeddable":true,"href":"https:\/\/www.europesays.com\/fr\/wp-json\/wp\/v2\/tags?post=294809"}],"curies":[{"name":"wp","href":"https:\/\/api.w.org\/{rel}","templated":true}]}}