{"id":294813,"date":"2025-08-04T02:45:15","date_gmt":"2025-08-04T02:45:15","guid":{"rendered":"https:\/\/www.europesays.com\/fr\/294813\/"},"modified":"2025-08-04T02:45:15","modified_gmt":"2025-08-04T02:45:15","slug":"mercato-pogba-giroud-et-maintenant-thauvin-les-champions-du-monde-ont-la-cote-en-ligue-1","status":"publish","type":"post","link":"https:\/\/www.europesays.com\/fr\/294813\/","title":{"rendered":"Mercato. Pogba, Giroud et maintenant Thauvin\u00a0? Les champions du monde ont la cote en Ligue 1 ."},"content":{"rendered":"<p>Paul Pogba \u00e0 Monaco, Olivier Giroud \u00e0 Lille et maintenant Florian Thauvin \u00e0 Lens\u00a0? La Ligue 1\u00a0lorgne les champions du monde <a href=\"https:\/\/rennes.maville.com\/sport\/detail_-mondial-2018.-equipe-de-france-mendy-nzonzi-et-fekir-appeles-retrouvez-la-liste-des-23-bleus_54135-3446827_actu.Htm\" target=\"_blank\" rel=\"noopener\">avec l\u2019\u00e9quipe de France en Russie, en 2018<\/a>. Selon <a href=\"https:\/\/www.lequipe.fr\/Football\/Article\/Mercato-lens-fonce-sur-florian-thauvin\/1582809\" target=\"_blank\" rel=\"noopener\">les informations de L\u2019\u00c9quipe publi\u00e9es ce dimanche 3\u00a0ao\u00fbt<\/a>, le club nordiste serait sur le point de trouver un accord avec Udinese (Serie A) pour recruter l\u2019ancien Marseillais pour un montant avoisinant les 6\u00a0millions d\u2019euros.<\/p>\n<p>Face \u00e0 la crise des droits TV que traverse le football fran\u00e7ais depuis plusieurs saisons, les clubs de Ligue 1\u00a0innovent pour faire leur march\u00e9 en recrutant malin avec toujours moins de moyens. Op\u00e9rant du neuf avec du vieux, en pariant sur des personnalit\u00e9s connues du grand public.<\/p>\n<p>Des coups de projecteurs sur la Ligue 1<\/p>\n<p>\u00c0 l\u2019\u00e8re post Neymar \u2013 Messi \u2013 Mbapp\u00e9, le championnat de France cherche des ambassadeurs pour mettre la lumi\u00e8re sur son championnat et am\u00e9liorer son attractivit\u00e9, quand sa vitrine, le PSG, repose d\u00e9sormais sur un collectif. Avec Pogba, Giroud et peut-\u00eatre bient\u00f4t Thauvin, la Ligue 1\u00a0accueille des figures auxquelles les gens et les annonceurs peuvent se rattacher.<\/p>\n<p>Un enjeu d\u2019image pour les clubs, les joueurs et le championnat qui englobe aussi \u2013 heureusement \u2013 une dimension sportive\u00a0pour de vieux briscards d\u00e9sireux de retourner en France. Quand Pogba (32\u00a0ans) rejoint Monaco pour se relancer et retrouver son meilleur niveau, deux ans apr\u00e8s son dernier match en comp\u00e9tition, <a href=\"https:\/\/rennes.maville.com\/sport\/detail_-losc.-defaite-et-discretion-pour-le-premier-match-d-olivier-giroud-avec-lille-_54135-6922626_actu.Htm\" target=\"_blank\" rel=\"noopener\">Giroud (39\u00a0ans) arrive \u00e0 Lille<\/a> pour apporter son exp\u00e9rience et peser au poste d\u2019avant-centre apr\u00e8s le d\u00e9part de Jonathan David.<\/p>\n<p>En qu\u00eate de plus de visibilit\u00e9, Florian Thauvin (32\u00a0ans) avait fait d\u2019un retour en France sa priorit\u00e9 depuis plus d\u2019un an,<a href=\"https:\/\/rennes.maville.com\/sport\/detail_-football.-en-grande-forme-avec-l-udinese-florian-thauvin-pre-convoque-en-equipe-de-france-_54135-6475324_actu.Htm\" target=\"_blank\" rel=\"noopener\"> assurant avoir retrouv\u00e9 la forme en Italie<\/a>.\u00a0Si son transfert dans l\u2019Artois se confirme au cours des prochains jours, \u00ab\u00a0Flotov\u00a0\u00bb pourrait apporter son v\u00e9cu dans un effectif en plein ajustement depuis l\u2019arriv\u00e9e de Pierre Sage. Lens, qui a d\u00fb appliquer une politique d\u2019aust\u00e9rit\u00e9 depuis plus d\u2019un an pour faire des \u00e9conomies, pourrait en tirer profit. La Ligue 1, aussi.<\/p>\n<p>\u00a0<\/p>\n","protected":false},"excerpt":{"rendered":"Paul Pogba \u00e0 Monaco, Olivier Giroud \u00e0 Lille et maintenant Florian Thauvin \u00e0 Lens\u00a0? La Ligue 1\u00a0lorgne les&hellip;\n","protected":false},"author":2,"featured_media":294814,"comment_status":"","ping_status":"","sticky":false,"template":"","format":"standard","meta":{"footnotes":""},"categories":[2815],"tags":[1111,11,3809,1465,1777,674,63,1011,27,1792,811,1922,1307,12,25,479,517,1470],"class_list":{"0":"post-294813","1":"post","2":"type-post","3":"status-publish","4":"format-standard","5":"has-post-thumbnail","7":"category-lille","8":"tag-actu","9":"tag-actualites","10":"tag-ball","11":"tag-basket","12":"tag-eu","13":"tag-europe","14":"tag-football","15":"tag-fr","16":"tag-france","17":"tag-handball","18":"tag-hauts-de-france","19":"tag-info","20":"tag-lille","21":"tag-news","22":"tag-republique-francaise","23":"tag-rugby","24":"tag-sport","25":"tag-volley"},"share_on_mastodon":{"url":"https:\/\/pubeurope.com\/@fr\/114968207238517233","error":""},"_links":{"self":[{"href":"https:\/\/www.europesays.com\/fr\/wp-json\/wp\/v2\/posts\/294813","targetHints":{"allow":["GET"]}}],"collection":[{"href":"https:\/\/www.europesays.com\/fr\/wp-json\/wp\/v2\/posts"}],"about":[{"href":"https:\/\/www.europesays.com\/fr\/wp-json\/wp\/v2\/types\/post"}],"author":[{"embeddable":true,"href":"https:\/\/www.europesays.com\/fr\/wp-json\/wp\/v2\/users\/2"}],"replies":[{"embeddable":true,"href":"https:\/\/www.europesays.com\/fr\/wp-json\/wp\/v2\/comments?post=294813"}],"version-history":[{"count":0,"href":"https:\/\/www.europesays.com\/fr\/wp-json\/wp\/v2\/posts\/294813\/revisions"}],"wp:featuredmedia":[{"embeddable":true,"href":"https:\/\/www.europesays.com\/fr\/wp-json\/wp\/v2\/media\/294814"}],"wp:attachment":[{"href":"https:\/\/www.europesays.com\/fr\/wp-json\/wp\/v2\/media?parent=294813"}],"wp:term":[{"taxonomy":"category","embeddable":true,"href":"https:\/\/www.europesays.com\/fr\/wp-json\/wp\/v2\/categories?post=294813"},{"taxonomy":"post_tag","embeddable":true,"href":"https:\/\/www.europesays.com\/fr\/wp-json\/wp\/v2\/tags?post=294813"}],"curies":[{"name":"wp","href":"https:\/\/api.w.org\/{rel}","templated":true}]}}