{"id":294815,"date":"2025-08-04T02:47:20","date_gmt":"2025-08-04T02:47:20","guid":{"rendered":"https:\/\/www.europesays.com\/fr\/294815\/"},"modified":"2025-08-04T02:47:20","modified_gmt":"2025-08-04T02:47:20","slug":"apres-lincendie-a-marseille-le-departement-de-nouveau-menace","status":"publish","type":"post","link":"https:\/\/www.europesays.com\/fr\/294815\/","title":{"rendered":"apr\u00e8s l\u2019incendie \u00e0 Marseille, le d\u00e9partement de nouveau menac\u00e9"},"content":{"rendered":"<p class=\"article-p mdl\">Les Bouches-du-Rh\u00f4ne sont de nouveau sous la menace des d\u00e9parts de feu. Pr\u00e8s d&rsquo;un mois apr\u00e8s cet incendie impressionnant aux portes de Marseille, qui a provoqu\u00e9 une immense angoisse chez les habitants, <strong>le d\u00e9partement est en alerte rouge<\/strong>.\u00a0<\/p>\n<p class=\"article-p mdl\">En pleine saison touristique, tous les massifs forestiers sont interdits d\u2019acc\u00e8s apr\u00e8s une mesure pr\u00e9ventive forte de M\u00e9t\u00e9o France. <strong>La route d&rsquo;acc\u00e8s \u00e0 la calanque est ferm\u00e9e par une barri\u00e8re<\/strong>. Quand un petit groupe de vacanciers s&rsquo;approche, c&rsquo;est Sylvie, l&rsquo;une des gardiennes du parc, qui vient les accueillir : \u00ab\u00a0Messieurs, les calanques sont ferm\u00e9es, risque majeur d&rsquo;incendie, d\u00e9sol\u00e9.\u00a0\u00bb Alors, ils rebroussent chemin, la mine un peu d\u00e9pit\u00e9e.<\/p>\n<p class=\"article-p mdl\">Une Parisienne, en vacances \u00e0 Marseille, nous raconte qu&rsquo;elle doit faire une croix sur ses envies de visiter les calanques ce week-end. \u00ab\u00a0C&rsquo;est notre premi\u00e8re fois ici, donc on est d\u00e9\u00e7us. On voulait d\u00e9couvrir, on voulait voir. Apr\u00e8s, s&rsquo;ils disent qu&rsquo;il y a un risque pour la s\u00e9curit\u00e9 de qui que ce soit, c&rsquo;est normal, <strong>il faut respecter et il faut partir<\/strong>, c&rsquo;est tout\u00a0\u00bb, a-t-elle dit. Et effectivement, avec la s\u00e9cheresse, les fortes chaleurs et les rafales \u00e0 50 km\/h, une simple \u00e9tincelle peut transformer\u00a0<a class=\"link\" href=\"https:\/\/www.rtl.fr\/actu\/justice-faits-divers\/aude-un-homme-de-23-ans-soupconne-d-avoir-provoque-deux-incendies-volontairement-7900527011\" title=\"Aude : un homme de 23 ans soup\u00e7onn\u00e9 d&#039;avoir provoqu\u00e9 deux incendies volontairement\" target=\"_blank\" rel=\"noopener\">le massif en v\u00e9ritable brasier<\/a>.<\/p>\n<p>            De nombreux comportements irresponsables<\/p>\n<p class=\"article-p mdl\">L&rsquo;objectif, c&rsquo;est de limiter les risques, neuf feux sur dix sont d&rsquo;origine humaine. Un autre des gardiens du parc, le sait bien, il nous raconte voir des comportements irresponsables tout l&rsquo;\u00e9t\u00e9 : \u00ab\u00a0<strong>Les gens ne comprennent pas qu&rsquo;il ne faut pas jeter les cigarettes<\/strong>. Malheureusement, si on passe sur la route, on voit qu&rsquo;il y a des m\u00e9gots partout. Quand il y a du vent, malheureusement, on est oblig\u00e9 de fermer parce que les pompiers sont d\u00e9bord\u00e9s en ce moment.\u00a0\u00bb<\/p>\n<p class=\"article-p mdl\">Ce dimanche 3 ao\u00fbt, <strong>les gardes du parc ont d\u00fb barrer la route \u00e0 plus d&rsquo;une centaine de visiteurs<\/strong>. La mesure est globalement bien accept\u00e9e parce que ces derni\u00e8res ann\u00e9es, les fermetures des massifs \u00e0 cause des risques d&rsquo;incendie se sont banalis\u00e9es.<\/p>\n<p class=\"article-p mdl\">Le sud-est de la France est sous tension : <strong>huit d\u00e9partements sont en vigilance orange<\/strong>, dont la Corse, o\u00f9 deux d\u00e9parts de feu quasi simultan\u00e9s ont ravag\u00e9, samedi, pr\u00e8s de 50 hectares de v\u00e9g\u00e9tation dans la r\u00e9gion du Nebbio. Le procureur de Bastia confirme ce matin avoir ouvert une enqu\u00eate pour \u00ab\u00a0destruction de bois et for\u00eat\u00a0\u00bb pour d\u00e9terminer les circonstances de l&rsquo;incendie.<\/p>\n<p>    La r\u00e9daction vous recommande<\/p>\n<p class=\"s-newsletter__title\">\n                L\u2019actualit\u00e9 par la r\u00e9daction de RTL dans votre bo\u00eete mail.\n            <\/p>\n<p class=\"s-newsletter__subtitle\">\n                Gr\u00e2ce \u00e0 votre compte RTL abonnez-vous \u00e0 la newsletter RTL info pour suivre toute l&rsquo;actualit\u00e9 au quotidien\n            <\/p>\n<p>\n                                    Lire la suite\n                                <\/p>\n","protected":false},"excerpt":{"rendered":"Les Bouches-du-Rh\u00f4ne sont de nouveau sous la menace des d\u00e9parts de feu. Pr\u00e8s d&rsquo;un mois apr\u00e8s cet incendie&hellip;\n","protected":false},"author":2,"featured_media":294816,"comment_status":"","ping_status":"","sticky":false,"template":"","format":"standard","meta":{"footnotes":""},"categories":[2814],"tags":[1111,11,885,2883,1777,674,107,1011,27,1310,884,2487,12,882,362,25,12817],"class_list":{"0":"post-294815","1":"post","2":"type-post","3":"status-publish","4":"format-standard","5":"has-post-thumbnail","7":"category-marseille","8":"tag-actu","9":"tag-actualites","10":"tag-bouches-du-rhone","11":"tag-ete","12":"tag-eu","13":"tag-europe","14":"tag-fil-info","15":"tag-fr","16":"tag-france","17":"tag-incendie","18":"tag-marseille","19":"tag-meteo","20":"tag-news","21":"tag-provence-alpes-cote-dazur","22":"tag-replay","23":"tag-republique-francaise","24":"tag-secheresse"},"share_on_mastodon":{"url":"https:\/\/pubeurope.com\/@fr\/114968215147025051","error":""},"_links":{"self":[{"href":"https:\/\/www.europesays.com\/fr\/wp-json\/wp\/v2\/posts\/294815","targetHints":{"allow":["GET"]}}],"collection":[{"href":"https:\/\/www.europesays.com\/fr\/wp-json\/wp\/v2\/posts"}],"about":[{"href":"https:\/\/www.europesays.com\/fr\/wp-json\/wp\/v2\/types\/post"}],"author":[{"embeddable":true,"href":"https:\/\/www.europesays.com\/fr\/wp-json\/wp\/v2\/users\/2"}],"replies":[{"embeddable":true,"href":"https:\/\/www.europesays.com\/fr\/wp-json\/wp\/v2\/comments?post=294815"}],"version-history":[{"count":0,"href":"https:\/\/www.europesays.com\/fr\/wp-json\/wp\/v2\/posts\/294815\/revisions"}],"wp:featuredmedia":[{"embeddable":true,"href":"https:\/\/www.europesays.com\/fr\/wp-json\/wp\/v2\/media\/294816"}],"wp:attachment":[{"href":"https:\/\/www.europesays.com\/fr\/wp-json\/wp\/v2\/media?parent=294815"}],"wp:term":[{"taxonomy":"category","embeddable":true,"href":"https:\/\/www.europesays.com\/fr\/wp-json\/wp\/v2\/categories?post=294815"},{"taxonomy":"post_tag","embeddable":true,"href":"https:\/\/www.europesays.com\/fr\/wp-json\/wp\/v2\/tags?post=294815"}],"curies":[{"name":"wp","href":"https:\/\/api.w.org\/{rel}","templated":true}]}}