{"id":294817,"date":"2025-08-04T02:48:19","date_gmt":"2025-08-04T02:48:19","guid":{"rendered":"https:\/\/www.europesays.com\/fr\/294817\/"},"modified":"2025-08-04T02:48:19","modified_gmt":"2025-08-04T02:48:19","slug":"lyon-a-la-croix-rousse-la-grande-cote-et-la-grande-rue-formaient-un-meme-axe-aux-univers-bien-differents","status":"publish","type":"post","link":"https:\/\/www.europesays.com\/fr\/294817\/","title":{"rendered":"Lyon. \u00c0 la Croix-Rousse, la Grande C\u00f4te et la Grande Rue formaient un m\u00eame axe aux univers bien diff\u00e9rents"},"content":{"rendered":"<p>\u00c0 l\u2019\u00e9poque o\u00f9 la colline de la Croix-Rousse n\u2019\u00e9tait que champs, vignes et campagne, l\u2019axe principal de la Grande C\u00f4te et de la Grande Rue existait d\u00e9j\u00e0. La Grande C\u00f4te s\u2019appelait alors la c\u00f4te Saint-S\u00e9bastien et int\u00e9grait la rue des Pierres Plant\u00e9es, qui n\u2019est apparue que bien plus tard. La muraille s\u00e9parait les pentes du faubourg mais la porte Saint-S\u00e9bastien rejoignait les deux rues.<\/p>\n<p>Il s\u2019agissait, pour les Lyonnais, de la voie principale pour rejoindre les Dombes, la Bresse et toutes les villes du nord de Sa\u00f4ne. Jusqu\u2019au milieu du XVIIIe\u00a0si\u00e8cle, les remparts emp\u00eachaient l\u2019acc\u00e8s aux berges de Sa\u00f4ne, on ne pouvait passer que par la colline.<\/p>\n<p>Les religieuses, propri\u00e9taires d\u2019une grande partie des pentes<\/p>\n<p>Cette longue route de pr\u00e8s de 1\u00a0500 m\u00e8tres n\u2019a \u00e9t\u00e9 bord\u00e9e d\u2019habitations qu\u2019\u00e0 partir du XVIe\u00a0si\u00e8cle. Avant la premi\u00e8re moiti\u00e9 du si\u00e8cle pour les pentes,&#8230;<\/p>\n","protected":false},"excerpt":{"rendered":"\u00c0 l\u2019\u00e9poque o\u00f9 la colline de la Croix-Rousse n\u2019\u00e9tait que champs, vignes et campagne, l\u2019axe principal de la&hellip;\n","protected":false},"author":2,"featured_media":294818,"comment_status":"","ping_status":"","sticky":false,"template":"","format":"standard","meta":{"footnotes":""},"categories":[1889],"tags":[1111,11,2430,1687,2757,1777,674,1011,27,2428,2756,15108,12,25],"class_list":{"0":"post-294817","1":"post","2":"type-post","3":"status-publish","4":"format-standard","5":"has-post-thumbnail","7":"category-lyon","8":"tag-actu","9":"tag-actualites","10":"tag-auvergne-rhone-alpes","11":"tag-culture-loisirs","12":"tag-edition-lyon-villeurbanne","13":"tag-eu","14":"tag-europe","15":"tag-fr","16":"tag-france","17":"tag-lyon","18":"tag-lyon-bassin","19":"tag-magazine-lifestyle","20":"tag-news","21":"tag-republique-francaise"},"share_on_mastodon":{"url":"https:\/\/pubeurope.com\/@fr\/114968219149122645","error":""},"_links":{"self":[{"href":"https:\/\/www.europesays.com\/fr\/wp-json\/wp\/v2\/posts\/294817","targetHints":{"allow":["GET"]}}],"collection":[{"href":"https:\/\/www.europesays.com\/fr\/wp-json\/wp\/v2\/posts"}],"about":[{"href":"https:\/\/www.europesays.com\/fr\/wp-json\/wp\/v2\/types\/post"}],"author":[{"embeddable":true,"href":"https:\/\/www.europesays.com\/fr\/wp-json\/wp\/v2\/users\/2"}],"replies":[{"embeddable":true,"href":"https:\/\/www.europesays.com\/fr\/wp-json\/wp\/v2\/comments?post=294817"}],"version-history":[{"count":0,"href":"https:\/\/www.europesays.com\/fr\/wp-json\/wp\/v2\/posts\/294817\/revisions"}],"wp:featuredmedia":[{"embeddable":true,"href":"https:\/\/www.europesays.com\/fr\/wp-json\/wp\/v2\/media\/294818"}],"wp:attachment":[{"href":"https:\/\/www.europesays.com\/fr\/wp-json\/wp\/v2\/media?parent=294817"}],"wp:term":[{"taxonomy":"category","embeddable":true,"href":"https:\/\/www.europesays.com\/fr\/wp-json\/wp\/v2\/categories?post=294817"},{"taxonomy":"post_tag","embeddable":true,"href":"https:\/\/www.europesays.com\/fr\/wp-json\/wp\/v2\/tags?post=294817"}],"curies":[{"name":"wp","href":"https:\/\/api.w.org\/{rel}","templated":true}]}}