{"id":294819,"date":"2025-08-04T02:49:38","date_gmt":"2025-08-04T02:49:38","guid":{"rendered":"https:\/\/www.europesays.com\/fr\/294819\/"},"modified":"2025-08-04T02:49:38","modified_gmt":"2025-08-04T02:49:38","slug":"drome-une-portion-de-la-rn7-fermee-dans-le-sens-lyon-valence-du-4-au-8-aout","status":"publish","type":"post","link":"https:\/\/www.europesays.com\/fr\/294819\/","title":{"rendered":"Dr\u00f4me. Une portion de la RN7 ferm\u00e9e dans le sens Lyon Valence du 4 au 8\u00a0ao\u00fbt"},"content":{"rendered":"<p>La travers\u00e9e de Saint-Vallier et du quai Bizarelli par la route Nationale 7 sera sujette \u00e0 des investigations de d\u00e9tection de g\u00e9oradar (dans les sols) et sur la structure de la chauss\u00e9e. Celles-ci seront r\u00e9alis\u00e9es \u00e0 l\u2019initiative de la Direction interd\u00e9partementale des routes centre-est (DIRCE) durant la premi\u00e8re semaine d\u2019ao\u00fbt.<\/p>\n<p>En cons\u00e9quence, du lundi\u00a04\u00a0au vendredi 8\u00a0ao\u00fbt, de 8\u00a0h \u00e0 18 heures, la RN 7 dans le sens nord-sud (Lyon vers Valence), sera ferm\u00e9e \u00e0 la circulation.<\/p>\n<p>Ce contenu est bloqu\u00e9 car vous n&rsquo;avez pas accept\u00e9 les cookies et autres traceurs.<\/p>\n<p>En cliquant sur \u00ab J\u2019accepte \u00bb, les cookies et autres traceurs seront d\u00e9pos\u00e9s et vous pourrez visualiser les contenus  (<a href=\"\" class=\"consentModule_policy\" target=\"_blank\" title=\"Consulter la politique de protection des donn\u00e9es du fournisseur\">plus d&rsquo;informations<\/a>).<\/p>\n<p>En cliquant sur \u00ab J\u2019accepte tous les cookies \u00bb, vous autorisez des d\u00e9p\u00f4ts de cookies et autres traceurs pour le stockage de vos donn\u00e9es sur nos sites et applications \u00e0 des fins de personnalisation et de ciblage publicitaire.<\/p>\n<p class=\"consentModule_secondaryText\">Vous gardez la possibilit\u00e9 de retirer votre consentement \u00e0 tout moment en consultant notre <a href=\"https:\/\/www.ledauphine.com\/protection-des-donnees\" target=\"_blank\" title=\"Consulter notre politique de protection des donn\u00e9es\" rel=\"noopener\">politique de protection des donn\u00e9es<\/a>. <br \/>&#13;<br \/>\n            <a href=\"https:\/\/www.ledauphine.com\/economie\/2025\/08\/02\/javascript:Didomi.notice.show()\" class=\"consentModule_cmp\" target=\"_blank\" rel=\"noopener\">G\u00e9rer mes choix<\/a>&#13;\n        <\/p>\n<p>&#13;<br \/>\n                        J&rsquo;accepte&#13;<br \/>\n            J&rsquo;accepte tous les cookies&#13;\n        <\/p>\n<p>  Une d\u00e9viation mise en place<\/p>\n<p>Une d\u00e9viation \u00e0 l\u2019attention des usagers sera mise en place par la D 86, selon l\u2019itin\u00e9raire suivant. Depuis le giratoire RN7\/RD86c (Saint-Vallier) suivre la RD 86c direction Sarras, puis Ozon et Vion. Au croisement RD86\/RD800, prendre \u00e0 gauche en direction de Gervans, pour revenir sur la RN7.<\/p>\n<p>La circulation dans le sens sud-nord sera maintenue sur la RN7.<\/p>\n","protected":false},"excerpt":{"rendered":"La travers\u00e9e de Saint-Vallier et du quai Bizarelli par la route Nationale 7 sera sujette \u00e0 des investigations&hellip;\n","protected":false},"author":2,"featured_media":294820,"comment_status":"","ping_status":"","sticky":false,"template":"","format":"standard","meta":{"footnotes":""},"categories":[1889],"tags":[1111,11,2430,4749,3542,2730,33,2737,1777,674,107,1011,27,2428,12,25,15481,22524,2803],"class_list":{"0":"post-294819","1":"post","2":"type-post","3":"status-publish","4":"format-standard","5":"has-post-thumbnail","7":"category-lyon","8":"tag-actu","9":"tag-actualites","10":"tag-auvergne-rhone-alpes","11":"tag-btp-et-chantiers","12":"tag-circulation","13":"tag-drome","14":"tag-economie","15":"tag-edition-romans-nord-drome","16":"tag-eu","17":"tag-europe","18":"tag-fil-info","19":"tag-fr","20":"tag-france","21":"tag-lyon","22":"tag-news","23":"tag-republique-francaise","24":"tag-saint-vallier","25":"tag-saint-vallier-et-autour","26":"tag-transport"},"share_on_mastodon":{"url":"https:\/\/pubeurope.com\/@fr\/114968222991119053","error":""},"_links":{"self":[{"href":"https:\/\/www.europesays.com\/fr\/wp-json\/wp\/v2\/posts\/294819","targetHints":{"allow":["GET"]}}],"collection":[{"href":"https:\/\/www.europesays.com\/fr\/wp-json\/wp\/v2\/posts"}],"about":[{"href":"https:\/\/www.europesays.com\/fr\/wp-json\/wp\/v2\/types\/post"}],"author":[{"embeddable":true,"href":"https:\/\/www.europesays.com\/fr\/wp-json\/wp\/v2\/users\/2"}],"replies":[{"embeddable":true,"href":"https:\/\/www.europesays.com\/fr\/wp-json\/wp\/v2\/comments?post=294819"}],"version-history":[{"count":0,"href":"https:\/\/www.europesays.com\/fr\/wp-json\/wp\/v2\/posts\/294819\/revisions"}],"wp:featuredmedia":[{"embeddable":true,"href":"https:\/\/www.europesays.com\/fr\/wp-json\/wp\/v2\/media\/294820"}],"wp:attachment":[{"href":"https:\/\/www.europesays.com\/fr\/wp-json\/wp\/v2\/media?parent=294819"}],"wp:term":[{"taxonomy":"category","embeddable":true,"href":"https:\/\/www.europesays.com\/fr\/wp-json\/wp\/v2\/categories?post=294819"},{"taxonomy":"post_tag","embeddable":true,"href":"https:\/\/www.europesays.com\/fr\/wp-json\/wp\/v2\/tags?post=294819"}],"curies":[{"name":"wp","href":"https:\/\/api.w.org\/{rel}","templated":true}]}}