{"id":294823,"date":"2025-08-04T02:52:12","date_gmt":"2025-08-04T02:52:12","guid":{"rendered":"https:\/\/www.europesays.com\/fr\/294823\/"},"modified":"2025-08-04T02:52:12","modified_gmt":"2025-08-04T02:52:12","slug":"michel-barnier-repete-la-promesse-faite-a-rachida-dati-de-ne-pas-etre-candidat-a-la-mairie-de-paris","status":"publish","type":"post","link":"https:\/\/www.europesays.com\/fr\/294823\/","title":{"rendered":"Michel Barnier r\u00e9p\u00e8te la promesse faite \u00e0 Rachida Dati de ne pas \u00eatre candidat \u00e0 la mairie de Paris"},"content":{"rendered":"<p>        <a class=\"Link \" href=\"https:\/\/www.lopinion.fr\/politique\/reddition-racket-la-classe-politique-francaise-fustige-laccord-commercial-entre-lue-et-les-etats-unis\" data-cms-ai=\"0\" rel=\"nofollow noopener\" target=\"_blank\">\u00ab\u00a0Reddition\u00a0\u00bb, \u00ab\u00a0racket\u00a0\u00bb\u00a0: la classe politique fran\u00e7aise fustige l&rsquo;accord commercial entre l&rsquo;UE et Washington<\/a><\/p>\n<p>l&rsquo;Opinion (avec AFP)<\/p>\n<p>Paris &#8211; \u00abReddition\u00bb, \u00abracket\u00bb, \u00abd\u00e9faite\u00a0\u00bb: la classe politique fran\u00e7aise \u00e9tait unanime lundi \u00e0 d\u00e9noncer l\u2019accord commercial conclu la veille entre l\u2019Union europ\u00e9enne et les \u00c9tats-Unis, les oppositions critiquant tout particuli\u00e8rement la macronie. Emmanuel Macron, partisan d\u2019une ligne ferme face aux Etats-Unis ces derniers mois, n\u2019avait pas encore r\u00e9agi lundi en d\u00e9but de soir\u00e9e, mais son Premier ministre Fran\u00e7ois Bayrou a d\u00e9plor\u00e9 sur X \u00abun jour sombre \u00a0\u00bb pour l\u2019Europe, une \u00aballiance de peuples libres, rassembl\u00e9s pour affirmer leurs valeurs et d\u00e9fendre leurs int\u00e9r\u00eats\u00bb, qui se \u00abr\u00e9sout \u00e0 la soumission\u00bb. Les critiques \u00e9taient vives y compris au sein du camp pr\u00e9sidentiel, o\u00f9 certains d\u00e9ploraient un \u00abaveu de faiblesse\u00bb. \u00abC\u2019est une d\u00e9faite de la Commission europ\u00e9enne qui n\u2019a pas su cr\u00e9er le rapport de force et d\u00e9fendre correctement les int\u00e9r\u00eats europ\u00e9ens\u00bb, a r\u00e9agi Pieyre-Alexandre Anglade, d\u00e9put\u00e9 macroniste et pr\u00e9sident de la commission des Affaires europ\u00e9ennes de l\u2019Assembl\u00e9e nationale. M\u00eame son de cloche du c\u00f4t\u00e9 de Roland Lescure, vice-pr\u00e9sident de l\u2019Assembl\u00e9e nationale et d\u00e9put\u00e9 Renaissance des Fran\u00e7ais d\u2019Am\u00e9rique du Nord, qui d\u00e9plore \u00abun aveu de faiblesse historique qui fait peser un danger vital sur nombre de nos entreprises. Nous avons perdu la guerre commerciale avant m\u00eame d\u2019oser la mener\u00bb. \u00abCette faiblesse (&#8230;) r\u00e9sulte de mauvais choix qui n\u2019assurent ni la souverainet\u00e9 ni la prosp\u00e9rit\u00e9 du continent\u00bb, a affirm\u00e9 pour sa part Michel Barnier, ancien Premier ministre LR et n\u00e9gociateur du Brexit. Le ministre de l\u2019Int\u00e9rieur et patron de LR Bruno Retailleau a lui consid\u00e9r\u00e9 que cet accord \u00e9tait \u00abune tr\u00e8s mauvaise nouvelle pour l\u2019Europe\u00bb. \u00abIl est le sympt\u00f4me d\u2019un probl\u00e8me : celui de (sa) faiblesse et de sa d\u00e9pendance malsaine vis-\u00e0-vis des \u00c9tats-Unis.\u00bb \u00abCe n\u2019est pas un accord, c\u2019est du racket\u202f! (&#8230;) La France ne peut pas le tol\u00e9rer\u00bb, a lanc\u00e9 de son c\u00f4t\u00e9 Laurent Wauquiez, chef de file des d\u00e9put\u00e9s LR. Double jeu Donald Trump et la pr\u00e9sidente de la Commission europ\u00e9enne Ursula von der Leyen ont arrach\u00e9 dimanche en Ecosse un accord douanier pr\u00e9voyant que les produits europ\u00e9ens export\u00e9s aux Etats-Unis soient tax\u00e9s \u00e0 15%. Les Europ\u00e9ens esp\u00e8rent \u00e0 ce prix \u00e9viter une escalade commerciale. L\u2019UE s\u2019engage \u00e0 750 milliards de dollars d\u2019achats d&rsquo;\u00e9nergie, visant notamment \u00e0 remplacer le gaz russe, et \u00e0 600 milliards d\u2019investissements suppl\u00e9mentaires aux \u00c9tats-Unis. Les oppositions ont quant \u00e0 elles non seulement d\u00e9nonc\u00e9 l\u2019accord mais attaqu\u00e9 l\u2019ex\u00e9cutif pour sa suppos\u00e9e inaction. \u00abIl y a des tweets qui r\u00e9sonnent comme des aveux d\u2019impuissance. Un Premier ministre de la France ne se contente pas de pleurnicher\u00bb sur les r\u00e9seaux sociaux, a tacl\u00e9 Olivier Faure, le premier secr\u00e9taire du PS. \u00abIl prend des positions, d\u00e9fend nos int\u00e9r\u00eats et organise la confrontation avec Ursula Von der Leyen au sein de l\u2019Union europ\u00e9enne.\u00bb \u00abLa France doit refuser cette capitulation plut\u00f4t que de se comporter comme une bande de commentateurs sans influence\u00bb, a abond\u00e9 Manuel Bompard, coordinateur de La France insoumise. L\u2019extr\u00eame droite a rejoint la gauche dans le choeur des critiques. \u00abUrsula von der Leyen a accept\u00e9 hier la reddition commerciale de l\u2019Europe, au d\u00e9triment de nos exportateurs, agriculteurs et industriels\u00bb, a d\u00e9nonc\u00e9 Jordan Bardella, le pr\u00e9sident du Rassemblement national. La veille, Marine Le Pen avait \u00e9voqu\u00e9 \u00abun fiasco politique, \u00e9conomique et moral\u00bb. Certains ont point\u00e9 le double jeu du RN, qui d\u00e9plore l\u2019accord malgr\u00e9 ses affinit\u00e9s avec le pr\u00e9sident am\u00e9ricain. \u00abLes alli\u00e9s de Marine Le Pen sont all\u00e9s au congr\u00e8s du parti r\u00e9publicain (am\u00e9ricain, NDLR) soutenir Donald Trump (&#8230;) Madame Le Pen, monsieur Bardella\u00bb ont pris \u00abTrump comme mod\u00e8le\u00bb, a fustig\u00e9 l\u2019ex-ministre macroniste Cl\u00e9ment Beaune, d\u00e9sormais \u00e0 la t\u00eate du Haut-commissariat au Plan. \u00abMessage personnel \u00e0 la Macronie : l&rsquo;\u00e2ne n\u2019est pas celui qui propose un deal incroyablement d\u00e9s\u00e9quilibr\u00e9 \u00e0 son propre profit mais celui qui l\u2019accepte \u00e0 son total d\u00e9triment\u202f!\u00bb, a r\u00e9torqu\u00e9 lundi Marine Le Pen. Lisa DEFOSSEZ \u00a9 Agence France-Presse<\/p>\n","protected":false},"excerpt":{"rendered":"\u00ab\u00a0Reddition\u00a0\u00bb, \u00ab\u00a0racket\u00a0\u00bb\u00a0: la classe politique fran\u00e7aise fustige l&rsquo;accord commercial entre l&rsquo;UE et Washington l&rsquo;Opinion (avec AFP) Paris &#8211;&hellip;\n","protected":false},"author":2,"featured_media":294824,"comment_status":"","ping_status":"","sticky":false,"template":"","format":"standard","meta":{"footnotes":""},"categories":[1888],"tags":[1111,1928,11,1927,1777,674,1011,27,12,1926,626,1925,25],"class_list":{"0":"post-294823","1":"post","2":"type-post","3":"status-publish","4":"format-standard","5":"has-post-thumbnail","7":"category-paris","8":"tag-actu","9":"tag-actu-paris","10":"tag-actualites","11":"tag-actualites-paris","12":"tag-eu","13":"tag-europe","14":"tag-fr","15":"tag-france","16":"tag-news","17":"tag-news-paris","18":"tag-paris","19":"tag-paris-news","20":"tag-republique-francaise"},"share_on_mastodon":{"url":"https:\/\/pubeurope.com\/@fr\/114968234841727280","error":""},"_links":{"self":[{"href":"https:\/\/www.europesays.com\/fr\/wp-json\/wp\/v2\/posts\/294823","targetHints":{"allow":["GET"]}}],"collection":[{"href":"https:\/\/www.europesays.com\/fr\/wp-json\/wp\/v2\/posts"}],"about":[{"href":"https:\/\/www.europesays.com\/fr\/wp-json\/wp\/v2\/types\/post"}],"author":[{"embeddable":true,"href":"https:\/\/www.europesays.com\/fr\/wp-json\/wp\/v2\/users\/2"}],"replies":[{"embeddable":true,"href":"https:\/\/www.europesays.com\/fr\/wp-json\/wp\/v2\/comments?post=294823"}],"version-history":[{"count":0,"href":"https:\/\/www.europesays.com\/fr\/wp-json\/wp\/v2\/posts\/294823\/revisions"}],"wp:featuredmedia":[{"embeddable":true,"href":"https:\/\/www.europesays.com\/fr\/wp-json\/wp\/v2\/media\/294824"}],"wp:attachment":[{"href":"https:\/\/www.europesays.com\/fr\/wp-json\/wp\/v2\/media?parent=294823"}],"wp:term":[{"taxonomy":"category","embeddable":true,"href":"https:\/\/www.europesays.com\/fr\/wp-json\/wp\/v2\/categories?post=294823"},{"taxonomy":"post_tag","embeddable":true,"href":"https:\/\/www.europesays.com\/fr\/wp-json\/wp\/v2\/tags?post=294823"}],"curies":[{"name":"wp","href":"https:\/\/api.w.org\/{rel}","templated":true}]}}