{"id":294825,"date":"2025-08-04T02:53:15","date_gmt":"2025-08-04T02:53:15","guid":{"rendered":"https:\/\/www.europesays.com\/fr\/294825\/"},"modified":"2025-08-04T02:53:15","modified_gmt":"2025-08-04T02:53:15","slug":"la330neo-daircalin-cloue-au-sol-a-paris-un-nouveau-vol-annule-ce-week-end","status":"publish","type":"post","link":"https:\/\/www.europesays.com\/fr\/294825\/","title":{"rendered":"L&rsquo;A330neo d&rsquo;Aircalin clou\u00e9 au sol \u00e0 Paris, un nouveau vol annul\u00e9 ce week-end"},"content":{"rendered":"<p>Apr\u00e8s l&rsquo;appareil de la compagnie Hi Fly, c&rsquo;est l&rsquo;A330neo d&rsquo;Aircalin qui rencontre un probl\u00e8me technique. Le vol qui devait partir de Paris ce samedi 2 ao\u00fbt a \u00e9t\u00e9 annul\u00e9.<\/p>\n<p>Les probl\u00e8mes techniques s&rsquo;accumulent ce week-end pour la compagnie Aircalin. Apr\u00e8s la panne de l&rsquo;appareil de la compagnie Hi Fly et <a href=\"https:\/\/la1ere.franceinfo.fr\/nouvellecaledonie\/aircalin-les-vols-sb740-et-sb741-reprogrammes-apres-la-reparation-de-l-avion-bloque-a-singapour-1610328.html\" target=\"_blank\" rel=\"noopener nofollow\">la reprogrammation des vols entre Noum\u00e9a et Singapour<\/a>, c&rsquo;est l&rsquo;Airbus A330neo qui est tomb\u00e9 en panne \u00e0 Paris.<\/p>\n<p>Dans un communiqu\u00e9, la compagnie \u00e0 l&rsquo;hibiscus \u00ab\u00a0informe sa client\u00e8le qu\u2019en raison d\u2019une panne technique d\u2019un \u00e9quipement de s\u00e9curit\u00e9 de l\u2019A330, le vol SB 501 Paris-Noum\u00e9a via Bangkok du 2 ao\u00fbt a \u00e9t\u00e9 suspendu\u00a0\u00bb. En cause : l&rsquo;absence d&rsquo;affichage des sorties de secours.<\/p>\n<p>\u00ab\u00a0Cette panne n\u00e9cessite des tests \u00e9lectriques qui devront \u00eatre r\u00e9alis\u00e9s \u00e0 l\u2019a\u00e9roport Roissy-Charles-de-Gaulle\u00a0\u00bb, pr\u00e9cise Aircalin. Au total, 332 passagers sont concern\u00e9s sur les diff\u00e9rents tron\u00e7ons. \u00ab\u00a0Ils ont \u00e9t\u00e9 inform\u00e9s, pris en charge et h\u00e9berg\u00e9s par la compagnie, \u00e0 leurs points de d\u00e9part respectifs\u00a0\u00bb, ajoute Aircalin. Le vol n&rsquo;a pas encore \u00e9t\u00e9 reprogramm\u00e9.<\/p>\n<p>Par ailleurs, Aircalin informe que les conditions m\u00e9t\u00e9orologiques d\u00e9favorables dans la r\u00e9gion de Brisbane et la mer de Corail \u00ab\u00a0font l\u2019objet d\u2019un suivi attentif\u00a0\u00bb. \u00c0 ce stade, aucun vol r\u00e9gional n\u2019est annul\u00e9. Le cas \u00e9ch\u00e9ant, les informations seront <a href=\"https:\/\/www.aircalin.fr\/fr\/info-vols\" target=\"_blank\" rel=\"noopener nofollow\">mises \u00e0 jour en temps r\u00e9el<\/a> sur le site internet de la compagnie.<\/p>\n","protected":false},"excerpt":{"rendered":"Apr\u00e8s l&rsquo;appareil de la compagnie Hi Fly, c&rsquo;est l&rsquo;A330neo d&rsquo;Aircalin qui rencontre un probl\u00e8me technique. Le vol qui&hellip;\n","protected":false},"author":2,"featured_media":294826,"comment_status":"","ping_status":"","sticky":false,"template":"","format":"standard","meta":{"footnotes":""},"categories":[1888],"tags":[1111,1928,11,1927,1777,674,1011,27,12,1926,626,1925,25],"class_list":{"0":"post-294825","1":"post","2":"type-post","3":"status-publish","4":"format-standard","5":"has-post-thumbnail","7":"category-paris","8":"tag-actu","9":"tag-actu-paris","10":"tag-actualites","11":"tag-actualites-paris","12":"tag-eu","13":"tag-europe","14":"tag-fr","15":"tag-france","16":"tag-news","17":"tag-news-paris","18":"tag-paris","19":"tag-paris-news","20":"tag-republique-francaise"},"share_on_mastodon":{"url":"https:\/\/pubeurope.com\/@fr\/114968238755271792","error":""},"_links":{"self":[{"href":"https:\/\/www.europesays.com\/fr\/wp-json\/wp\/v2\/posts\/294825","targetHints":{"allow":["GET"]}}],"collection":[{"href":"https:\/\/www.europesays.com\/fr\/wp-json\/wp\/v2\/posts"}],"about":[{"href":"https:\/\/www.europesays.com\/fr\/wp-json\/wp\/v2\/types\/post"}],"author":[{"embeddable":true,"href":"https:\/\/www.europesays.com\/fr\/wp-json\/wp\/v2\/users\/2"}],"replies":[{"embeddable":true,"href":"https:\/\/www.europesays.com\/fr\/wp-json\/wp\/v2\/comments?post=294825"}],"version-history":[{"count":0,"href":"https:\/\/www.europesays.com\/fr\/wp-json\/wp\/v2\/posts\/294825\/revisions"}],"wp:featuredmedia":[{"embeddable":true,"href":"https:\/\/www.europesays.com\/fr\/wp-json\/wp\/v2\/media\/294826"}],"wp:attachment":[{"href":"https:\/\/www.europesays.com\/fr\/wp-json\/wp\/v2\/media?parent=294825"}],"wp:term":[{"taxonomy":"category","embeddable":true,"href":"https:\/\/www.europesays.com\/fr\/wp-json\/wp\/v2\/categories?post=294825"},{"taxonomy":"post_tag","embeddable":true,"href":"https:\/\/www.europesays.com\/fr\/wp-json\/wp\/v2\/tags?post=294825"}],"curies":[{"name":"wp","href":"https:\/\/api.w.org\/{rel}","templated":true}]}}