{"id":294827,"date":"2025-08-04T02:54:35","date_gmt":"2025-08-04T02:54:35","guid":{"rendered":"https:\/\/www.europesays.com\/fr\/294827\/"},"modified":"2025-08-04T02:54:35","modified_gmt":"2025-08-04T02:54:35","slug":"attentat-de-la-rue-des-rosiers-a-paris-le-proces-aura-bien-lieu-plus-de-quarante-ans-apres","status":"publish","type":"post","link":"https:\/\/www.europesays.com\/fr\/294827\/","title":{"rendered":"Attentat de la rue des Rosiers \u00e0 Paris\u00a0: le proc\u00e8s aura bien lieu, plus de quarante ans apr\u00e8s"},"content":{"rendered":"\n<p>L\u2019attentat, perp\u00e9tr\u00e9 par un commando de trois \u00e0 cinq hommes, a \u00e9t\u00e9 attribu\u00e9 au Fatah-Conseil r\u00e9volutionnaire (Fatah-CR) d\u2019Abou Nidal, groupe palestinien dissident de l\u2019Organisation de lib\u00e9ration de la Palestine (OLP). Dans son ordonnance de mise en accusation rendue jeudi 30 juillet, le juge d\u2019instruction a ordonn\u00e9 un proc\u00e8s contre deux suspects mis en examen, Abou Zayed et Hazza Taha, et quatre hommes faisant l\u2019objet d\u2019un mandat d\u2019arr\u00eat.<\/p>\n<p>Abou Zayed<\/p>\n<p>Abou Zayed, dont le nom complet est Walid Abdulrahman Abou Zayed, est renvoy\u00e9 pour assassinats et complicit\u00e9 d\u2019assassinats en relation avec une entreprise terroriste. Ce Norv\u00e9gien d\u2019origine palestinienne \u00e2g\u00e9 de 66 ans est consid\u00e9r\u00e9 comme l\u2019un des tireurs. En d\u00e9tention en France depuis son extradition fin 2020 depuis la Norv\u00e8ge, il conteste les faits. \u201cCette d\u00e9cision est une escroquerie. D\u2019abord pour les victimes \u00e0 qui on fait honteusement croire que la justice a trouv\u00e9 l\u2019un des responsables de leur douleur. Ensuite pour le droit car cette enqu\u00eate n\u2019est absolument pas termin\u00e9e et ce renvoi a pour seul but de maintenir notre client en prison\u201d, ont r\u00e9agi aupr\u00e8s de l\u2019AFP les avocats d\u2019Abou Zayed, Romain Ruiz et Bruno Gendrin.<\/p>\n<p>Abou Zayed avait reconnu en 2022, pour la premi\u00e8re fois, devant le juge d\u2019instruction, appartenir au groupe Abou Nidal. Mais il a soutenu n\u2019\u00eatre \u201cqu\u2019un simple administratif\u201d au sein du comit\u00e9 militaire, devenu comit\u00e9 des op\u00e9rations sp\u00e9ciales en 1983, de ce groupe et n\u2019avoir \u201cjamais\u201d s\u00e9journ\u00e9 \u201c\u00e0 l\u2019\u00e9tranger, \u00e0 plus forte raison pour ex\u00e9cuter ou superviser une op\u00e9ration terroriste\u201d, est-il rappel\u00e9 dans l\u2019ordonnance.<\/p>\n<p>Mais pour le juge d\u2019instruction, Abou Zayed \u00e9tait \u201cun op\u00e9rationnel tr\u00e8s actif\u201d, un \u201cex\u00e9cutant puis superviseur\u201d de ce comit\u00e9 ayant particip\u00e9 en Europe \u00e0 des attentats et assassinats, comme l\u2019attestent plusieurs t\u00e9moignages. \u201cUn faisceau d\u2019indices multiples et concordants\u201d d\u00e9montre \u201csa participation \u00e0 l\u2019attentat\u201d rue des Rosiers, selon le magistrat.<\/p>\n<p>Hazza Taha<\/p>\n<p>Hazza Taha, mis en examen au printemps dernier et plac\u00e9 sous contr\u00f4le judiciaire, est renvoy\u00e9 pour complicit\u00e9 d\u2019assassinats et de tentatives d\u2019assassinats en relation avec une entreprise terroriste. Soup\u00e7onn\u00e9 d\u2019avoir cach\u00e9 des armes, il conteste les faits. Les investigations ont dur\u00e9 \u201c43 ans durant lesquels les pistes les plus fantaisistes ont pu \u00eatre \u00e9voqu\u00e9es, (\u2026) les services de renseignement ont souffl\u00e9 le chaud et le froid sans jamais faire le choix de la transparence, seul moyen d\u2019offrir une chance de parvenir \u00e0 la manifestation de la v\u00e9rit\u00e9\u201d, ont d\u00e9nonc\u00e9 aupr\u00e8s de l\u2019AFP ses avocats, Juliette Triquet et Florian Godest Le Gall, redoutant \u201cun nouveau naufrage judiciaire\u201d et annon\u00e7ant faire appel de l\u2019ordonnance.<\/p>\n<p>Les d\u00e9clarations de Hazza Taha n\u2019ont pas permis de \u201ccontredire (les) accusations et (les) notes d\u00e9classifi\u00e9es\u201d, note le juge.<\/p>\n<p>Mandat d\u2019arr\u00eat pour quatre autres suspects<\/p>\n<p>Les quatre autres suspects, localis\u00e9s en Cisjordanie, en Jordanie et au Kowe\u00eft, font l\u2019objet d\u2019un mandat d\u2019arr\u00eat. Le juge d\u2019instruction a ordonn\u00e9 un proc\u00e8s pour assassinats et tentatives d\u2019assassinats en relation avec une entreprise terroriste contre Hicham Harb, 70 ans, qui aurait supervis\u00e9 l\u2019attentat et serait l\u2019un des tireurs, et Nizar Tawfiq Hamada, 64 ans, accus\u00e9 d\u2019avoir \u00e9t\u00e9 l\u2019un des membres du commando. La complicit\u00e9 a \u00e9t\u00e9 retenue contre Amjad Atta, 72 ans environ, accus\u00e9 d\u2019avoir planifi\u00e9 l\u2019attentat, et Nabil Othmane, 72 ans, mis en cause pour la pr\u00e9paration. L\u2019instruction s\u2019est notamment appuy\u00e9e sur des t\u00e9moignages, notes des renseignements, expertises et recoupements.<\/p>\n<p>\u201cProfond besoin de v\u00e9rit\u00e9\u201d<\/p>\n<p>\u201cSentiment ambigu pour mes clientes aujourd\u2019hui, entre l\u2019immense soulagement de savoir que la R\u00e9publique n\u2019abandonne pas ses victimes (\u2026) et le regret de constater que c\u2019est un proc\u00e8s incomplet qui s\u2019annonce, avec plusieurs accus\u00e9s r\u00e9fugi\u00e9s \u00e0 l\u2019\u00e9tranger\u201d, a comment\u00e9 aupr\u00e8s de l\u2019AFP Romain Boulet. David P\u00e8re, avocat de parties civiles, rappelle l&rsquo;\u201dascenseur \u00e9motionnel tr\u00e8s difficile au long de la proc\u00e9dure avec notamment les demandes d\u2019extradition refus\u00e9es par la Jordanie\u201d. \u201cMes clients (\u2026) sont surtout anim\u00e9s par un profond besoin de v\u00e9rit\u00e9\u201d, a observ\u00e9 de son c\u00f4t\u00e9 Vincent Brengarth.<\/p>\n","protected":false},"excerpt":{"rendered":"L\u2019attentat, perp\u00e9tr\u00e9 par un commando de trois \u00e0 cinq hommes, a \u00e9t\u00e9 attribu\u00e9 au Fatah-Conseil r\u00e9volutionnaire (Fatah-CR) d\u2019Abou&hellip;\n","protected":false},"author":2,"featured_media":294828,"comment_status":"","ping_status":"","sticky":false,"template":"","format":"standard","meta":{"footnotes":""},"categories":[1888],"tags":[11,6744,23846,1777,674,2688,32714,118,1011,27,3832,13679,303,12,3518,626,2694,25],"class_list":{"0":"post-294827","1":"post","2":"type-post","3":"status-publish","4":"format-standard","5":"has-post-thumbnail","7":"category-paris","8":"tag-actualites","9":"tag-assassinat","10":"tag-attentats","11":"tag-eu","12":"tag-europe","13":"tag-explosion","14":"tag-extradition","15":"tag-faits-divers","16":"tag-fr","17":"tag-france","18":"tag-fusillade","19":"tag-jordanie","20":"tag-justice","21":"tag-news","22":"tag-palestine","23":"tag-paris","24":"tag-proces","25":"tag-republique-francaise"},"share_on_mastodon":{"url":"https:\/\/pubeurope.com\/@fr\/114968242689199457","error":""},"_links":{"self":[{"href":"https:\/\/www.europesays.com\/fr\/wp-json\/wp\/v2\/posts\/294827","targetHints":{"allow":["GET"]}}],"collection":[{"href":"https:\/\/www.europesays.com\/fr\/wp-json\/wp\/v2\/posts"}],"about":[{"href":"https:\/\/www.europesays.com\/fr\/wp-json\/wp\/v2\/types\/post"}],"author":[{"embeddable":true,"href":"https:\/\/www.europesays.com\/fr\/wp-json\/wp\/v2\/users\/2"}],"replies":[{"embeddable":true,"href":"https:\/\/www.europesays.com\/fr\/wp-json\/wp\/v2\/comments?post=294827"}],"version-history":[{"count":0,"href":"https:\/\/www.europesays.com\/fr\/wp-json\/wp\/v2\/posts\/294827\/revisions"}],"wp:featuredmedia":[{"embeddable":true,"href":"https:\/\/www.europesays.com\/fr\/wp-json\/wp\/v2\/media\/294828"}],"wp:attachment":[{"href":"https:\/\/www.europesays.com\/fr\/wp-json\/wp\/v2\/media?parent=294827"}],"wp:term":[{"taxonomy":"category","embeddable":true,"href":"https:\/\/www.europesays.com\/fr\/wp-json\/wp\/v2\/categories?post=294827"},{"taxonomy":"post_tag","embeddable":true,"href":"https:\/\/www.europesays.com\/fr\/wp-json\/wp\/v2\/tags?post=294827"}],"curies":[{"name":"wp","href":"https:\/\/api.w.org\/{rel}","templated":true}]}}