{"id":294829,"date":"2025-08-04T02:55:13","date_gmt":"2025-08-04T02:55:13","guid":{"rendered":"https:\/\/www.europesays.com\/fr\/294829\/"},"modified":"2025-08-04T02:55:13","modified_gmt":"2025-08-04T02:55:13","slug":"discret-et-determine-comment-leon-marchand-est-reste-le-meme-apres-paris-2024","status":"publish","type":"post","link":"https:\/\/www.europesays.com\/fr\/294829\/","title":{"rendered":"Discret et d\u00e9termin\u00e9, comment L\u00e9on Marchand est \u00abrest\u00e9 le m\u00eame\u00bb apr\u00e8s Paris 2024"},"content":{"rendered":"<p><strong>D\u00c9CRYPTAGE <\/strong>&#8211; Parfaitement entour\u00e9, toujours en qu\u00eate de tranquillit\u00e9 et de simplicit\u00e9, le Toulousain de 23\u00a0ans n\u2019a pas eu la t\u00eate qui a tourn\u00e9 apr\u00e8s son fabuleux quadrupl\u00e9 olympique.<\/p>\n<p class=\"fig-paragraph\">Pour vivre heureux, vivons cach\u00e9s. Cette citation c\u00e9l\u00e8bre pourrait \u00eatre la devise\u00a0<a href=\"http:\/\/madame.lefigaro.fr\/celebrites\/actu-people\/le-clan-leon-marchand-une-famille-entiere-pour-emmener-le-nageur-au-sommet-20240802\" data-fig-type=\"Article\" data-gtm-custom-categorie=\"navigation\" data-gtm-custom-action=\"crossclick\" data-gtm-custom-label=\"Contextuel\" data-gtm-event=\"customEventSPE\" data-fig-domain=\"MADAME\" target=\"_blank\" rel=\"noopener\">de la famille Marchand<\/a>. Ainsi, quand il est interrog\u00e9 sur la premi\u00e8re impression qu\u2019il eut de L\u00e9on,\u00a0<a href=\"http:\/\/www.lefigaro.fr\/sports\/jeux-olympiques\/jo-natation-je-n-arrive-pas-a-realiser-avoue-nicolas-castel-l-un-des-entraineurs-de-marchand-20240802\" data-fig-type=\"NewsFlash\" data-gtm-custom-categorie=\"navigation\" data-gtm-custom-action=\"crossclick\" data-gtm-custom-label=\"Contextuel\" data-gtm-event=\"customEventSPE\" data-fig-domain=\"LEFIGARO\" target=\"_blank\" rel=\"noopener\">Nicolas Castel<\/a>, son entra\u00eeneur de toujours \u00e0 Toulouse, n\u2019h\u00e9site pas une seconde\u00a0: \u00ab\u00a0C\u2019\u00e9tait un gamin introverti, comme l\u2019\u00e9taient ses parents d\u2019ailleurs.\u00a0\u00bb Une opinion imm\u00e9diatement corrobor\u00e9e par Michel Coloma, le directeur g\u00e9n\u00e9ral des Dauphins du TOEC, le club de la Ville rose qui a vu\u00a0<a href=\"http:\/\/www.lefigaro.fr\/sports\/jeux-olympiques\/dossier\/les-jeux-de-paris-2024-ont-change-leur-vie-retrouvez-tous-les-episodes-de-notre-serie\" data-fig-type=\"Topic\" data-gtm-custom-categorie=\"navigation\" data-gtm-custom-action=\"crossclick\" data-gtm-custom-label=\"Contextuel\" data-gtm-event=\"customEventSPE\" data-fig-domain=\"LEFIGARO\" target=\"_blank\" rel=\"noopener\">le futur quadruple champion olympique de Paris 2024<\/a>\u00a0faire ses premiers pas dans la natation. \u00ab\u00a0Je me souviens d\u2019un enfant joyeux, mais r\u00e9serv\u00e9. Il a d\u00fb h\u00e9riter ce trait de caract\u00e8re de ses parents, qui sont tous les deux tr\u00e8s calmes, tr\u00e8s pos\u00e9s.\u00a0\u00bb<\/p>\n<p class=\"fig-paragraph\">De Xavier Marchand \u2013 vice-champion du monde du 200\u00a0m 4\u00a0nages \u00e0 Perth en 1998 &#8211; et de C\u00e9line Bonnet \u2013 multiple championne de France en 4\u00a0nages et en dos -, L\u00e9on Marchand a aussi h\u00e9rit\u00e9 de cet amour de la nage. M\u00eame si le coup de foudre n\u2019a pas \u00e9t\u00e9 imm\u00e9diat, comme se souvient\u2026<\/p>\n<p class=\"fig-premium-paywall__infos\">\n        Cet article est r\u00e9serv\u00e9 aux abonn\u00e9s.        Il vous reste 88% \u00e0 d\u00e9couvrir.\n    <\/p>\n<p>                <img  data- alt=\"Le Figaro\" class=\"fig-img--complete fig-img\"\/><\/p>\n<p class=\"fig-premium-paywall__title\">Vous avez envie de lire la suite ?<\/p>\n<p class=\"fig-premium-paywall__subtitle\">D\u00e9bloquez tous les articles imm\u00e9diatement.<\/p>\n<p class=\"fig-premium-paywall__connect\">\n                D\u00e9j\u00e0 abonn\u00e9\u00a0?                <a class=\"fig-premium-paywall__connect-link\" href=\"https:\/\/connect.lefigaro.fr\/login?client=horizon_web&amp;type=main&amp;redirect_uri=https%3A%2F%2Fwww.lefigaro.fr%2Fsports%2Fautres-sports%2Fdiscret-et-determine-comment-leon-marchand-est-reste-le-meme-apres-paris-2024-20250803\" data-js-gtm=\"{&quot;customCategorie&quot;: &quot;conversion&quot;, &quot;customAction&quot;: &quot;before_Landing_Connexion_paywall_auto&quot;, &quot;customLabel&quot;: &quot;bGVmaWdhcm8uZnJfXzFmMDcwNjk4LTA5NTAtNmRhYy1iMDhlLTQzMmU0NmFjNGFmNV9fQXJ0aWNsZQ==_Discret et d\u00e9termin\u00e9, comment L\u00e9on Marchand est \u00abrest\u00e9 le m\u00eame\u00bb apr\u00e8s Paris 2024_268&quot;, &quot;customIDSPE&quot;: &quot;bGVmaWdhcm8uZnJfXzFmMDcwNjk4LTA5NTAtNmRhYy1iMDhlLTQzMmU0NmFjNGFmNV9fQXJ0aWNsZQ==&quot;, &quot;event&quot;: &quot;customEventSPE&quot;}\" target=\"_blank\" rel=\"noopener\"><br \/>\n                    Connectez-vous<br \/>\n                <\/a>\n            <\/p>\n","protected":false},"excerpt":{"rendered":"D\u00c9CRYPTAGE &#8211; Parfaitement entour\u00e9, toujours en qu\u00eate de tranquillit\u00e9 et de simplicit\u00e9, le Toulousain de 23\u00a0ans n\u2019a pas&hellip;\n","protected":false},"author":2,"featured_media":294830,"comment_status":"","ping_status":"","sticky":false,"template":"","format":"standard","meta":{"footnotes":""},"categories":[1888],"tags":[11,1777,674,1011,27,13283,5216,12,626,25,2312],"class_list":{"0":"post-294829","1":"post","2":"type-post","3":"status-publish","4":"format-standard","5":"has-post-thumbnail","7":"category-paris","8":"tag-actualites","9":"tag-eu","10":"tag-europe","11":"tag-fr","12":"tag-france","13":"tag-leon-marchand","14":"tag-natation","15":"tag-news","16":"tag-paris","17":"tag-republique-francaise","18":"tag-toulouse"},"share_on_mastodon":{"url":"https:\/\/pubeurope.com\/@fr\/114968246655321669","error":""},"_links":{"self":[{"href":"https:\/\/www.europesays.com\/fr\/wp-json\/wp\/v2\/posts\/294829","targetHints":{"allow":["GET"]}}],"collection":[{"href":"https:\/\/www.europesays.com\/fr\/wp-json\/wp\/v2\/posts"}],"about":[{"href":"https:\/\/www.europesays.com\/fr\/wp-json\/wp\/v2\/types\/post"}],"author":[{"embeddable":true,"href":"https:\/\/www.europesays.com\/fr\/wp-json\/wp\/v2\/users\/2"}],"replies":[{"embeddable":true,"href":"https:\/\/www.europesays.com\/fr\/wp-json\/wp\/v2\/comments?post=294829"}],"version-history":[{"count":0,"href":"https:\/\/www.europesays.com\/fr\/wp-json\/wp\/v2\/posts\/294829\/revisions"}],"wp:featuredmedia":[{"embeddable":true,"href":"https:\/\/www.europesays.com\/fr\/wp-json\/wp\/v2\/media\/294830"}],"wp:attachment":[{"href":"https:\/\/www.europesays.com\/fr\/wp-json\/wp\/v2\/media?parent=294829"}],"wp:term":[{"taxonomy":"category","embeddable":true,"href":"https:\/\/www.europesays.com\/fr\/wp-json\/wp\/v2\/categories?post=294829"},{"taxonomy":"post_tag","embeddable":true,"href":"https:\/\/www.europesays.com\/fr\/wp-json\/wp\/v2\/tags?post=294829"}],"curies":[{"name":"wp","href":"https:\/\/api.w.org\/{rel}","templated":true}]}}