{"id":294837,"date":"2025-08-04T02:59:11","date_gmt":"2025-08-04T02:59:11","guid":{"rendered":"https:\/\/www.europesays.com\/fr\/294837\/"},"modified":"2025-08-04T02:59:11","modified_gmt":"2025-08-04T02:59:11","slug":"les-prenoms-musulmans-dominent-les-naissances-symbole-dun-changement-demographique-profond-muhammad-prenom-le-plus-attribue","status":"publish","type":"post","link":"https:\/\/www.europesays.com\/fr\/294837\/","title":{"rendered":"les pr\u00e9noms musulmans dominent les naissances, symbole d\u2019un changement d\u00e9mographique profond. Muhammad, pr\u00e9nom le plus attribu\u00e9"},"content":{"rendered":"<p>Le pr\u00e9nom\u00a0Muhammad\u00a0<a href=\"https:\/\/www.westernstandard.news\/news\/muhammad-dominates-uk-baby-name-charts-appears-three-times-in-top-100\/66567\" rel=\"nofollow noopener\" target=\"_blank\">s\u2019impose une nouvelle fois comme le pr\u00e9nom le plus donn\u00e9 aux nouveau-n\u00e9s gar\u00e7ons<\/a> en Angleterre et au Pays de Galles en 2024. Selon le rapport annuel de l\u2019Office for National Statistics (ONS), ce pr\u00e9nom \u2014 dans sa seule orthographe la plus r\u00e9pandue \u2014 a \u00e9t\u00e9 attribu\u00e9 \u00e0 5 721 b\u00e9b\u00e9s. Et si l\u2019on additionne les diff\u00e9rentes variantes (Mohammed,\u00a0Mohammad,\u00a0Muhammed), c\u2019est une v\u00e9ritable h\u00e9g\u00e9monie qui se dessine dans le palmar\u00e8s des pr\u00e9noms masculins au Royaume-Uni.<\/p>\n<p>Mais plus encore que la domination de\u00a0Muhammad, c\u2019est l\u2019irruption du pr\u00e9nom\u00a0Yahya\u00a0dans le top 100 qui attire l\u2019attention. En une seule ann\u00e9e, ce pr\u00e9nom d\u2019origine arabe a gagn\u00e9 33 places, se hissant \u00e0 la 93e position. Il a \u00e9t\u00e9 donn\u00e9 \u00e0 583 b\u00e9b\u00e9s en 2024. Il s\u2019agit de la plus forte progression de tous les pr\u00e9noms masculins cette ann\u00e9e.<\/p>\n<p>Or,\u00a0Yahya\u00a0est \u00e9galement le pr\u00e9nom de Yahya Sinwar, chef du Hamas et organisateur des attaques du 7 octobre 2023 contre Isra\u00ebl. Si l\u2019ONS se garde de tout commentaire sur les motivations des parents, de nombreux observateurs sur les r\u00e9seaux sociaux soulignent avec inqui\u00e9tude ce qu\u2019ils interpr\u00e8tent comme une possible r\u00e9f\u00e9rence militante.<\/p>\n<p>Une mutation symbolique r\u00e9v\u00e9latrice d\u2019un basculement culturel<\/p>\n<p>\u00c0 c\u00f4t\u00e9 de\u00a0Yahya, d\u2019autres pr\u00e9noms musulmans progressent nettement :\u00a0Yusuf\u00a0(67e),\u00a0Musa\u00a0(73e),\u00a0Ibrahim\u00a0(77e),\u00a0Ali(106e),\u00a0Ayaan\u00a0(123e),\u00a0Zakariya\u00a0(127e),\u00a0Hamza\u00a0(163e),\u00a0Omar\u00a0(175e),\u00a0Amir\u00a0(195e). C\u00f4t\u00e9 filles, on retrouve\u00a0Layla\u00a0(56e),\u00a0Maryam\u00a0(57e),\u00a0Fatima\u00a0(77e),\u00a0Aisha,\u00a0Zahra,\u00a0Khadija,\u00a0Amira\u00a0ou encore\u00a0Amina\u00a0dans le top 200.<\/p>\n<p>Dans certaines r\u00e9gions comme Londres, le Yorkshire, le West Midlands ou encore les East Midlands,\u00a0Muhammad\u00a0est le pr\u00e9nom masculin num\u00e9ro un. Ces zones correspondent aux plus fortes concentrations de populations issues de l\u2019immigration extra-europ\u00e9enne.<\/p>\n<p>Ces \u00e9volutions statistiques ne sont pas anecdotiques. Elles traduisent une transformation d\u00e9mographique acc\u00e9l\u00e9r\u00e9e, cons\u00e9quence de d\u00e9cennies de politique migratoire permissive. Le pr\u00e9nom\u00a0Muhammad, qui n\u2019avait fait son apparition dans le top 100 qu\u2019en 1924 \u00e0 la 91e place, est d\u00e9sormais omnipr\u00e9sent. Depuis 1996, il n\u2019a jamais quitt\u00e9 les palmar\u00e8s annuels, sous ses diff\u00e9rentes variantes.<\/p>\n<p>Le grand remplacement, est, bien \u00e9videmment, un fantasme d\u2019extr\u00eame droite pas du tout annonc\u00e9 par <a href=\"https:\/\/www.breizh-info.com\/2024\/08\/06\/236155\/rivers-of-blood-speech-quand-enoch-powell-prevenait-de-ce-qui-allait-se-passer-au-royaume-uni-du-fait-de-limmigration\/\" rel=\"nofollow noopener\" target=\"_blank\">Enoch Powell<\/a> il y a plusieurs d\u00e9cennies\u2026<\/p>\n<p>Cette mutation culturelle est per\u00e7ue comme un signal d\u2019alarme par une partie de l\u2019opinion publique britannique. Paul Golding, du mouvement\u00a0Britain First, a d\u00e9clar\u00e9 sur les r\u00e9seaux sociaux : \u00ab Ce changement refl\u00e8te des bouleversements d\u00e9mographiques et des politiques de fronti\u00e8res ouvertes qui \u00e9rodent l\u2019identit\u00e9 britannique. \u00bb<\/p>\n<p>De son c\u00f4t\u00e9, l\u2019organisation\u00a0Turning Point UK\u00a0a r\u00e9agi plus brutalement : \u00ab Nous sommes en train d\u2019\u00eatre remplac\u00e9s. \u00bb<\/p>\n<p>Une inqui\u00e9tude partag\u00e9e dans d\u2019autres capitales europ\u00e9ennes. En Belgique et en Allemagne, les pr\u00e9noms d\u2019origine musulmane dominent \u00e9galement les classements des naissances dans plusieurs grandes villes comme Bruxelles et Berlin.<\/p>\n<p>Alors que les pr\u00e9noms royaux tels que\u00a0George,\u00a0William\u00a0ou\u00a0Louis connaissent un recul relatif, les pr\u00e9noms exog\u00e8nes s\u2019imposent, t\u00e9moins d\u2019un basculement g\u00e9n\u00e9rationnel. Ce ph\u00e9nom\u00e8ne ne se limite pas \u00e0 une diversit\u00e9 culturelle inoffensive : il s\u2019inscrit dans une dynamique de substitution identitaire, que beaucoup jugent irr\u00e9versible \u00e0 moyen terme. Le pr\u00e9nom, dans son apparente banalit\u00e9, devient ici un marqueur de civilisation. Et la tendance semble claire : une nouvelle population fa\u00e7onne, d\u00e8s la naissance, les contours d\u2019un Royaume-Uni en voie de transformation.<\/p>\n<p>Cr\u00e9dit photo : DR<br \/>[cc]\u00a0<a href=\"http:\/\/breizh-info.com\/\" rel=\"nofollow noopener\" target=\"_blank\">Breizh-info.com<\/a>, 2025, d\u00e9p\u00eaches libres de copie et de diffusion sous r\u00e9serve de mention et de lien vers la source d\u2019origine<\/p>\n","protected":false},"excerpt":{"rendered":"Le pr\u00e9nom\u00a0Muhammad\u00a0s\u2019impose une nouvelle fois comme le pr\u00e9nom le plus donn\u00e9 aux nouveau-n\u00e9s gar\u00e7ons en Angleterre et au&hellip;\n","protected":false},"author":2,"featured_media":294838,"comment_status":"","ping_status":"","sticky":false,"template":"","format":"standard","meta":{"footnotes":""},"categories":[1588],"tags":[11,1777,674,5318,42879,12,473,1853,1851,1850,1852],"class_list":{"0":"post-294837","1":"post","2":"type-post","3":"status-publish","4":"format-standard","5":"has-post-thumbnail","7":"category-royaume-uni","8":"tag-actualites","9":"tag-eu","10":"tag-europe","11":"tag-islam","12":"tag-muhammad","13":"tag-news","14":"tag-royaume-uni","15":"tag-royaume-uni-de-grande-bretagne-et-dirlande-du-nord","16":"tag-uk","17":"tag-united-kingdom","18":"tag-united-kingdom-of-great-britain-and-northern-ireland"},"share_on_mastodon":{"url":"https:\/\/pubeurope.com\/@fr\/114968262455481324","error":""},"_links":{"self":[{"href":"https:\/\/www.europesays.com\/fr\/wp-json\/wp\/v2\/posts\/294837","targetHints":{"allow":["GET"]}}],"collection":[{"href":"https:\/\/www.europesays.com\/fr\/wp-json\/wp\/v2\/posts"}],"about":[{"href":"https:\/\/www.europesays.com\/fr\/wp-json\/wp\/v2\/types\/post"}],"author":[{"embeddable":true,"href":"https:\/\/www.europesays.com\/fr\/wp-json\/wp\/v2\/users\/2"}],"replies":[{"embeddable":true,"href":"https:\/\/www.europesays.com\/fr\/wp-json\/wp\/v2\/comments?post=294837"}],"version-history":[{"count":0,"href":"https:\/\/www.europesays.com\/fr\/wp-json\/wp\/v2\/posts\/294837\/revisions"}],"wp:featuredmedia":[{"embeddable":true,"href":"https:\/\/www.europesays.com\/fr\/wp-json\/wp\/v2\/media\/294838"}],"wp:attachment":[{"href":"https:\/\/www.europesays.com\/fr\/wp-json\/wp\/v2\/media?parent=294837"}],"wp:term":[{"taxonomy":"category","embeddable":true,"href":"https:\/\/www.europesays.com\/fr\/wp-json\/wp\/v2\/categories?post=294837"},{"taxonomy":"post_tag","embeddable":true,"href":"https:\/\/www.europesays.com\/fr\/wp-json\/wp\/v2\/tags?post=294837"}],"curies":[{"name":"wp","href":"https:\/\/api.w.org\/{rel}","templated":true}]}}