{"id":294839,"date":"2025-08-04T03:00:31","date_gmt":"2025-08-04T03:00:31","guid":{"rendered":"https:\/\/www.europesays.com\/fr\/294839\/"},"modified":"2025-08-04T03:00:31","modified_gmt":"2025-08-04T03:00:31","slug":"friedrich-merz-le-chancelier-qui-vient","status":"publish","type":"post","link":"https:\/\/www.europesays.com\/fr\/294839\/","title":{"rendered":"Friedrich Merz: le chancelier qui vient"},"content":{"rendered":"<dl class=\"post-meta-box flex flex-wrap items-top border-grey-lighter border-b post-meta relative z-20\">&#13;<\/p>\n<dt class=\"inline-block py-1 leading-5 w-1\/5 sm:1\/6 xl:w-3\/10 flex items-top font-sans text-3xs text-grey tracking-wider uppercase border-grey-lighter border-t\">&#13;<br \/>\n                                    Auteur                                  <\/dt>\n<p>&#13;<\/p>\n<dd class=\"inline-block w-4\/5 sm:5\/6 xl:w-7\/10 pl-1u lg:pl-0 flex-grow  py-1 font-sans text-xs leading-5 border-grey-lighter border-t\">&#13;<br \/>\n                                                                        <a href=\"https:\/\/legrandcontinent.eu\/fr\/p\/joseph-de-weck\/\" class=\"text-red no-underline\" rel=\"nofollow noopener\" target=\"_blank\">&#13;<br \/>\n                                      Joseph de Weck<\/a>                                                                      <\/dd>\n<p>&#13;<br \/>\n                                  &#13;<br \/>\n                                  &#13;<\/p>\n<dt class=\"inline-block py-1 leading-5 w-1\/5 sm:1\/6 xl:w-3\/10 flex items-top font-sans text-3xs text-grey tracking-wider uppercase border-grey-lighter border-t\">&#13;<br \/>\n                                    Image                                  <\/dt>\n<p>&#13;<\/p>\n<dd class=\"inline-block w-4\/5 sm:5\/6 xl:w-7\/10 pl-1u lg:pl-0 flex-grow  py-1 font-sans text-xs leading-5 border-grey-lighter border-t\">&#13;<br \/>\n                                                                        \u00a9 Stefan Boness\/Ipon\/SIPA&#13;\n                                                                                                          <\/dd>\n<p>&#13;<br \/>\n                                  &#13;<\/p>\n<dt class=\"inline-block py-1 leading-5 w-1\/5 sm:1\/6 xl:w-3\/10 flex items-top font-sans text-3xs text-grey tracking-wider uppercase border-grey-lighter border-t\">&#13;<br \/>\n                                    Date                                  <\/dt>\n<p>&#13;<\/p>\n<dd class=\"inline-block w-4\/5 sm:5\/6 xl:w-7\/10 pl-1u lg:pl-0 flex-grow  py-1 font-sans text-xs leading-5 border-grey-lighter border-t\">&#13;<br \/>\n                                    30 novembre 2024&#13;\n                                  <\/dd>\n<p>&#13;\n                                <\/dl>\n<p>                                      &#13;<br \/>\n        &#13;<br \/>\n            &#13;<br \/>\n        &#13;<br \/>\n        &#13;<br \/>\n            &#13;<br \/>\n            &#13;<br \/>\n        &#13;<br \/>\n        Ajouter&#13;<br \/>\n        Article ajout\u00e9&#13;<\/p>\n<p>    &#13;<br \/>\n        T\u00e9l\u00e9charger le PDF&#13;<br \/>\n        &#13;<br \/>\n            &#13;<br \/>\n            &#13;<br \/>\n            &#13;<br \/>\n        &#13;<br \/>\n&#13;<br \/>\n&#13;<\/p>\n<dl class=\"post-meta-box flex flex-wrap items-top border-grey-lighter border-b post-meta relative z-20 mt-4\">&#13;<\/p>\n<dt class=\"partager inline-block py-1 leading-5 w-1\/5 sm:1\/6 xl:w-3\/10 flex items-top font-sans text-3xs text-grey tracking-wider uppercase border-grey-lighter border-t\">&#13;<br \/>\n                                    Partager                                  <\/dt>\n<p>&#13;<\/p>\n<dd class=\"partager inline-block w-4\/5 sm:5\/6 xl:w-7\/10 pl-1u lg:pl-0 flex-grow  py-1 font-sans text-xs leading-5 border-grey-lighter border-t\">&#13;<br \/>\n                                    <a target=\"_blank\" data-social=\"twitter\" class=\"text-red no-underline inline-block w-4 h-4 mr-2\" href=\"https:\/\/twitter.com\/intent\/tweet\/?text=Friedrich+Merz%C2%A0%3A+le+chancelier+qui+vient&amp;url=https%3A%2F%2Flegrandcontinent.eu%2Ffr%2F2024%2F11%2F30%2Ffriedrich-merz-le-chancelier-qui-vient%2F\" rel=\"nofollow noopener\">&#13;<br \/>\n                                        &#13;<br \/>\n                                      <\/a>&#13;<br \/>\n                                    <a target=\"_blank\" data-social=\"facebook\" class=\"text-red no-underline inline-block w-4 h-4 mr-2\" href=\"https:\/\/facebook.com\/sharer\/sharer.php?u=https%3A%2F%2Flegrandcontinent.eu%2Ffr%2F2024%2F11%2F30%2Ffriedrich-merz-le-chancelier-qui-vient%2F\" rel=\"nofollow noopener\">&#13;<br \/>\n                                        &#13;<br \/>\n                                      <\/a>&#13;<br \/>\n                                    <a target=\"_blank\" data-social=\"linkedin\" class=\"text-red no-underline inline-block w-4 h-4 mr-2\" href=\"https:\/\/www.linkedin.com\/shareArticle?title=Friedrich+Merz%26%23160%3B%3A+le+chancelier+qui+vient&amp;url=https%3A%2F%2Flegrandcontinent.eu%2Ffr%2F2024%2F11%2F30%2Ffriedrich-merz-le-chancelier-qui-vient%2F\" rel=\"nofollow noopener\">&#13;<br \/>\n                                        &#13;<br \/>\n                                      <\/a>&#13;<br \/>\n&#13;<br \/>\n&#13;\n                                  <\/dd>\n<p>&#13;<br \/>\n                                  &#13;\n                                <\/dl>\n<p class=\"has-drop-cap\">Lorsque Friedrich Merz, chef de file de la CDU, est venu \u00e0 Paris en d\u00e9cembre 2023 pour un t\u00eate-\u00e0-t\u00eate avec Emmanuel Macron, le probable prochain chancelier allemand a \u00e9galement pris le temps de rendre visite \u00e0 Anselm Kiefer dans son atelier de Croissy-Beaubourg.<\/p>\n<p>Kiefer est connu dans le monde entier pour ses peintures monumentales de paysages dor\u00e9s, de champs de ma\u00efs arides et de gigantesques sculptures en plomb.<strong> <\/strong>Les deux hommes ont largement d\u00e9pass\u00e9 l\u2019\u00e2ge de la retraite dans leur pays. Ils partagent une affinit\u00e9 pour la grandeur, la r\u00e9flexion sur les discontinuit\u00e9s historiques, la provocation et le pathos. Il n\u2019est pas surprenant que Macron soit \u00e9galement un visiteur assidu de Croissy-Beaubourg\u00a0. En 2021, le pr\u00e9sident fran\u00e7ais a m\u00eame demand\u00e9 \u00e0 Kiefer de produire six sculptures pour le Panth\u00e9on \u2014 les premi\u00e8res nouvelles \u0153uvres d\u2019art install\u00e9es dans le mausol\u00e9e de la montagne Sainte-Genevi\u00e8ve depuis cent ans\u00a0.<\/p>\n<p>Avec Sigmar Polke et Georg Baselitz, Kiefer est sans doute l\u2019artiste allemand d\u2019apr\u00e8s-guerre le plus iconique. N\u00e9 dans un abri antia\u00e9rien en mars 1945, il a grandi dans un pays ravag\u00e9 par les d\u00e9combres et la r\u00e9pression. L\u2019\u0153uvre de Kiefer est une remise en question constante du pass\u00e9 nazi de l\u2019Allemagne. Pour son exposition de fin d\u2019\u00e9tudes \u00e0 Karlsruhe en 1969, l\u2019artiste s\u2019est photographi\u00e9 en train de faire le salut nazi dans diff\u00e9rents pays d\u2019Europe. En reproduisant ce geste \u2014 interdit en Allemagne de l\u2019Ouest \u2014 le jeune Kiefer voulait briser le silence pesant d\u2019une soci\u00e9t\u00e9 qui, \u00e0 l\u2019\u00e9poque, oubliait volontiers les horreurs commises par ses a\u00een\u00e9s.<\/p>\n<p>Pour Kiefer, la r\u00e9ponse au pass\u00e9 sombre de l\u2019Allemagne a un nom\u00a0: l\u2019Europe. En 1992, il \u00e9migre en France. Europe est \u00e9galement le titre d\u2019une s\u00e9rie de ses peintures d\u2019une joie peu commune. Elles montrent des vaches heureuses se reposant sur un labyrinthe et dont l\u2019estomac transparent est rempli de paille\u00a0.<\/p>\n<p>Kiefer, Macron \u2014 bient\u00f4t Merz. Est-ce le tierc\u00e9 gagnant pour un avenir heureux du \u00ab\u00a0vieux continent\u00a0\u00bb\u00a0? Peut-\u00eatre. Inattendu, Merz pourrait se r\u00e9v\u00e9ler \u00eatre au bon endroit, au bon moment, pour redonner vie \u00e0 une Europe d\u00e9sorient\u00e9e et \u00e0 un Macron affaibli.<\/p>\n<blockquote>\n<p>Multimillionnaire autodidacte, Merz se d\u00e9crit comme appartenant \u00e0 la \u00ab\u00a0classe moyenne sup\u00e9rieure\u00a0\u00bb \u2014 et aime se rendre \u00e0 ses r\u00e9unions dans des petits avions \u00e0 h\u00e9lice.<\/p>\n<p>Joseph de Weck<\/p><\/blockquote>\n<p>L\u2019homme d\u2019en haut<\/p>\n<p>Merz est un conservateur pur et dur. Il est n\u00e9 en 1955 dans la campagne de Rh\u00e9nanie du Nord-Westphalie, en Allemagne de l\u2019Ouest. \u00c9lev\u00e9 dans la foi catholique \u00e0 Brilon, une ville pittoresque de 25 000 habitants, il adh\u00e8re \u00e0 la CDU \u00e0 l\u2019\u00e2ge de 17 ans et suit les traces de son p\u00e8re en poursuivant des \u00e9tudes de droit. Ses origines bourgeoises se refl\u00e8tent dans son style vestimentaire\u00a0: un go\u00fbt prononc\u00e9 pour les pulls en cachemire \u00e0 col en V et les chemises \u00e0 carreaux bien repass\u00e9es.<\/p>\n<p>Du haut de son m\u00e8tre quatre-vingt-dix-huit, Merz regarde litt\u00e9ralement de haut la plupart de ses interlocuteurs. Mais s\u2019il est souvent accus\u00e9 d\u2019\u00eatre distant, ce n\u2019est pas uniquement en raison de sa taille\u00a0: ce multimillionnaire autodidacte se d\u00e9crit comme appartenant \u00e0 la \u00ab\u00a0classe moyenne sup\u00e9rieure\u00a0\u00bb\u00a0 \u2014 et aime se rendre \u00e0 ses r\u00e9unions dans des petits avions \u00e0 h\u00e9lices\u00a0.<\/p>\n<p>Ancien artilleur dans la Bundeswehr, Merz aime l\u2019autorit\u00e9 et l\u2019ordre \u2014 il n\u2019h\u00e9site pas, face cam\u00e9ra, \u00e0 conseiller \u00e0 un employ\u00e9 d\u2019acheter une brosse \u00e0 cheveux pour ne pas arriver au bureau le matin d\u00e9coiff\u00e9. On sent aussi chez lui une \u00e2me, l\u2019\u00e9cho d\u2019un style \u2014 le Biedermeier\u00a0. Comme sur cette photographie d\u2019int\u00e9rieur o\u00f9 il accompagne \u00e0 la clarinette sa fille au piano dans le salon.<\/p>\n<p>    <a data-pswp-src=\"https:\/\/legrandcontinent.eu\/fr\/wp-content\/uploads\/sites\/2\/2024\/11\/Merz-Klarinette.jpg\" class=\"inline-block gallery-item no-underline \" data-pswp-width=\"488\" data-pswp-height=\"355\"><br \/>\n                        &#13;<br \/>\n                    &#13;<br \/>\n                    &#13;<br \/>\n                    &#13;<br \/>\n                    &#13;<br \/>\n                    &#13;<br \/>\n                <img decoding=\"async\" src=\"https:\/\/www.europesays.com\/fr\/wp-content\/uploads\/2025\/08\/Merz-Klarinette-125x91.jpg\"\/>&#13;<br \/>\n        &#13;<\/p>\n<p>                    Friedrich Merz jouant de la musique avec sa femme et ses filles \u00e0 Brilon, en 1999. \u00a9 Georg Lukas<br \/>\n            <\/a><\/p>\n<p>La rh\u00e9torique de Merz est \u00e9l\u00e9gante mais n\u2019en est pas moins tranchante et mordante. Cette vivacit\u00e9 d\u2019esprit, qui pourrait \u00eatre une arme redoutable dans les d\u00e9bats, est un handicap dans un pays o\u00f9 les \u00e9lecteurs pr\u00e9f\u00e8rent les politiciens affables aux tribuns sophistiqu\u00e9s. Helmut Kohl et Angela Merkel \u2014 les chanceliers allemands les plus performants de l\u2019histoire r\u00e9cente sur le plan politique \u2014 \u00e9taient tous deux des orateurs proverbialement soporifiques.<\/p>\n<p>La r\u00e9putation de Merz d\u2019\u00eatre arrogant, trop ambitieux et sans c\u0153ur ne date pas d\u2019hier.\u00a0<\/p>\n<p>Dans ce qui est devenu l\u2019hymne officieux de Hambourg, le l\u00e9gendaire groupe de rap Beginner a \u00e9crit en 2004\u00a0: \u00ab\u00a0et au lieu d\u2019\u00eatre antipathique, jeune et dynamique comme Friedrich Merz, chez nous, tout est chill, cool et relax\u00a0\u00bb\u00a0. Aujourd\u2019hui encore, la cote de popularit\u00e9 de Merz, 69 ans, n\u2019est que de 43,3\u00a0%. C\u2019est mieux que le chancelier Olaf Scholz (32,7\u00a0%) mais loin des 52,1\u00a0% du ministre de la D\u00e9fense du SPD Boris Pistorius\u00a0. Si ce dernier a finalement annonc\u00e9 qu\u2019il n\u2019affronterait pas Scholz comme candidat du SPD \u00e0 la chancellerie, Merz n\u2019a pas encore remport\u00e9 l\u2019\u00e9lection. S\u2019il venait \u00e0 \u00eatre r\u00e9ellement \u00e9lu chancelier en 2025, c\u2019est peu dire qu\u2019il ne d\u00e9buterait pas son mandat dans un climat d\u2019enthousiasme.<\/p>\n<blockquote>\n<p>Enfant, Merz a \u00e9t\u00e9 envoy\u00e9 six mois loin de chez lui dans une clinique dirig\u00e9e par des religieuses pour soigner la tuberculose \u2014 il d\u00e9crit aujourd\u2019hui cette p\u00e9riode de sa vue comme \u00ab\u00a0pas sympa du tout\u00a0\u00bb, sans entrer dans les d\u00e9tails.<\/p>\n<p>Joseph de Weck<\/p><\/blockquote>\n<p>Ma\u00eetriser ses \u00e9motions<\/p>\n<p>Pourtant, Merz n\u2019est pas un Scholzomat\u00a0 insipide incapable d\u2019\u00e9tablir la moindre relation personnelle au-del\u00e0 de son groupe de conseillers les plus proches. Comme me l\u2019a dit un jour un intime du chancelier SPD\u00a0: \u00ab\u00a0Les Fran\u00e7ais d\u00e9plorent que Macron et Scholz n\u2019aient pas de relations personnelles, mais le chancelier n\u2019entretient pas de v\u00e9ritable lien avec qui que ce soit \u2014 ni dans son pays, ni \u00e0 l\u2019\u00e9tranger\u00a0\u00bb.<\/p>\n<p>                    \u00a9 dts News Agency Germany\/Shutterstock                <\/p>\n<p>                    \u00a9 dts News Agency Germany\/Shutterstock\n                    <\/p>\n<p>Merz laisse davantage de place aux \u00e9motions et aux sentiments. En priv\u00e9, il surprend par sa capacit\u00e9 \u00e0 \u00e9couter attentivement \u2014 voire m\u00eame \u00e0 faire preuve d\u2019une certaine empathie. S\u2019il est issu d\u2019une famille ais\u00e9e, sa vie n\u2019a pas pour autant \u00e9t\u00e9 toujours facile. Son p\u00e8re, enr\u00f4l\u00e9 dans la Wehrmacht \u00e0 l\u2019\u00e2ge de 17 ans et prisonnier de guerre pendant quatre ans en G\u00e9orgie sovi\u00e9tique, \u00e9tait connu \u00e0 Brilon pour sa discipline stricte. Enfant, Merz a \u00e9t\u00e9 envoy\u00e9 six mois loin de chez lui dans une clinique dirig\u00e9e par des religieuses pour soigner la tuberculose \u2014 il d\u00e9crit aujourd\u2019hui cette p\u00e9riode de sa vie comme \u00ab\u00a0pas sympa du tout\u00a0\u00bb, sans entrer dans les d\u00e9tails. Sa s\u0153ur a quant \u00e0 elle \u00e9t\u00e9 tu\u00e9e dans un accident de voiture \u00e0 l\u2019\u00e2ge de 21 ans.<\/p>\n<p>Merz est \u00e9galement r\u00e9put\u00e9 pour son impatience, son irascibilit\u00e9 et son orgueil. Adolescent, il a d\u00fb quitter son lyc\u00e9e pour des raisons disciplinaires \u2014 et ses notes \u00e9taient si mauvaises qu\u2019il a d\u00fb redoubler.<\/p>\n<p>Aujourd\u2019hui encore, il se laisse parfois gagner par ses d\u00e9mons. Son ent\u00eatement l\u2019a souvent conduit \u00e0 commettre des erreurs tactiques et \u00e0 provoquer le m\u00e9contentement d\u2019alli\u00e9s potentiels. Il semble surtout avoir du mal \u00e0 distinguer totalement les registres personnel et politique\u00a0: si un coll\u00e8gue de son parti se retourne contre lui, il le raye compl\u00e8tement de sa liste. Merz, qui a \u00e9t\u00e9 membre d\u2019une fraternit\u00e9 catholique \u00e0 l\u2019universit\u00e9, accorde une importance cardinale \u00e0 la loyaut\u00e9. Chaque ann\u00e9e, il part une semaine en vacances avec le m\u00eame groupe d\u2019amis.<\/p>\n<p>La trentenaire Ricarda Lang qui a dirig\u00e9 le parti des Verts jusque il y a quelques semaines, a d\u00e9clar\u00e9 \u00e0 propos de Merz\u00a0: \u00ab\u00a0Nous avons toujours eu une relation tr\u00e8s coll\u00e9giale, caract\u00e9ris\u00e9e par un grand respect\u00a0\u00bb\u00a0. Lang fait \u00e9galement l\u2019\u00e9loge de Merz, per\u00e7u comme un homme de convictions et non un opportuniste comme le ministre-pr\u00e9sident bavarois Markus S\u00f6der peut en avoir la r\u00e9putation.<\/p>\n<blockquote>\n<p>Merz, qui a \u00e9t\u00e9 membre d\u2019une fraternit\u00e9 catholique \u00e0 l\u2019universit\u00e9, accorde une importance cardinale \u00e0 la loyaut\u00e9. Chaque ann\u00e9e, il part une semaine en vacances avec le m\u00eame groupe d\u2019amis.<\/p>\n<p>Joseph de Weck<\/p><\/blockquote>\n<p>Le r\u00e9veil de Friedrich l\u2019endormi<\/p>\n<p>Le caract\u00e8re nerveux et le dogmatisme de Merz expliquent sans doute en partie pourquoi sa carri\u00e8re politique a \u00e9t\u00e9 \u00e0 ce point non lin\u00e9aire\u00a0: aucun homme politique allemand n\u2019a eu \u00e0 dig\u00e9rer autant de d\u00e9faites politiques.<\/p>\n<p>Tout d\u2019abord, Merz n\u2019a pas suivi le cursus honorum g\u00e9n\u00e9ralement emprunt\u00e9 par tout politique aspirant au pouvoir en Allemagne.<\/p>\n<p>En R\u00e9publique f\u00e9d\u00e9rale, la politique est une affaire de professionnels dans laquelle les jeunes ambitieux s\u2019engagent tr\u00e8s t\u00f4t\u00a0: d\u2019abord en se rattachant \u00e0 un parti puis en gravissant patiemment les \u00e9chelons qui les m\u00e8neront aux plus hautes fonctions. De mani\u00e8re peu habituelle, apr\u00e8s avoir obtenu son dipl\u00f4me de droit \u00e0 Bonn, Merz ne rentre sur ses terres pour b\u00e2tir sa carri\u00e8re politique, mais d\u00e9m\u00e9nage dans une autre r\u00e9gion pour travailler comme juge. C\u2019est en grande partie gr\u00e2ce \u00e0 des amis rest\u00e9s impliqu\u00e9s dans la CDU \u00e0 Brilon que Merz se lance finalement, plus tardivement, dans la politique \u2014 sous un patronage de marque.<\/p>\n<p>Si Merz se d\u00e9crit comme un catholique romain et se rend assid\u00fbment \u00e0 la messe, son v\u00e9ritable spiritus rector a \u00e9t\u00e9 le protestant Wolfgang Sch\u00e4uble.<\/p>\n<p>Sous la protection du plus proche conseiller de Kohl, Merz s\u2019est fait un nom \u00e0 la fin des ann\u00e9es 1990 gr\u00e2ce au d\u00e9ploiement d\u2019une \u00e9nergie brillante \u00e0 la Gordon Gekko et \u00e0 son r\u00f4le de porte-voix du courant le plus conservateur au sein de la CDU.<\/p>\n<p>En 2000 pourtant, lorsque Sch\u00e4uble doit quitter la pr\u00e9sidence de la CDU \u00e0 la suite d\u2019un scandale li\u00e9 au financement du parti, Merz perd la lutte pour sa succession au profit d\u2019une Allemande de l\u2019Est sans pr\u00e9tention \u2014 une certaine Angela Merkel. Une fois au pouvoir, celle-ci n\u2019aura de cesse de marginaliser celui qu\u2019elle consid\u00e8re comme son rival le plus mena\u00e7ant. Se rendant compte que Merkel le tient en \u00e9chec, Merz, humili\u00e9, quitte la politique en 2009 pour gagner de l\u2019argent \u2014 beaucoup d\u2019argent.<\/p>\n<p>Pendant un hiatus de pr\u00e8s de dix ans, de nombreux conservateurs m\u00e9contents de la strat\u00e9gie \u00e9lectorale de Merkel \u2014 qui a abandonn\u00e9 les positions traditionnelles de la CDU pour gagner des \u00e9lecteurs de centre-gauche \u2014 esp\u00e8rent le retour de Merz. Dans ces cercles, on le compare m\u00eame avec humour \u00e0 l\u2019empereur du Saint Empire romain Fr\u00e9d\u00e9ric Ier de Hohenstaufen, dit Barberousse, qui, selon la l\u00e9gende, dormait dans une montagne avec ses cavaliers en attendant le moment opportun pour remonter sur le tr\u00f4ne.<\/p>\n<blockquote>\n<p>Si Merz se rend assid\u00fbment \u00e0 la messe, son v\u00e9ritable spiritus rector a \u00e9t\u00e9 le protestant Wolfgang Sch\u00e4uble.<\/p>\n<p>Joseph de Weck<\/p><\/blockquote>\n<p>Comme l\u2019empereur endormi, l\u2019autre Friedrich attend. Il ne fera son retour qu\u2019en 2018. Face aux critiques croissantes concernant sa d\u00e9cision d\u2019accueillir un million de r\u00e9fugi\u00e9s au plus fort de la guerre civile syrienne en 2015, Angela Merkel est contrainte de quitter la direction de la CDU en octobre 2018. Merz d\u00e9clare sa candidature quelques minutes seulement apr\u00e8s l\u2019annonce de la d\u00e9cision de la chanceli\u00e8re.<\/p>\n<p>Mais une fois de plus, l\u2019ic\u00f4ne de l\u2019aile droite de la CDU essuie une d\u00e9faite cuisante, perdant la campagne \u00e0 la direction du parti au profit d\u2019Annegret Kramp-Karrenbauer, confidente de Merkel. En 2020, Merz doit encore c\u00e9der sa place \u00e0 Armin Laschet, un autre centriste. Ce n\u2019est qu\u2019en 2022, lors de sa troisi\u00e8me tentative, qu\u2019une CDU d\u00e9sorient\u00e9e le choisit finalement comme chef de file.<\/p>\n<p>Dans la matrice Sch\u00e4uble<\/p>\n<p>Pour comprendre le positionnement politique unique de Merz, il faut se tourner vers une autre ic\u00f4ne de la droite\u00a0: Wolfgang Sch\u00e4uble. Merz est le seul homme politique allemand que Sch\u00e4uble tutoie. Surtout, il partage avec le l\u00e9gendaire ministre de l\u2019Int\u00e9rieur de Kohl et du ministre des Finances de Merkel trois caract\u00e9ristiques politiques fondamentales.<\/p>\n<p>En premier lieu, le conservatisme social \u2014 qui se traduit par un soutien aux politiques de maintien de l\u2019ordre et par une position dure \u00e0 l\u2019\u00e9gard de l\u2019immigration.<\/p>\n<p>Rejetant la d\u00e9cision prise par Merkel en 2015 d\u2019autoriser un afflux important de r\u00e9fugi\u00e9s en Allemagne, Merz plaide d\u00e9sormais en faveur de la d\u00e9claration de l\u2019\u00e9tat d\u2019urgence qui permettrait \u00e0 Berlin de supplanter la l\u00e9gislation europ\u00e9enne et d\u2019instituer des refoulements de migrants aux fronti\u00e8res nationales. Il soutient \u00e9galement l\u2019introduction de mesures d\u2019externalisation de l\u2019asile \u2014 \u00e0 l\u2019instar du mod\u00e8le britannique avec le Rwanda.<\/p>\n<blockquote>\n<p>Merz est le seul homme politique allemand que Sch\u00e4uble tutoie.<\/p>\n<p>Joseph de Weck<\/p><\/blockquote>\n<p>Merz aime \u00e9galement agr\u00e9menter ses positions de droite dure sur l\u2019immigration d\u2019une rh\u00e9torique populiste. Il a notamment accus\u00e9 les r\u00e9fugi\u00e9s de guerre ukrainiens d\u2019\u00eatre des \u00ab\u00a0touristes de l\u2019aide sociale\u00a0\u00bb \u2014 une d\u00e9claration pour laquelle il s\u2019est excus\u00e9 par la suite \u2014 et a qualifi\u00e9 de \u00ab\u00a0petits pachas\u00a0\u00bb les fils d\u2019immigr\u00e9s qui ne respectent pas les institutrices\u00a0. Il s\u2019est \u00e9lev\u00e9 contre la \u00ab\u00a0soci\u00e9t\u00e9 multiculturelle\u00a0\u00bb et a propos\u00e9 que les migrants s\u2019assimilent \u00e0 une \u00ab\u00a0culture de base\u00a0\u00bb allemande.<\/p>\n<p>                    Friedrich Merz le 17 avril 2024 au Pressclub \u00e0 Munich, Allemagne. \u00a9 Alexander Pohl\/Sipa USA                <\/p>\n<p>                    Friedrich Merz le 17 avril 2024 au Pressclub \u00e0 Munich, Allemagne. \u00a9 Alexander Pohl\/Sipa USA\n                    <\/p>\n<p>Les politiques soci\u00e9tales de Merz refl\u00e8tent ses racines conservatrices. Il promet notamment d\u2019annuler la l\u00e9gislation sur la marijuana introduite par le gouvernement Scholz. Dans les ann\u00e9es 2000, ce p\u00e8re de trois enfants s\u2019est oppos\u00e9 \u00e0 une loi introduisant les unions civiles homosexuelles. Lorsqu\u2019on lui demande, en 2020, s\u2019il accepterait un chancelier gay, Merz r\u00e9pond \u00ab\u00a0bien s\u00fbr\u00a0\u00bb \u2014 avant d\u2019ajouter\u00a0: \u00ab\u00a0tant que cela se fait dans le respect de la loi et ne concerne pas les enfants\u00a0\u00bb\u00a0.<\/p>\n<p>Friedrich Merz maintient malgr\u00e9 tout une distance cat\u00e9gorique avec le parti d\u2019extr\u00eame droite Alternative f\u00fcr Deutschland (AfD). Son grand-p\u00e8re, Josef Paul Sauvigny, a rejoint la Schutzabteilung, la force paramilitaire nazie \u00e0 chemise brune, en juillet 1933, six mois seulement apr\u00e8s l\u2019accession d\u2019Hitler au poste de chancelier. Passant du Zentrum (\u00ab\u00a0Le Centre\u00a0\u00bb) \u2014 le pr\u00e9d\u00e9cesseur de la CDU, au NSDAP \u2014 le maire de Brilon rebaptise une art\u00e8re centrale de la ville Adolf-Hitler-Strasse. Merz ne serre pas la main des hommes politiques de l\u2019AfD et qualifie le parti de \u00ab\u00a0honte pour l\u2019Allemagne\u00a0\u00bb.\u00a0<\/p>\n<p>Ce refus se traduit par un objectif politique clair\u00a0: neutraliser l\u2019attrait de l\u2019AfD en d\u00e9pla\u00e7ant la CDU toujours plus vers la droite. Cette strat\u00e9gie a d\u00e9j\u00e0 fonctionn\u00e9 \u00e0 plusieurs reprises dans l\u2019histoire de la R\u00e9publique f\u00e9d\u00e9rale\u00a0: en tant que ministre de l\u2019Int\u00e9rieur, Sch\u00e4uble avait durci la politique d\u2019asile, contribuant ainsi \u00e0 tuer le soutien au parti d\u2019extr\u00eame droite Republikaner (\u00ab\u00a0Les R\u00e9publicains\u00a0\u00bb), qui avait connu une popularit\u00e9 de courte dur\u00e9e dans les ann\u00e9es 1990. Mais les temps ont chang\u00e9. Le g\u00e9nie n\u2019est plus dans la lampe et Merz a beau parler de r\u00e9duction de l\u2019immigration du matin au soir, <a href=\"https:\/\/legrandcontinent.eu\/fr\/2024\/03\/21\/en-allemagne-de-quoi-la-montee-de-lafd-est-elle-le-nom-une-conversation-avec-johann-chapoutot\/\" rel=\"nofollow noopener\" target=\"_blank\">l\u2019AfD ne cesse de grimper dans les sondages<\/a>.<\/p>\n<blockquote>\n<p>Lorsqu\u2019on lui demande, en 2020, s\u2019il accepterait un chancelier gay, Merz r\u00e9pond \u00ab\u00a0bien s\u00fbr\u00a0\u00bb \u2014 avant d\u2019ajouter\u00a0: \u00ab\u00a0tant que cela se fait dans le respect de la loi et ne concerne pas les enfants\u00a0\u00bb.<\/p>\n<p>Joseph de Weck<\/p><\/blockquote>\n<p>Merz et le capital<\/p>\n<p>Mais son conservatisme n\u2019est pas la seule dimension qui explique qu\u2019il soit positionn\u00e9 autant \u00e0 la droite du parti. Comme Sch\u00e4uble, Merz est \u00e9galement un ordolib\u00e9ral \u00e9conomique strict \u2014\u00a0mais avec une touche d\u2019\u00c9cole de Manchester en plus.<\/p>\n<p>Il s\u2019est rendu c\u00e9l\u00e8bre dans les ann\u00e9es 2000 en promettant qu\u2019avec lui aux Finances, la taille de la d\u00e9claration d\u2019imp\u00f4t sur le revenu serait r\u00e9duite \u00e0 la portion congrue. En 2008, en pleine crise financi\u00e8re mondiale, il publie un livre intitul\u00e9 Oser plus de capitalisme\u00a0: les voies d\u2019une soci\u00e9t\u00e9 juste\u00a0.<\/p>\n<p>Lorsque Merkel met un premier coup d\u2019arr\u00eat \u00e0 son ascension politique, Merz se met au service de la cause capitaliste d\u2019une autre mani\u00e8re. Il rejoint un cabinet d\u2019avocats d\u2019affaires de D\u00fcsseldorf et accumule un nombre impressionnant de si\u00e8ges au conseil d\u2019administration de grandes entreprises\u00a0: des soci\u00e9t\u00e9s prestigieuses comme la Commerzbank, mais aussi des entreprises plus ordinaires comme le producteur de papier hygi\u00e9nique WEPA. Son r\u00f4le le plus important sera celui de pr\u00e9sident \u2014 c\u2019est-\u00e0-dire lobbyiste en chef \u2014 de la succursale allemande de BlackRock, le plus grand gestionnaire d\u2019actifs au monde.<\/p>\n<p>Aujourd\u2019hui, pour sortir l\u2019\u00e9conomie allemande d\u2019une stagnation qui dure depuis pr\u00e8s de cinq ans, Merz propose un \u00ab\u00a0Agenda 2030\u00a0\u00bb, qui s\u2019inspire manifestement du programme de lib\u00e9ralisation \u00e9conomique et de r\u00e9duction de la protection sociale lanc\u00e9 par le chancelier SPD Gerhard Schroeder au d\u00e9but des ann\u00e9es 2000, appel\u00e9 \u00ab\u00a0Agenda 2010\u00a0\u00bb, alors que l\u2019Allemagne \u00e9tait d\u00e9j\u00e0 l<a href=\"https:\/\/legrandcontinent.eu\/fr\/2024\/02\/08\/lallemagne-de-scholz-le-coeur-malade-de-leurope-1\/\" rel=\"nofollow noopener\" target=\"_blank\">\u2018homme malade de l\u2019Europe<\/a>.<\/p>\n<blockquote>\n<p>Si le capitalisme ne fonctionne pas pour les Allemands, c\u2019est surtout, d\u2019apr\u00e8s Merz, parce qu\u2019ils ne sont pas assez capitalistes.<\/p>\n<p>Joseph de Weck<\/p><\/blockquote>\n<p>Merz veut notamment r\u00e9duire les allocations ch\u00f4mage, inciter les Allemands \u00e0 travailler plus longtemps et s\u2019attaquer \u00e0 la r\u00e9glementation sur le climat. L\u2019industrie automobile \u00e9tant en crise et les Allemands, Merz veut annuler l\u2019interdiction europ\u00e9enne de vente des voitures \u00e0 moteur thermique \u00e0 partir de 2035. Pour contrer les tarifs douaniers de Trump, il veut doubler les accords de libre-\u00e9change avec le Mercosur. Proche de Paris sur ce point, il est pro-nucl\u00e9aire et affirme que l\u2019Allemagne devrait envisager de participer aux nouvelles centrales nucl\u00e9aires fran\u00e7aises\u00a0.<\/p>\n<p>Merz souhaite \u00e9galement que les Allemands commencent enfin \u00e0 investir une partie substantielle de leur gigantesque \u00e9pargne sur les march\u00e9s boursiers au lieu de la laisser dormir sur des comptes bancaires. Si le capitalisme ne fonctionne pas pour les Allemands, c\u2019est surtout, d\u2019apr\u00e8s Merz, parce qu\u2019ils ne sont pas assez capitalistes. Pr\u00f4ner ce type de capitalisme actionnarial en 2024 est audacieux \u2014 encore plus en Allemagne, o\u00f9 les march\u00e9s financiers sont per\u00e7us avec m\u00e9fiance.<\/p>\n<p>Bien entendu, Merz est un fervent partisan du frein constitutionnel \u00e0 l\u2019endettement. Il a notamment d\u00e9clar\u00e9\u00a0: \u00ab\u00a0Nous ne pouvons pas accabler les g\u00e9n\u00e9rations futures de dettes\u2026 Un budget \u00e9quilibr\u00e9 n\u2019est pas seulement une bonne politique, c\u2019est une obligation morale\u00a0\u00bb. Celui dont la silhouette \u00e9lanc\u00e9e rappelle de loin les bronzes aust\u00e8res d\u2019Alberto Giacometti axera sa campagne sur la n\u00e9cessit\u00e9 de ma\u00eetriser les finances de la R\u00e9publique f\u00e9d\u00e9rale.<\/p>\n<p>Pourtant, \u00e0 huis clos, la plupart des hommes politiques de la CDU reconnaissent qu\u2019une fois \u00e9lus, ils devront trouver un moyen d\u2019emprunter davantage. \u00c0 la question de savoir s\u2019il r\u00e9viserait finalement le frein \u00e0 l\u2019endettement, Merz r\u00e9pond qu\u2019en politique, \u00ab\u00a0rien n\u2019est jamais compl\u00e8tement exclu\u00a0\u00bb\u00a0. Celui-ci sait en effet qu\u2019il conna\u00eetra le m\u00eame sort qu\u2019Olaf Scholz s\u2019il ne parvient pas \u00e0 relancer la croissance. Et puis, il y a l\u2019imp\u00e9ratif d\u2019augmenter les d\u00e9penses de d\u00e9fense \u2014 un \u00e9l\u00e9ment clef du discours de Merz, <a href=\"https:\/\/legrandcontinent.eu\/fr\/2022\/02\/28\/le-jour-ou-la-politique-etrangere-allemande-a-change\/\" rel=\"nofollow noopener\" target=\"_blank\">bien avant 2022 et l\u2019invasion de l\u2019Ukraine<\/a>.<\/p>\n<p>Ancr\u00e9 \u00e0 l\u2019Ouest<\/p>\n<p>Cela nous am\u00e8ne au dernier \u00e9l\u00e9ment du triptyque sch\u00e4ublien\u00a0: une forte vision pro-europ\u00e9enne et la conviction que les Europ\u00e9ens doivent assurer leur propre d\u00e9fense.<\/p>\n<p>Sch\u00e4uble est d\u00e9c\u00e9d\u00e9 en 2023. Parmi ses derni\u00e8res volont\u00e9s, deux sont particuli\u00e8rement remarquables\u00a0: Emmanuel Macron devait s\u2019exprimer au Bundestag et Merz prononcer le discours principal au temple.<\/p>\n<p>                    C\u00e9r\u00e9monie de deuil pour l\u2019ancien politicien de la CDU Wolfgang Scha\u00fcble au Bundestag allemand, Berlin, Allemagne le 22 janvier 2024. \u00a9 Action Press\/Shutterstock                <\/p>\n<p>                    C\u00e9r\u00e9monie de deuil pour l\u2019ancien politicien de la CDU Wolfgang Scha\u00fcble au Bundestag allemand, Berlin, Allemagne le 22 janvier 2024. \u00a9 Action Press\/Shutterstock\n                    <\/p>\n<p>Avec Kiefer, Sch\u00e4uble est le lien \u2014 d\u00e9sormais c\u00e9leste \u2014 qui unit Macron \u00e0 Merz.<\/p>\n<p>Merz se place dans la longue tradition conservatrice de Konrad Adenauer en mati\u00e8re de politique \u00e9trang\u00e8re, que l\u2019on peut r\u00e9sumer par le mot Westbindung \u2014 litt\u00e9ralement lien avec l\u2019Ouest. Toujours tent\u00e9e de s\u2019allier \u00e0 la Russie, l\u2019Allemagne libre devrait d\u00e9sormais toujours et indubitablement faire partie de l\u2019\u00e9quipe occidentale. Cette politique repose sur deux piliers.<\/p>\n<p>Premi\u00e8rement\u00a0: des liens \u00e9troits avec les \u00c9tats-Unis. De 2009 \u00e0 2019, Merz a \u00e9t\u00e9 pr\u00e9sident d\u2019Atlantik-Br\u00fccke, le forum transatlantique le plus influent d\u2019Allemagne. Arch\u00e9type de l\u2019Allemand de l\u2019Ouest, Merz sait r\u00e9sister aux promesses lucratives de l\u2019Est\u00a0; comme Sch\u00e4uble, il s\u2019est oppos\u00e9 \u00e0 la construction de Nord Stream II et tient depuis longtemps une position faucon vis-\u00e0-vis de la Russie.<\/p>\n<blockquote>\n<p>Parmi les derni\u00e8res volont\u00e9s de Sch\u00e4uble, deux sont particuli\u00e8rement remarquables\u00a0: Emmanuel Macron devait s\u2019exprimer au Bundestag et Merz prononcer le discours principal au temple.<\/p>\n<p>Joseph de Weck<\/p><\/blockquote>\n<p>De m\u00eame sur la question chinoise\u00a0: pour Merz, P\u00e9kin est un partenaire commercial, mais \u00e9galement une menace pour la s\u00e9curit\u00e9 de l\u2019Allemagne\u00a0. En 2022, il a violemment critiqu\u00e9 Scholz pour avoir autoris\u00e9 la vente d\u2019un terminal du port de Hambourg \u00e0 l\u2019entreprise publique chinoise Cosco, arguant qu\u2019il s\u2019agissait d\u2019une infrastructure essentielle\u00a0.<\/p>\n<p>Ce membre de longue date du club de tir de Brilon croit en la dissuasion plut\u00f4t qu\u2019au Wandel durch Handel \u2014 le changement par le commerce d\u00e9fendu par Merkel et le SPD.\u00a0<\/p>\n<p>Deuxi\u00e8mement, l\u2019int\u00e9gration europ\u00e9enne est primordiale pour r\u00e9aliser l\u2019int\u00e9r\u00eat national de l\u2019Allemagne et domestiquer <a href=\"https:\/\/legrandcontinent.eu\/fr\/2024\/05\/28\/la-nouvelle-question-allemande\/\" rel=\"nofollow noopener\" target=\"_blank\">un pays trop grand pour l\u2019Europe, mais trop petit pour le monde<\/a>.<\/p>\n<p>L\u2019Europ\u00e9en<\/p>\n<p>En 1989, la premi\u00e8re fonction \u00e9lective de Merz a \u00e9t\u00e9 celle d\u2019eurod\u00e9put\u00e9. L\u00e0 encore, c\u2019\u00e9tait assez inhabituel\u00a0: en Allemagne, le Parlement europ\u00e9en a pour les partis une fonction de remplacement\u00a0: se d\u00e9barrasser des membres \u00e2g\u00e9s et ind\u00e9sirables pour laisser la place aux jeunes talents prometteurs.<\/p>\n<p>Comme Emmanuel Macron, Merz affirme depuis longtemps que l\u2019Europe ne peut pas compter uniquement sur les \u00c9tats-Unis pour sa s\u00e9curit\u00e9 et qu\u2019elle doit renforcer sa propre d\u00e9fense. Il a souvent critiqu\u00e9 Scholz pour son soutien trop timide \u00e0 Kiev et pour avoir suivi le pr\u00e9sident am\u00e9ricain Joe Biden sur l\u2019Ukraine au lieu de choisir une voie ind\u00e9pendante, plus affirm\u00e9e, aux c\u00f4t\u00e9s de Paris et Londres. Merz affirme notamment que Berlin doit menacer de livrer des missiles Taurus si Moscou ne met pas fin \u00e0 ses attaques contre les infrastructures civiles ukrainiennes. Pour ridiculiser Scholz, qui se pr\u00e9sente comme un \u00ab\u00a0chancelier de la paix\u00a0\u00bb, Merz a d\u00e9clar\u00e9\u00a0: \u00ab\u00a0la paix, on peut la trouver dans n\u2019importe quel cimeti\u00e8re. C\u2019est notre libert\u00e9 que nous devons d\u00e9fendre\u00a0\u00bb\u00a0.<\/p>\n<p>Lorsque Joe Biden a annul\u00e9 son voyage en Allemagne en octobre et, par cons\u00e9quent, une r\u00e9union avec les chefs d\u2019\u00c9tat europ\u00e9ens pour discuter de l\u2019Ukraine en raison d\u2019un ouragan, Merz a affirm\u00e9 que Scholz aurait d\u00fb r\u00e9unir les Europ\u00e9ens pour pr\u00e9parer ce qu\u2019il faudrait faire si Donald Trump \u00e9tait \u00e9lu. D\u00e8s le mois de mai de cette ann\u00e9e, il d\u00e9clarait que tout autre r\u00e9sultat, \u00e0 part la r\u00e9\u00e9lection de Trump, serait une surprise majeure\u00a0. Mais en tant que partisan de la ligne dure sur l\u2019immigration et sur Russie et ennemi jur\u00e9 officiel de Merkel, Merz a \u00e9galement de bonnes chances de s\u2019entendre avec Trump.<\/p>\n<p>La vision r\u00e9aliste vis-\u00e0-vis de la relation transatlantique et un programme pro-europ\u00e9en centr\u00e9 sur la d\u00e9fense ne sont pas les seules similitudes du leader de la CDU avec Emmanuel Macron.<\/p>\n<blockquote>\n<p>Peut-\u00eatre que seul un conservateur comme Merz pourrait permettre \u00e0 l\u2019Allemagne de faire un nouveau grand pas en avant dans l\u2019int\u00e9gration fiscale europ\u00e9enne.<\/p>\n<p>Joseph de Weck<\/p><\/blockquote>\n<p>Comme le pr\u00e9sident fran\u00e7ais, Merz pr\u00e9f\u00e8re une approche intergouvernementale plut\u00f4t que supranationale de l\u2019int\u00e9gration europ\u00e9enne. Il s\u2019efforcera de construire une Europe plus performante autour d\u2019un triangle de Weimar \u00e9largi \u2014 un format qui, selon lui, aurait \u00e9t\u00e9 gravement n\u00e9glig\u00e9 par le gouvernement Scholz. S\u2019il remporte les \u00e9lections l\u2019ann\u00e9e prochaine, on peut s\u2019attendre \u00e0 ce que ses premi\u00e8res visites \u00e0 l\u2019\u00e9tranger en tant que chancelier se fassent d\u2019abord \u00e0 Paris et \u00e0 Varsovie, puis \u00e0 Rome et \u00e0 Londres.<\/p>\n<p>Tout comme Macron, Merz continue d\u2019affirmer <a href=\"https:\/\/legrandcontinent.eu\/fr\/2024\/10\/28\/soit-on-travaille-ensemble-soit-on-meurt-une-conversation-avec-guillaume-faury-president-executif-dairbus\/\" rel=\"nofollow noopener\" target=\"_blank\">qu\u2019il est ridicule que 80\u00a0% des d\u00e9penses de d\u00e9fense de l\u2019Europe soient effectu\u00e9es \u00e0 l\u2019\u00e9tranger<\/a>. Interrog\u00e9 le jour de la r\u00e9\u00e9lection de Trump sur la question de la dette europ\u00e9enne pour renforcer les capacit\u00e9s de d\u00e9fense du continent, Merz a d\u00e9clar\u00e9 que les Europ\u00e9ens doivent d\u2019abord combiner leurs achats de d\u00e9fense \u00ab\u00a0pour construire un march\u00e9 de produits militaires suffisamment fort pour r\u00e9duire notre d\u00e9pendance, en particulier \u00e0 l\u2019\u00e9gard du march\u00e9 am\u00e9ricain. Ensuite, nous pourrons aborder tous les autres sujets\u00a0\u00bb.<\/p>\n<p>Enfin, Merz est anim\u00e9 par le d\u00e9sir d\u2019entrer dans les livres d\u2019histoire comme un grand chancelier \u2014 \u00e0 l\u2019instar d\u2019Adenauer.<\/p>\n<p>Le rh\u00e9nano-westphalien a une vision quelque peu romantique de la politique, estimant que les d\u00e9cideurs doivent pouvoir prendre des d\u00e9cisions tr\u00e8s impopulaires si n\u00e9cessaire \u2014 en particulier lorsqu\u2019il s\u2019agit de politique de d\u00e9fense. Son exemple embl\u00e9matique remonte \u00e0 1982, lorsque les Sovi\u00e9tiques ont install\u00e9 des missiles longue port\u00e9e sur le sol europ\u00e9en. Des millions d\u2019Allemands avaient alors protest\u00e9 contre la d\u00e9cision du chancelier SPD Helmut Schmidt d\u2019installer des missiles am\u00e9ricains pour maintenir la dissuasion mais Merz dit admirer Schmidt pour avoir fait ce qu\u2019il fallait faire.<\/p>\n<p>Paris jouera un r\u00f4le particulier dans la politique europ\u00e9enne de Merz \u2014 pour qui la relation avec la France est une \u00ab\u00a0question de c\u0153ur\u00a0\u00bb\u00a0. Il n\u2019existe aucun autre pays europ\u00e9en avec lequel Merz entretient un tel \u00ab\u00a0lien affectif\u00a0\u00bb. Il cite ainsi volontiers les \u00e9changes qu\u2019il a eus outre-Rhin lorsqu\u2019il \u00e9tait au lyc\u00e9e\u00a0 ainsi que ses voyages \u00e0 v\u00e9lo \u00e0 travers la France\u00a0.<\/p>\n<p>                    Olaf Scholz et Friedrich Merz arrivent pour le deuxi\u00e8me jour du d\u00e9bat sur le budget 2024 au Bundestag, \u00e0 Berlin, le 6 septembre 2023. \u00a9 Markus Schreiber\/AP\/SIPA                <\/p>\n<p>                    Olaf Scholz et Friedrich Merz arrivent pour le deuxi\u00e8me jour du d\u00e9bat sur le budget 2024 au Bundestag, \u00e0 Berlin, le 6 septembre 2023. \u00a9 Markus Schreiber\/AP\/SIPA\n                    <\/p>\n<p>Disrupter Bruxelles<\/p>\n<p>\u00c0 69 ans, Merz serait le deuxi\u00e8me chancelier le plus \u00e2g\u00e9 de l\u2019histoire de l\u2019Allemagne, avec trois ans de moins seulement que Konrad Adenauer lorsqu\u2019il a \u00e9t\u00e9 \u00e9lu en 1949. Il pourrait donc n\u2019effectuer qu\u2019un seul mandat de chancelier, voire deux au maximum. Contrairement \u00e0 Angela Merkel, Merz ne joue pas sur le long terme et pourrait donc \u00eatre plus enclin \u00e0 utiliser son capital politique pour prendre des d\u00e9cisions importantes \u00e0 court terme.<\/p>\n<blockquote>\n<p>Lorsqu\u2019on lui demande de se d\u00e9crire en un mot, Merz r\u00e9pond \u00ab\u00a0courageux\u00a0\u00bb \u2014 c\u2019est inhabituel dans un pays o\u00f9 les slogans de campagne revendiquant \u00ab\u00a0pas d\u2019exp\u00e9riences\u00a0\u00bb remportent g\u00e9n\u00e9ralement les \u00e9lections.<\/p>\n<p>Joseph de Weck<\/p><\/blockquote>\n<p>Certes, Merz est un faucon fiscal, mais il pourrait \u00eatre dispos\u00e9 \u00e0 aller beaucoup plus loin en ce qui concerne la dette europ\u00e9enne commune, en particulier si elle est orient\u00e9e vers le renforcement de la d\u00e9fense europ\u00e9enne. Il a notamment explicitement soutenu le fonds NextGenEU de 800 milliards d\u2019euros destin\u00e9 \u00e0 sauver l\u2019\u00e9conomie europ\u00e9enne des cons\u00e9quences de la pand\u00e9mie.<\/p>\n<p>De m\u00eame qu\u2019il a fallu un anticommuniste chimiquement pur comme Richard Nixon pour \u00e9tablir des relations entre les \u00c9tats-Unis avec la R\u00e9publique populaire de Chine en 1972 ou un leader de gauche du SPD comme Schr\u00f6der a r\u00e9duit l\u2019\u00c9tat-providence dans les ann\u00e9es 2000, peut-\u00eatre que seul un conservateur comme Merz pourrait permettre \u00e0 l\u2019Allemagne de faire un nouveau grand pas en avant dans l\u2019int\u00e9gration fiscale europ\u00e9enne.<\/p>\n<p>Celui qui parle un bel anglais et aime cuisiner des spaghetti frutti di mare pour se d\u00e9tendre chez lui tient l\u2019avenir de l\u2019Europe entre ses mains\u00a0. Tr\u00e8s probablement en coalition avec le SPD ou les Verts, Merz dirigera la plus grande \u00e9conomie europ\u00e9enne pendant quatre ans, \u00e0 une \u00e9poque de changements cruciaux.\u00a0<\/p>\n<p>Lorsqu\u2019on lui demande de se d\u00e9crire en un mot, Merz r\u00e9pond \u00ab\u00a0courageux\u00a0\u00bb \u2014 c\u2019est inhabituel dans un pays o\u00f9 les slogans de campagne revendiquant \u00ab\u00a0pas d\u2019exp\u00e9riences\u00a0\u00bb remportent g\u00e9n\u00e9ralement les \u00e9lections. Merz pourrait surprendre ou d\u00e9cevoir \u2014 ou les deux \u00e0 la fois \u2014 mais il est le meilleur espoir de l\u2019Europe. Imaginons\u00a0: dans quelques mois, Merz est \u00e9lu chancelier. Sa premi\u00e8re visite est \u00e0 Paris. Accompagnera-t-il Macron \u00e0 Croissy-Beaubourg, dans l\u2019atelier d\u2019Anselm Kiefer\u00a0?<\/p>\n<p>                          <script async src=\"https:\/\/platform.twitter.com\/widgets.js\" charset=\"utf-8\"><\/script><\/p>\n","protected":false},"excerpt":{"rendered":"&#13; &#13; Auteur &#13; &#13; &#13; Joseph de Weck &#13; &#13; &#13; &#13; Image &#13; &#13; \u00a9 Stefan&hellip;\n","protected":false},"author":2,"featured_media":294840,"comment_status":"","ping_status":"","sticky":false,"template":"","format":"standard","meta":{"footnotes":""},"categories":[1587],"tags":[11,672,1804,1805,1803,1777,674,1801,12,1802],"class_list":{"0":"post-294839","1":"post","2":"type-post","3":"status-publish","4":"format-standard","5":"has-post-thumbnail","7":"category-allemagne","8":"tag-actualites","9":"tag-allemagne","10":"tag-bundesrepublik-deutschland","11":"tag-de","12":"tag-deutschland","13":"tag-eu","14":"tag-europe","15":"tag-germany","16":"tag-news","17":"tag-republique-federale-dallemagne"},"share_on_mastodon":{"url":"https:\/\/pubeurope.com\/@fr\/114968266314249225","error":""},"_links":{"self":[{"href":"https:\/\/www.europesays.com\/fr\/wp-json\/wp\/v2\/posts\/294839","targetHints":{"allow":["GET"]}}],"collection":[{"href":"https:\/\/www.europesays.com\/fr\/wp-json\/wp\/v2\/posts"}],"about":[{"href":"https:\/\/www.europesays.com\/fr\/wp-json\/wp\/v2\/types\/post"}],"author":[{"embeddable":true,"href":"https:\/\/www.europesays.com\/fr\/wp-json\/wp\/v2\/users\/2"}],"replies":[{"embeddable":true,"href":"https:\/\/www.europesays.com\/fr\/wp-json\/wp\/v2\/comments?post=294839"}],"version-history":[{"count":0,"href":"https:\/\/www.europesays.com\/fr\/wp-json\/wp\/v2\/posts\/294839\/revisions"}],"wp:featuredmedia":[{"embeddable":true,"href":"https:\/\/www.europesays.com\/fr\/wp-json\/wp\/v2\/media\/294840"}],"wp:attachment":[{"href":"https:\/\/www.europesays.com\/fr\/wp-json\/wp\/v2\/media?parent=294839"}],"wp:term":[{"taxonomy":"category","embeddable":true,"href":"https:\/\/www.europesays.com\/fr\/wp-json\/wp\/v2\/categories?post=294839"},{"taxonomy":"post_tag","embeddable":true,"href":"https:\/\/www.europesays.com\/fr\/wp-json\/wp\/v2\/tags?post=294839"}],"curies":[{"name":"wp","href":"https:\/\/api.w.org\/{rel}","templated":true}]}}