{"id":294843,"date":"2025-08-04T03:02:12","date_gmt":"2025-08-04T03:02:12","guid":{"rendered":"https:\/\/www.europesays.com\/fr\/294843\/"},"modified":"2025-08-04T03:02:12","modified_gmt":"2025-08-04T03:02:12","slug":"ia-google-va-signer-le-code-de-bonnes-pratiques-de-lunion-europeenne","status":"publish","type":"post","link":"https:\/\/www.europesays.com\/fr\/294843\/","title":{"rendered":"IA\u00a0: Google va signer le code de bonnes pratiques de l\u2019Union europ\u00e9enne"},"content":{"rendered":"<p>Dans <a href=\"https:\/\/blog.google\/around-the-globe\/google-europe\/eu-ai-code-practice\/\" target=\"_blank\" rel=\"noreferrer noopener nofollow\">un court billet publi\u00e9 hier soir<\/a>, Google a confirm\u00e9 qu\u2019elle allait finalement signer le <a href=\"https:\/\/digital-strategy.ec.europa.eu\/fr\/news\/general-purpose-ai-code-practice-now-available\" target=\"_blank\" rel=\"noreferrer noopener nofollow\">code de bonnes pratiques<\/a> sur l&rsquo;intelligence artificielle. Elle l\u2019a fait sous la plume de Kent Walker, responsable des affaires mondiales au sein de l\u2019entreprise. Le m\u00eame Kent Walker avait initialement d\u00e9clar\u00e9 que Google ne signerait pas, car le code \u00e9tait trop contraignant.<\/p>\n<p>Que s\u2019est-il pass\u00e9\u00a0? Le responsable laisse entendre que les contributions faites ont \u00e9t\u00e9 entendues\u00a0: \u00ab\u00a0nous appr\u00e9cions l\u2019occasion qui nous a \u00e9t\u00e9 donn\u00e9e de soumettre des commentaires\u00a0\u00bb.<\/p>\n<p>\u00ab\u00a0Nous nous joindrons \u00e0 plusieurs autres entreprises, y compris des fournisseurs de mod\u00e8les am\u00e9ricains, pour signer le Code de pratique de l\u2019IA \u00e0 usage g\u00e9n\u00e9ral de l\u2019Union europ\u00e9enne. Nous le faisons avec l\u2019espoir que ce code, tel qu\u2019il sera appliqu\u00e9, favorisera l\u2019acc\u00e8s des citoyens et des entreprises europ\u00e9ens \u00e0 des outils d\u2019IA s\u00e9curis\u00e9s et de premier ordre d\u00e8s qu\u2019ils seront disponibles\u00a0\u00bb, affirme l\u2019entreprise.<\/p>\n<p>Les promesses sur l&rsquo;\u00e9conomie et l&rsquo;innovation<\/p>\n<p>Kent Walker agite \u00e9galement la carotte d\u2019un boom \u00e9conomique en Europe, en citant <a href=\"https:\/\/implementconsultinggroup.com\/article\/the-economic-opportunity-of-generative-ai-in-eu27\" rel=\"nofollow noopener\" target=\"_blank\">une \u00e9tude<\/a> selon laquelle l\u2019IA stimulerait l\u2019\u00e9conomie du Vieux continent \u00e0 hauteur de 8 % d\u2019ici 2034, ce qui repr\u00e9senterait 1\u00a0400 milliards d\u2019euros.<\/p>\n<p>La confirmation de la signature ne se fait cependant pas sans critiques. \u00ab\u00a0Nous restons pr\u00e9occup\u00e9s par le fait que la loi et le code sur l\u2019IA risquent de ralentir le d\u00e9veloppement et le d\u00e9ploiement de l\u2019IA en Europe\u00a0\u00bb, indique ainsi le responsable. Parmi les dangers qui guettent la bonne application du code selon Google, il y aurait \u00ab\u00a0des d\u00e9rogations \u00e0 la l\u00e9gislation europ\u00e9enne sur le droit d\u2019auteur, des mesures qui ralentissent les approbations ou des exigences qui exposent des secrets commerciaux\u00a0\u00bb. Autant d\u2019\u00e9l\u00e9ments qui pourraient freiner le d\u00e9veloppement de l\u2019IA en Europe, ce qui nuirait \u00e0 sa comp\u00e9titive selon Google.<\/p>\n<p>La firme dit s\u2019engager \u00e0 travailler avec le Bureau de l\u2019IA \u00ab\u00a0pour veiller \u00e0 ce que le Code soit proportionn\u00e9 et adapt\u00e9 \u00e0 l\u2019\u00e9volution rapide et dynamique de l\u2019IA\u00a0\u00bb. Elle continuera \u00e0 \u00eatre \u00ab\u00a0une voix active en faveur d\u2019une approche favorable \u00e0 l\u2019innovation qui conduira \u00e0 des investissements futurs et \u00e0 une innovation en Europe qui profitera \u00e0 tous\u00a0\u00bb, d\u00e9clare Google, reprenant les \u00e9l\u00e9ments habituels.<\/p>\n<p>Une liste croissante de signataires&#8230;<\/p>\n<p>Google n\u2019est que la derni\u00e8re entreprise \u00e0 avoir annonc\u00e9 sa signature. Dans le cas du g\u00e9ant de la recherche, la nouvelle est d\u2019autant plus visible qu\u2019il s\u2019agit d\u2019un retournement de situation, apr\u00e8s avoir expliqu\u00e9 tout le mal qu\u2019elle pensait du texte.<\/p>\n<p>Parmi les autres acteurs tr\u00e8s visibles ayant sign\u00e9, l\u2019un des plus r\u00e9cents est Anthropic, qui a <a href=\"https:\/\/www.anthropic.com\/news\/eu-code-practice\" target=\"_blank\" rel=\"noreferrer noopener nofollow\">annonc\u00e9 la nouvelle le 21 juillet<\/a>. Le billet \u00e9tait d\u2019ailleurs plus fourni, la soci\u00e9t\u00e9 vantant les m\u00e9rites du code de bonnes pratiques et surtout sa conception collaborative. La premi\u00e8re \u00e9bauche du texte avait en effet \u00e9t\u00e9 suivie d\u2019une p\u00e9riode intense au cours de laquelle plus d\u2019un millier de contributions ont \u00e9t\u00e9 envoy\u00e9es \u00e0 la Commission europ\u00e9enne.<\/p>\n<p>Anthropic \u00e9tait particuli\u00e8rement prolixe sur le sujet, citant la m\u00eame \u00e9tude que Google, louant les normes de s\u00e9curit\u00e9 flexibles de l\u2019Europe, la n\u00e9cessit\u00e9 pour cette derni\u00e8re de rester comp\u00e9titive, la progression de la recherche scientifique, l\u2019am\u00e9lioration des services publics, le renforcement de la comp\u00e9titivit\u00e9 industrielle, etc. L\u2019entreprise, dont les mod\u00e8les Claude ont largement gagn\u00e9 en popularit\u00e9, tenait \u00e0 montrer son statut de bon \u00e9l\u00e8ve en r\u00e9p\u00e9tant que les normes de transparence et de s\u00e9curit\u00e9 \u00e9taient essentielles.<\/p>\n<p>OpenAI, acteur majeur dans le domaine, signera \u00e9galement le code de bonnes pratiques. Dans un billet publi\u00e9 le 11 juillet, l\u2019entreprise disait elle aussi tout le bien qu\u2019elle pensait du code, de son approche participative, toujours avec l\u2019argumentaire sur la comp\u00e9titivit\u00e9 de l\u2019Europe et la place que l\u2019IA sera amen\u00e9e \u00e0 jouer dans son \u00e9conomie. Les intentions de la soci\u00e9t\u00e9 sont limpides\u00a0: \u00ab\u00a0Trop souvent en Europe, la r\u00e9glementation a \u00e9t\u00e9 mise \u00e0 l\u2019honneur. Il est maintenant temps d\u2019inverser la tendance et de profiter de ce moment pour donner aux innovateurs europ\u00e9ens les moyens d\u2019innover et aux constructeurs de construire l\u2019avenir de l\u2019Europe\u00a0\u00bb.<\/p>\n<p>&#8230; et un Meta isol\u00e9<\/p>\n<p>Mistral avait \u00e9galement <a href=\"https:\/\/www.usine-digitale.fr\/article\/microsoft-mistral-ai-et-openai-premiers-signataires-du-code-de-bonnes-pratiques-de-l-ai-act.N2235438\" target=\"_blank\" rel=\"noreferrer noopener nofollow\">confirm\u00e9 \u00e0 l\u2019Usine Digitale<\/a> qu\u2019elle signerait elle aussi le code et Microsoft <a href=\"https:\/\/www.linkedin.com\/posts\/nanna-louise-linde_today-we-are-confirming-that-microsoft-has-activity-7356576464361734144-2Mla\/\" target=\"_blank\" rel=\"noreferrer noopener nofollow\">l\u2019a encore fait il y a quelques heures sur LinkedIn<\/a>. Dans le domaine de l\u2019IA, un acteur majeur se retrouve d\u2019autant plus isol\u00e9\u00a0: Meta. Il y a dix jours, l\u2019entreprise annon\u00e7ait en effet <a href=\"https:\/\/next.ink\/brief_article\/meta-ne-veut-pas-signer-le-peu-contraignant-code-de-bonne-conduite-europeen-de-lia\/\" target=\"_blank\" rel=\"noreferrer noopener nofollow\">son intention de ne pas signer<\/a>. On note que depuis, les annonces autour d\u2019une volont\u00e9 de signer se sont multipli\u00e9es chez les concurrents.<\/p>\n<p>\u00ab\u00a0Ce code introduit un certain nombre d&rsquo;incertitudes juridiques pour les d\u00e9veloppeurs de mod\u00e8les, ainsi que des mesures qui vont bien au-del\u00e0 du champ d&rsquo;application de la loi sur l&rsquo;IA\u00a0\u00bb, affirmait alors Joel Kaplan, responsable des affaires internationales chez Meta.<\/p>\n<p>Pourtant, <a href=\"https:\/\/next.ink\/192275\/ia-la-commission-europeenne-a-publie-son-peu-contraignant-code-de-bonne-conduite\/\" target=\"_blank\" rel=\"noreferrer noopener nofollow\">comme nous l\u2019indiquions<\/a>, le code de bonnes pratiques n\u2019est en lui-m\u00eame gu\u00e8re contraignant. Il semble \u00eatre presque devenu un argument marketing parmi d\u2019autres.\u00a0\u00ab\u00a0L&rsquo;Europe fait fausse route en mati\u00e8re d&rsquo;IA\u00a0\u00bb, affirmait par exemple Joel Kaplan. Mais puisque tous ses concurrents ont annonc\u00e9 leur intention de signer le texte, la d\u00e9claration radicale du responsable r\u00e9sonne d\u00e9sormais \u00e9trangement dans le secteur.<\/p>\n","protected":false},"excerpt":{"rendered":"Dans un court billet publi\u00e9 hier soir, Google a confirm\u00e9 qu\u2019elle allait finalement signer le code de bonnes&hellip;\n","protected":false},"author":2,"featured_media":128791,"comment_status":"","ping_status":"","sticky":false,"template":"","format":"standard","meta":{"footnotes":""},"categories":[1586],"tags":[11,1777,674,1779,1011,27,12,25,1778,364],"class_list":{"0":"post-294843","1":"post","2":"type-post","3":"status-publish","4":"format-standard","5":"has-post-thumbnail","7":"category-europe","8":"tag-actualites","9":"tag-eu","10":"tag-europe","11":"tag-european-union","12":"tag-fr","13":"tag-france","14":"tag-news","15":"tag-republique-francaise","16":"tag-ue","17":"tag-union-europeenne"},"share_on_mastodon":{"url":"https:\/\/pubeurope.com\/@fr\/114968274126599569","error":""},"_links":{"self":[{"href":"https:\/\/www.europesays.com\/fr\/wp-json\/wp\/v2\/posts\/294843","targetHints":{"allow":["GET"]}}],"collection":[{"href":"https:\/\/www.europesays.com\/fr\/wp-json\/wp\/v2\/posts"}],"about":[{"href":"https:\/\/www.europesays.com\/fr\/wp-json\/wp\/v2\/types\/post"}],"author":[{"embeddable":true,"href":"https:\/\/www.europesays.com\/fr\/wp-json\/wp\/v2\/users\/2"}],"replies":[{"embeddable":true,"href":"https:\/\/www.europesays.com\/fr\/wp-json\/wp\/v2\/comments?post=294843"}],"version-history":[{"count":0,"href":"https:\/\/www.europesays.com\/fr\/wp-json\/wp\/v2\/posts\/294843\/revisions"}],"wp:featuredmedia":[{"embeddable":true,"href":"https:\/\/www.europesays.com\/fr\/wp-json\/wp\/v2\/media\/128791"}],"wp:attachment":[{"href":"https:\/\/www.europesays.com\/fr\/wp-json\/wp\/v2\/media?parent=294843"}],"wp:term":[{"taxonomy":"category","embeddable":true,"href":"https:\/\/www.europesays.com\/fr\/wp-json\/wp\/v2\/categories?post=294843"},{"taxonomy":"post_tag","embeddable":true,"href":"https:\/\/www.europesays.com\/fr\/wp-json\/wp\/v2\/tags?post=294843"}],"curies":[{"name":"wp","href":"https:\/\/api.w.org\/{rel}","templated":true}]}}