{"id":294849,"date":"2025-08-04T03:09:11","date_gmt":"2025-08-04T03:09:11","guid":{"rendered":"https:\/\/www.europesays.com\/fr\/294849\/"},"modified":"2025-08-04T03:09:11","modified_gmt":"2025-08-04T03:09:11","slug":"atp-toronto-taylor-fritz-qualifie-en-huitiemes-de-finale-je-pensais-que-le-public-serait-un-peu-plus-hostile-avec-moi","status":"publish","type":"post","link":"https:\/\/www.europesays.com\/fr\/294849\/","title":{"rendered":"ATP &#8211; Toronto > Taylor Fritz, qualifi\u00e9 en huiti\u00e8mes de finale : \u00ab\u00a0Je pensais que le public serait un peu plus hostile avec moi\u00a0\u00bb"},"content":{"rendered":"<p>Si Taylor Fritz a reconnu qu\u2019il n\u2019ai\u00admait pas vrai\u00adment les condi\u00adtions de jeu sur le Masters 1000 de Toronto, il s\u2019en est plut\u00f4t bien sorti face au local Gabriel Diallo, vain\u00adqueur 6\u20134, 6\u20132, en seule\u00adment 1h15 de jeu. Un match au cours duquel l\u2019Am\u00e9ricain n\u2019a pas \u00e9t\u00e9 trop chahut\u00e9 par un public r\u00e9put\u00e9 chauvin.<\/p>\n<p><strong>\u00ab\u202fPour \u00eatre honn\u00eate, je pense que le public a \u00e9t\u00e9 tr\u00e8s gentil avec moi\u2026 gentil n\u2019est pas le bon mot, mais tol\u00e9\u00adrant avec moi alors que je jouais le dernier joueur cana\u00addien du tournoi. Je pensais que le public serait un peu plus hostile, mais je pense que tout le monde est telle\u00adment gentil. J\u2019ai eu affaire \u00e0 bien pire, alors je suis toujours pr\u00eat \u00e0 affronter le pire\u202f\u00bb<\/strong>, a d\u00e9clar\u00e9 celui qui sera oppos\u00e9 cette nuit (pas avant 2h30) \u00e0 Jiri Lehecka pour une place en quarts de finale.\u00a0<\/p>\n<p class=\"post-published-date\" style=\"color: silver; font-size: 75%; text-align: left;\">Publi\u00e9 le dimanche 3 ao\u00fbt 2025 \u00e0 18:08<\/p>\n","protected":false},"excerpt":{"rendered":"Si Taylor Fritz a reconnu qu\u2019il n\u2019ai\u00admait pas vrai\u00adment les condi\u00adtions de jeu sur le Masters 1000 de&hellip;\n","protected":false},"author":2,"featured_media":240775,"comment_status":"","ping_status":"","sticky":false,"template":"","format":"standard","meta":{"footnotes":""},"categories":[1415],"tags":[1011,27,60,1467],"class_list":{"0":"post-294849","1":"post","2":"type-post","3":"status-publish","4":"format-standard","5":"has-post-thumbnail","7":"category-tennis","8":"tag-fr","9":"tag-france","10":"tag-sports","11":"tag-tennis"},"share_on_mastodon":{"url":"https:\/\/pubeurope.com\/@fr\/114968301557751310","error":""},"_links":{"self":[{"href":"https:\/\/www.europesays.com\/fr\/wp-json\/wp\/v2\/posts\/294849","targetHints":{"allow":["GET"]}}],"collection":[{"href":"https:\/\/www.europesays.com\/fr\/wp-json\/wp\/v2\/posts"}],"about":[{"href":"https:\/\/www.europesays.com\/fr\/wp-json\/wp\/v2\/types\/post"}],"author":[{"embeddable":true,"href":"https:\/\/www.europesays.com\/fr\/wp-json\/wp\/v2\/users\/2"}],"replies":[{"embeddable":true,"href":"https:\/\/www.europesays.com\/fr\/wp-json\/wp\/v2\/comments?post=294849"}],"version-history":[{"count":0,"href":"https:\/\/www.europesays.com\/fr\/wp-json\/wp\/v2\/posts\/294849\/revisions"}],"wp:featuredmedia":[{"embeddable":true,"href":"https:\/\/www.europesays.com\/fr\/wp-json\/wp\/v2\/media\/240775"}],"wp:attachment":[{"href":"https:\/\/www.europesays.com\/fr\/wp-json\/wp\/v2\/media?parent=294849"}],"wp:term":[{"taxonomy":"category","embeddable":true,"href":"https:\/\/www.europesays.com\/fr\/wp-json\/wp\/v2\/categories?post=294849"},{"taxonomy":"post_tag","embeddable":true,"href":"https:\/\/www.europesays.com\/fr\/wp-json\/wp\/v2\/tags?post=294849"}],"curies":[{"name":"wp","href":"https:\/\/api.w.org\/{rel}","templated":true}]}}