{"id":294856,"date":"2025-08-04T03:15:14","date_gmt":"2025-08-04T03:15:14","guid":{"rendered":"https:\/\/www.europesays.com\/fr\/294856\/"},"modified":"2025-08-04T03:15:14","modified_gmt":"2025-08-04T03:15:14","slug":"jessie-j-atteinte-dun-cancer-du-sein-de-nouveau-hospitalisee-quelques-semaines-apres-son-operation","status":"publish","type":"post","link":"https:\/\/www.europesays.com\/fr\/294856\/","title":{"rendered":"Jessie J, atteinte d\u2019un cancer du sein, de nouveau hospitalis\u00e9e quelques semaines apr\u00e8s son op\u00e9ration"},"content":{"rendered":"\n<p> La lecture de ce contenu est susceptible d\u2019entra\u00eener un d\u00e9p\u00f4t de cookies de la part de l\u2019op\u00e9rateur tiers qui l\u2019h\u00e9berge. Compte-tenu des choix que vous avez exprim\u00e9s en mati\u00e8re de d\u00e9p\u00f4t de cookies, nous avons bloqu\u00e9 l\u2019affichage de ce contenu. Si vous souhaitez y acc\u00e9der, vous devez accepter la cat\u00e9gorie de cookies \u201cContenus tiers\u201d en cliquant sur le bouton ci-dessous. <\/p>\n<p> Lire la Vid\u00e9o              <\/p>\n<p class=\"asset asset-text\">PEOPLE &#8211; Depuis qu\u2019elle a annonc\u00e9 son <a href=\"https:\/\/www.huffingtonpost.fr\/science\/article\/les-rechutes-du-cancer-du-sein-rapidement-detectables-avec-une-prise-de-sang-estime-cette-etude_250798.html\" target=\"_blank\" rel=\"noopener\">cancer du sein<\/a> d\u00e9but juin, la chanteuse <a href=\"https:\/\/www.huffingtonpost.fr\/people\/article\/la-chanteuse-jessie-j-revele-etre-atteinte-d-un-cancer-du-sein_250904.html\" target=\"_blank\" rel=\"noopener\">Jessie J<\/a> n\u2019h\u00e9site pas \u00e0 se confier sur son \u00e9tat de sant\u00e9. Apr\u00e8s avoir partag\u00e9 les d\u00e9tails de sa mastectomie \u00e0 ses fans, l\u2019interpr\u00e8te de Price Tag a r\u00e9v\u00e9l\u00e9 qu\u2019elle avait de nouveau \u00e9t\u00e9 hospitalis\u00e9e dans des stories publi\u00e9es sur Instagram ce dimanche 3\u00a0ao\u00fbt. \u00ab\u00a0Voici comment j\u2019ai pass\u00e9 les 24\u00a0derni\u00e8res heures\u00a0\u00bb, \u00e9crit la Britannique qui a pris en photo son bras sous perfusion.<\/p>\n<p class=\"asset asset-text\">Dans sa premi\u00e8re story, Jessie J explique avoir d\u00fb retourner \u00e0 l\u2019<a href=\"https:\/\/www.huffingtonpost.fr\/medias\/article\/ardisson-sur-un-lit-d-hopital-le-documentaire-d-audrey-crespo-mara-sans-filtre-des-les-premieres-images_252680.html\" target=\"_blank\" rel=\"noopener\">h\u00f4pital<\/a> samedi mais en \u00eatre sortie dans la soir\u00e9e. \u00ab\u00a0Je d\u00e9teste \u00eatre hospitalis\u00e9e et je vais poursuivre les examens en ambulatoire\u00a0\u00bb, a-t-elle expliqu\u00e9. \u00ab\u00a0Je me suis retrouv\u00e9e dans le m\u00eame service qu\u2019apr\u00e8s ma chirurgie\u00a0\u00bb il y a \u00ab\u00a0six semaines\u00a0\u00bb, a racont\u00e9 la chanteuse, \u00ab\u00a0j\u2019avais et j\u2019ai toujours des sympt\u00f4mes qui indiquaient la pr\u00e9sence d\u2019un caillot sanguin dans les poumons\u00a0\u00bb.<\/p>\n<p class=\"asset asset-text\">\u00ab\u00a0CE N\u2019EST PAS UN CAILLOT DIEU MERCI, rassure-t-elle, [mais] ils ont effectu\u00e9 de nombreux tests qui ont finalement r\u00e9v\u00e9l\u00e9 que j\u2019avais une infection (ils essaient toujours de d\u00e9terminer de quoi il s\u2019agit) et un peu de liquide dans les poumons\u00a0\u00bb. Dans sa publication <strong>que vous pouvez voir ci-dessous<\/strong>, l\u2019artiste britannique explique avoir toujours \u00ab\u00a0du mal \u00e0 respirer\u00a0\u00bb.<\/p>\n<p>         <img decoding=\"async\" loading=\"lazy\" src=\"https:\/\/www.europesays.com\/fr\/wp-content\/uploads\/2025\/08\/5d688de_upload-1-rw6xtkurtxsb-screenshot-2025-08-03-17-53-51.png\"  width=\"728\" height=\"932\" alt=\"Jessie J a partag\u00e9 des images de son hospitalisation en story Instagram.\"\/>  <\/p>\n<p>Capture d\u2019\u00e9cran Instagram (@jessiej)<\/p>\n<p>Jessie J a partag\u00e9 des images de son hospitalisation en story Instagram.<\/p>\n<p>     Une convalescence difficile \u00ab\u00a0physiquement et mentalement\u00a0\u00bb    <\/p>\n<p class=\"asset asset-text\">Dans les stories suivantes, Jessie J se confie sur les difficult\u00e9s auxquelles elle fait face depuis son op\u00e9ration. \u00ab\u00a0La convalescence est loin d\u2019\u00eatre facile et rapidement physiquement, et mentalement c\u2019est la p\u00e9riode la plus compliqu\u00e9e pour moi\u00a0\u00bb, a-t-elle \u00e9crit, expliquant que la situation est particuli\u00e8rement difficile \u00ab\u00a0en tant que m\u00e8re\u00a0\u00bb, puisqu\u2019elle ne peut pas faire autant de choses que d\u2019habitude, notamment avec son fils.<\/p>\n<p class=\"asset asset-text\">La chanteuse a aussi soulign\u00e9 que les choses n\u2019\u00e9taient pas non plus \u00e9videntes sur un plan professionnel. \u00ab\u00a0Devoir changer mes projets pour cette ann\u00e9e a \u00e9t\u00e9 frustrant apr\u00e8s avoir travaill\u00e9 si dur pour en arriver l\u00e0\u00a0\u00bb, a-t-elle r\u00e9v\u00e9l\u00e9 \u00e0 ses abonn\u00e9s. \u00ab\u00a0Ne vous m\u00e9prenez pas, recevoir les r\u00e9sultats positifs [apr\u00e8s l\u2019op\u00e9ration] \u00e9tait et reste incroyable, mais ces r\u00e9sultats n\u2019ont pas acc\u00e9l\u00e9r\u00e9 ou rendu la convalescence plus facile\u00a0\u00bb, a-t-elle fait valoir.<\/p>\n<p class=\"asset asset-text\">Malgr\u00e9 sa frustration, Jessie J semble prendre cette nouvelle hospitalisation comme un signe et \u00ab\u00a0un rappel de ralentir un coup m\u00eame si [elle a] l\u2019impression d\u2019avancer \u00e0 une allure de tortue\u00a0\u00bb. \u00ab\u00a0Mon corps et mon syst\u00e8me immunitaire m\u2019ont dit\u00a0: \u201cRepose-toi bordel\u201d\u00a0\u00bb, conclut-elle dans sa derni\u00e8re story.<\/p>\n","protected":false},"excerpt":{"rendered":"La lecture de ce contenu est susceptible d\u2019entra\u00eener un d\u00e9p\u00f4t de cookies de la part de l\u2019op\u00e9rateur tiers&hellip;\n","protected":false},"author":2,"featured_media":294857,"comment_status":"","ping_status":"","sticky":false,"template":"","format":"standard","meta":{"footnotes":""},"categories":[1359],"tags":[2776,6520,58,59,1011,27,100,16448,226,973],"class_list":{"0":"post-294856","1":"post","2":"type-post","3":"status-publish","4":"format-standard","5":"has-post-thumbnail","7":"category-people","8":"tag-cancer-du-sein","9":"tag-cancers","10":"tag-divertissement","11":"tag-entertainment","12":"tag-fr","13":"tag-france","14":"tag-hopital","15":"tag-hospitalisation","16":"tag-maladie","17":"tag-people"},"share_on_mastodon":{"url":"https:\/\/pubeurope.com\/@fr\/114968325240480623","error":""},"_links":{"self":[{"href":"https:\/\/www.europesays.com\/fr\/wp-json\/wp\/v2\/posts\/294856","targetHints":{"allow":["GET"]}}],"collection":[{"href":"https:\/\/www.europesays.com\/fr\/wp-json\/wp\/v2\/posts"}],"about":[{"href":"https:\/\/www.europesays.com\/fr\/wp-json\/wp\/v2\/types\/post"}],"author":[{"embeddable":true,"href":"https:\/\/www.europesays.com\/fr\/wp-json\/wp\/v2\/users\/2"}],"replies":[{"embeddable":true,"href":"https:\/\/www.europesays.com\/fr\/wp-json\/wp\/v2\/comments?post=294856"}],"version-history":[{"count":0,"href":"https:\/\/www.europesays.com\/fr\/wp-json\/wp\/v2\/posts\/294856\/revisions"}],"wp:featuredmedia":[{"embeddable":true,"href":"https:\/\/www.europesays.com\/fr\/wp-json\/wp\/v2\/media\/294857"}],"wp:attachment":[{"href":"https:\/\/www.europesays.com\/fr\/wp-json\/wp\/v2\/media?parent=294856"}],"wp:term":[{"taxonomy":"category","embeddable":true,"href":"https:\/\/www.europesays.com\/fr\/wp-json\/wp\/v2\/categories?post=294856"},{"taxonomy":"post_tag","embeddable":true,"href":"https:\/\/www.europesays.com\/fr\/wp-json\/wp\/v2\/tags?post=294856"}],"curies":[{"name":"wp","href":"https:\/\/api.w.org\/{rel}","templated":true}]}}