{"id":294858,"date":"2025-08-04T03:17:14","date_gmt":"2025-08-04T03:17:14","guid":{"rendered":"https:\/\/www.europesays.com\/fr\/294858\/"},"modified":"2025-08-04T03:17:14","modified_gmt":"2025-08-04T03:17:14","slug":"a-cannes-cette-bibliotheque-vient-a-vous-directement-sur-la-plage","status":"publish","type":"post","link":"https:\/\/www.europesays.com\/fr\/294858\/","title":{"rendered":"\u00c0 Cannes, cette biblioth\u00e8que vient \u00e0 vous, directement sur la plage"},"content":{"rendered":"<p>Plage zamenhof, face au kiosque 6 sur le boulevard de la Croisette, dans cette biblioth\u00e8que qui n\u2019ouvre ses portes que l\u2019\u00e9t\u00e9 (du 1er juillet au 29 ao\u00fbt), on peut s\u2019y rendre en maillot de bain et pieds nus, lire au frais, install\u00e9 confortablement dans un transat ou un fauteuil. Il suffit de donner son num\u00e9ro de t\u00e9l\u00e9phone et sa carte d\u2019identit\u00e9 pour emprunter un bouquin gratuitement, pour 48 heures renouvelables.<\/p>\n<p>\u00ab\u00a0Le temps n\u00e9cessaire pour lire les livres. On s\u2019adapte aux visiteurs, aux vacanciers, qui sont l\u00e0 pour profiter de la plage et de b\u00e9n\u00e9ficier un peu de cet \u00e9quipement. Le ma\u00eetre mot du dispositif Pages \u00e0 la plage, c\u2019est \u2018\u2018souplesse\u2019\u2019\u00a0\u00bb, explique Franck Jodet, directeur du r\u00e9seau des biblioth\u00e8ques de Cannes.<\/p>\n<p>Entre 15.000 et 20.000 documents disponibles<\/p>\n<p>Entre 15.000 et 20.000 documents sont disponibles dans cette m\u00e9diath\u00e8que de plage. De la bande dessin\u00e9e, des magazines, des romans en langue fran\u00e7aise, mais aussi anglaise, allemande, italienne, ukrainienne\u2026 \u00ab\u00a0Et cette ann\u00e9e, nous avons renforc\u00e9 le rayon mangas et adolescents.\u00a0\u00bb Un dispositif, en place depuis 15 ans \u2013 d\u2019abord \u00e0 la plage Mac\u00e9 puis, depuis cinq ans, plage Zamenhof \u2013, qui permet aux vacanciers de ne pas surcharger leur valise de livres et d\u2019emprunter sur place. Autre objectif avou\u00e9: apporter la culture \u00e0 tous, aussi bien aux Cannois qu\u2019aux estivants.<\/p>\n<p>\u00ab\u00a0L\u2019\u00e9t\u00e9 dernier, on a eu 2.628 visites sur toute la saison. Les statistiques sont plut\u00f4t bonnes. On essaie de d\u00e9velopper un peu l\u2019offre, de l\u2019adapter aussi, parce qu\u2019avant, on faisait des activit\u00e9s et des animations \u00e0 des horaires d\u00e9finis, reprend Franck Jodet. On s\u2019est aper\u00e7u que \u00e7a ne marchait pas comme \u00e7a, qu\u2019il ne fallait pas trop structurer les choses. Mais les retours sont tr\u00e8s positifs chaque ann\u00e9e, parce que \u00e7a n\u2019existe pas partout. En plus, le lieu est vraiment accueillant.\u00a0\u00bb<\/p>\n<p>\u00ab\u00a0Des livres vers lesquels je n\u2019irais pas le reste de l\u2019ann\u00e9e\u00a0\u00bb<\/p>\n<p>Et ce n\u2019est pas Delphine, arriv\u00e9e hier de Paris, qui dira le contraire: \u00ab\u00a0J\u2019adore! C\u2019est un endroit de fra\u00eecheur et de calme. Je vais vers des livres vers lesquels je n\u2019irais pas le reste de l\u2019ann\u00e9e. L\u00e0, Beauvoir \u00e0 la plage [livre d\u2019H\u00e9l\u00e8ne Soumet], je trouve \u00e7a g\u00e9nial.\u00a0\u00bb Rudy, lui, est venu avec ses fils, Simon et David, et ses ni\u00e8ces, Elsa et Chlo\u00e9. \u00ab\u00a0On est ravis, l\u2019endroit est top et spacieux, et il y a du choix. L\u00e0, les enfants vont lire et dessiner!\u00a0\u00bb Et s\u00fbrement repartir avec un petit livret de jeux, une nouveaut\u00e9 propos\u00e9e par la biblioth\u00e8que de plage\u2026<\/p>\n<p>\u00a0<\/p>\n<p>&gt;Plage Zamenhof, ouvert tous les jours (f\u00e9ri\u00e9s et dimanche inclus), de 10h \u00e0 13h et de 14h \u00e0 17h45.<\/p>\n","protected":false},"excerpt":{"rendered":"Plage zamenhof, face au kiosque 6 sur le boulevard de la Croisette, dans cette biblioth\u00e8que qui n\u2019ouvre ses&hellip;\n","protected":false},"author":2,"featured_media":294859,"comment_status":"","ping_status":"","sticky":false,"template":"","format":"standard","meta":{"footnotes":""},"categories":[1357],"tags":[1379,251,58,59,1011,27,1380,3366],"class_list":{"0":"post-294858","1":"post","2":"type-post","3":"status-publish","4":"format-standard","5":"has-post-thumbnail","7":"category-livres","8":"tag-books","9":"tag-culture","10":"tag-divertissement","11":"tag-entertainment","12":"tag-fr","13":"tag-france","14":"tag-livres","15":"tag-vie-locale"},"share_on_mastodon":{"url":"https:\/\/pubeurope.com\/@fr\/114968333105295040","error":""},"_links":{"self":[{"href":"https:\/\/www.europesays.com\/fr\/wp-json\/wp\/v2\/posts\/294858","targetHints":{"allow":["GET"]}}],"collection":[{"href":"https:\/\/www.europesays.com\/fr\/wp-json\/wp\/v2\/posts"}],"about":[{"href":"https:\/\/www.europesays.com\/fr\/wp-json\/wp\/v2\/types\/post"}],"author":[{"embeddable":true,"href":"https:\/\/www.europesays.com\/fr\/wp-json\/wp\/v2\/users\/2"}],"replies":[{"embeddable":true,"href":"https:\/\/www.europesays.com\/fr\/wp-json\/wp\/v2\/comments?post=294858"}],"version-history":[{"count":0,"href":"https:\/\/www.europesays.com\/fr\/wp-json\/wp\/v2\/posts\/294858\/revisions"}],"wp:featuredmedia":[{"embeddable":true,"href":"https:\/\/www.europesays.com\/fr\/wp-json\/wp\/v2\/media\/294859"}],"wp:attachment":[{"href":"https:\/\/www.europesays.com\/fr\/wp-json\/wp\/v2\/media?parent=294858"}],"wp:term":[{"taxonomy":"category","embeddable":true,"href":"https:\/\/www.europesays.com\/fr\/wp-json\/wp\/v2\/categories?post=294858"},{"taxonomy":"post_tag","embeddable":true,"href":"https:\/\/www.europesays.com\/fr\/wp-json\/wp\/v2\/tags?post=294858"}],"curies":[{"name":"wp","href":"https:\/\/api.w.org\/{rel}","templated":true}]}}