{"id":294860,"date":"2025-08-04T03:18:12","date_gmt":"2025-08-04T03:18:12","guid":{"rendered":"https:\/\/www.europesays.com\/fr\/294860\/"},"modified":"2025-08-04T03:18:12","modified_gmt":"2025-08-04T03:18:12","slug":"connu-pour-son-role-dans-camera-cafe-gerard-chaillou-est-decede","status":"publish","type":"post","link":"https:\/\/www.europesays.com\/fr\/294860\/","title":{"rendered":"Connu pour son r\u00f4le dans Cam\u00e9ra Caf\u00e9, G\u00e9rard Chaillou est d\u00e9c\u00e9d\u00e9"},"content":{"rendered":"<p>Un grand com\u00e9dien de th\u00e9\u00e2tre<\/p>\n<p class=\"ap-StoryElement ap-StoryElement--mb ap-StoryText\">Au cin\u00e9ma, on l&rsquo;a vu dans \u00ab\u00a0Diva\u00a0\u00bb de Jean-Jacques Beineix, \u00ab\u00a0Ars\u00e8ne Lupin\u00a0\u00bb de Jean-Paul Salom\u00e9 ou \u00ab\u00a0Les Aventures extraordinaires d&rsquo;Ad\u00e8le Blanc-Sec\u00a0\u00bb de Luc Besson &#8211; il a \u00e9galement interpr\u00e9t\u00e9 Jean-Louis Debr\u00e9 dans \u00ab\u00a0La Conqu\u00eate\u00a0\u00bb de Xavier Durringer et Georges Cl\u00e9menceau dans \u00ab\u00a0J&rsquo;accuse\u00a0\u00bb de Roman Polanski. \u00c0 la t\u00e9l\u00e9vision, outre \u00ab\u00a0Cam\u00e9ra Caf\u00e9\u00a0\u00bb, sitcom culte de M6 avec Yvan Le Bolloc&rsquo;h et Bruno Solo, il a \u00e9t\u00e9 Jean-Pi dans \u00ab\u00a0Camping Paradis\u00a0\u00bb et a figur\u00e9 dans \u00ab\u00a0Sc\u00e8nes de m\u00e9nages\u00a0\u00bb.<\/p>\n<p class=\"ap-StoryElement ap-StoryElement--mb ap-StoryText\">Mais c&rsquo;est surtout sur les planches qu&rsquo;il a brill\u00e9. Form\u00e9 au Th\u00e9\u00e2tre National de Strasbourg, il a \u00e9t\u00e9 dirig\u00e9 par les plus grands metteurs en sc\u00e8ne &#8211; Peter Brook, Roger Planchon ou encore Michel Dubois.<\/p>\n","protected":false},"excerpt":{"rendered":"Un grand com\u00e9dien de th\u00e9\u00e2tre Au cin\u00e9ma, on l&rsquo;a vu dans \u00ab\u00a0Diva\u00a0\u00bb de Jean-Jacques Beineix, \u00ab\u00a0Ars\u00e8ne Lupin\u00a0\u00bb de&hellip;\n","protected":false},"author":2,"featured_media":294861,"comment_status":"","ping_status":"","sticky":false,"template":"","format":"standard","meta":{"footnotes":""},"categories":[1356],"tags":[9499,43496,27037,35,37966,26388,37968,58,59,590,1011,27,9519,26395,37971,8798,43497,9021,1238,9026,26399,252,1364],"class_list":{"0":"post-294860","1":"post","2":"type-post","3":"status-publish","4":"format-standard","5":"has-post-thumbnail","7":"category-television","8":"tag-adult","9":"tag-blackboard","10":"tag-board","11":"tag-business","12":"tag-businessman","13":"tag-clothing","14":"tag-corporate-business","15":"tag-divertissement","16":"tag-entertainment","17":"tag-finance","18":"tag-fr","19":"tag-france","20":"tag-happiness","21":"tag-looking-at-camera","22":"tag-mature-adult","23":"tag-men","24":"tag-number","25":"tag-one-person","26":"tag-person","27":"tag-portrait","28":"tag-smiling","29":"tag-television","30":"tag-tv"},"share_on_mastodon":{"url":"https:\/\/pubeurope.com\/@fr\/114968337120341521","error":""},"_links":{"self":[{"href":"https:\/\/www.europesays.com\/fr\/wp-json\/wp\/v2\/posts\/294860","targetHints":{"allow":["GET"]}}],"collection":[{"href":"https:\/\/www.europesays.com\/fr\/wp-json\/wp\/v2\/posts"}],"about":[{"href":"https:\/\/www.europesays.com\/fr\/wp-json\/wp\/v2\/types\/post"}],"author":[{"embeddable":true,"href":"https:\/\/www.europesays.com\/fr\/wp-json\/wp\/v2\/users\/2"}],"replies":[{"embeddable":true,"href":"https:\/\/www.europesays.com\/fr\/wp-json\/wp\/v2\/comments?post=294860"}],"version-history":[{"count":0,"href":"https:\/\/www.europesays.com\/fr\/wp-json\/wp\/v2\/posts\/294860\/revisions"}],"wp:featuredmedia":[{"embeddable":true,"href":"https:\/\/www.europesays.com\/fr\/wp-json\/wp\/v2\/media\/294861"}],"wp:attachment":[{"href":"https:\/\/www.europesays.com\/fr\/wp-json\/wp\/v2\/media?parent=294860"}],"wp:term":[{"taxonomy":"category","embeddable":true,"href":"https:\/\/www.europesays.com\/fr\/wp-json\/wp\/v2\/categories?post=294860"},{"taxonomy":"post_tag","embeddable":true,"href":"https:\/\/www.europesays.com\/fr\/wp-json\/wp\/v2\/tags?post=294860"}],"curies":[{"name":"wp","href":"https:\/\/api.w.org\/{rel}","templated":true}]}}