{"id":294862,"date":"2025-08-04T03:19:11","date_gmt":"2025-08-04T03:19:11","guid":{"rendered":"https:\/\/www.europesays.com\/fr\/294862\/"},"modified":"2025-08-04T03:19:11","modified_gmt":"2025-08-04T03:19:11","slug":"les-internautes-accusent-le-rappeur-jul-davoir-utilise-lia-pour-son-dernier-son-2","status":"publish","type":"post","link":"https:\/\/www.europesays.com\/fr\/294862\/","title":{"rendered":"Les internautes accusent le rappeur Jul d\u2019avoir utilis\u00e9 l\u2019IA pour son dernier son"},"content":{"rendered":"<p>Un simple titre, et les r\u00e9seaux sociaux s\u2019enflamment. Vendredi, <a data-i13n=\"cpos:1;pos:1\" href=\"https:\/\/www.20minutes.fr\/dossier\/jul?at_medium=RSS%20feed&amp;at_campaign=ynews&amp;utm_source=yahoo&amp;utm_medium=rss&amp;utm_campaign=news_feed&amp;utm_content=in_article_link\" rel=\"nofollow noopener\" target=\"_blank\" data-ylk=\"slk:Jul;cpos:1;pos:1;elm:context_link;itc:0;sec:content-canvas\" class=\"link \">Jul<\/a> a d\u00e9voil\u00e9 Toi et moi, un morceau port\u00e9 sur la guitare qui d\u00e9tonne dans son r\u00e9pertoire habituel. Trop d\u00e9cal\u00e9 pour certains fans, qui crient \u00e0 la supercherie : \u00ab C\u2019est de l\u2019IA ? \u00bb, \u00ab Il s\u2019est fait hacker ? \u00bb, lit-on sur X (ex-Twitter). Le doute s\u2019est install\u00e9 jusqu\u2019\u00e0 provoquer une enqu\u00eate informelle : le beatmaker LnKhey affirme, <a data-i13n=\"cpos:2;pos:1\" href=\"https:\/\/x.com\/lnkhey\/status\/1951434857545912544?at_medium=RSS%20feed&amp;at_campaign=ynews&amp;utm_source=yahoo&amp;utm_medium=rss&amp;utm_campaign=news_feed&amp;utm_content=in_article_link\" rel=\"nofollow noopener\" target=\"_blank\" data-ylk=\"slk:vid\u00e9o \u00e0 l\u2019appui;cpos:2;pos:1;elm:context_link;itc:0;sec:content-canvas\" class=\"link \">vid\u00e9o \u00e0 l\u2019appui<\/a>, que la chanson aurait \u00e9t\u00e9 g\u00e9n\u00e9r\u00e9e par une <a data-i13n=\"cpos:3;pos:1\" href=\"https:\/\/www.20minutes.fr\/dossier\/intelligence_artificielle?at_medium=RSS%20feed&amp;at_campaign=ynews&amp;utm_source=yahoo&amp;utm_medium=rss&amp;utm_campaign=news_feed&amp;utm_content=in_article_link\" rel=\"nofollow noopener\" target=\"_blank\" data-ylk=\"slk:intelligence artificielle;cpos:3;pos:1;elm:context_link;itc:0;sec:content-canvas\" class=\"link \">intelligence artificielle<\/a>.<\/p>\n<p>Appuy\u00e9 par des anomalies techniques (qualit\u00e9 sonore m\u00e9diocre, absence de silence et transition \u00e9tranges, choeurs bizarres, transitions \u00e9tranges entre mono et st\u00e9r\u00e9o pour les instruments\u2026) il sugg\u00e8re m\u00eame que deux IA auraient \u00e9t\u00e9 utilis\u00e9es : l\u2019une pour cr\u00e9er la musique, l\u2019autre pour imiter la voix de Jul. Le rappeur marseillais a aliment\u00e9 le flou en publiant un message vocal \u00e0 la voix artificielle pour faire la promo du morceau.<\/p>\n<blockquote data-src=\"https:\/\/www.youtube.com\/embed\/-e-Uqtuct04?rel=0\" allowfullscreen=\"\" scrolling=\"no\"><\/blockquote>\n<p>L\u2019IA de plus en plus pr\u00e9sente dans la musique<\/p>\n<p>Toi et moi a provoqu\u00e9 un petit toll\u00e9 sur les r\u00e9seaux sociaux. Si certains se moquent tout simplement de la qualit\u00e9 du son, comparant le r\u00e9sultat \u00e0 une chanson de <a data-i13n=\"cpos:4;pos:1\" href=\"https:\/\/www.20minutes.fr\/dossier\/kendji?at_medium=RSS%20feed&amp;at_campaign=ynews&amp;utm_source=yahoo&amp;utm_medium=rss&amp;utm_campaign=news_feed&amp;utm_content=in_article_link\" rel=\"nofollow noopener\" target=\"_blank\" data-ylk=\"slk:Kendji Girac;cpos:4;pos:1;elm:context_link;itc:0;sec:content-canvas\" class=\"link \">Kendji Girac<\/a>, d\u2019autres s\u2019indignent de l\u2019utilisation de l\u2019IA. \u00ab Si c de l\u2019ia comme certains disent : JUL va te faire enculer vraiment \u00bb, peut-on lire sur X. \u00ab Si Jul a vraiment g\u00e9n\u00e9r\u00e9 son dernier morceau en utilisant full IA c\u2019est hyper grave en vrai \u00e7a ouvre la porte sur un truc tr\u00e8s mauvais pour l\u2019industrie \u00bb, d\u00e9plore un autre internaute.<\/p>\n<p>Le ph\u00e9nom\u00e8ne prend de l\u2019ampleur (&#8230;)<\/p>\n<p><a data-i13n=\"cpos:5;pos:1\" href=\"https:\/\/www.20minutes.fr\/arts-stars\/culture\/musique\/4166463-20250803-internautes-accusent-rappeur-jul-avoir-utilise-ia-dernier?at_medium=RSS%20feed&amp;at_campaign=ynews&amp;utm_source=yahoo&amp;utm_medium=rss&amp;utm_campaign=news_feed&amp;utm_content=read_more_link%22\" rel=\"nofollow noopener\" target=\"_blank\" data-ylk=\"slk:Lire la suite sur 20minutes;cpos:5;pos:1;elm:context_link;itc:0;sec:content-canvas\" class=\"link \">Lire la suite sur 20minutes<\/a><\/p>\n<p>\u00c0 lire aussi :<br \/><a data-i13n=\"cpos:6;pos:1\" href=\"https:\/\/www.20minutes.fr\/arts-stars\/4162831-20250719-the-velvet-sundown-met-nu-ruee-vers-faux-morceaux-generes-intelligence-artificielle?at_medium=RSS%20feed&amp;at_campaign=ynews&amp;utm_source=yahoo&amp;utm_medium=rss&amp;utm_campaign=news_feed&amp;utm_content=related_content_link\" rel=\"nofollow noopener\" target=\"_blank\" data-ylk=\"slk:The Velvet Sundown met \u00e0 nu la ru\u00e9e vers les faux morceaux g\u00e9n\u00e9r\u00e9s par intelligence artificielle;cpos:6;pos:1;elm:context_link;itc:0;sec:content-canvas\" class=\"link \">The Velvet Sundown met \u00e0 nu la ru\u00e9e vers les faux morceaux g\u00e9n\u00e9r\u00e9s par intelligence artificielle<\/a><br \/><a data-i13n=\"cpos:7;pos:1\" href=\"https:\/\/www.20minutes.fr\/arts-stars\/4163067-20250720-comment-velvet-sundown-faux-groupe-cree-ia-victime-imposture?at_medium=RSS%20feed&amp;at_campaign=ynews&amp;utm_source=yahoo&amp;utm_medium=rss&amp;utm_campaign=news_feed&amp;utm_content=related_content_link\" rel=\"nofollow noopener\" target=\"_blank\" data-ylk=\"slk:Comment Velvet Sundown, le faux groupe cr\u00e9\u00e9 par IA, a lui-m\u00eame \u00e9t\u00e9 victime d\u2019une imposture;cpos:7;pos:1;elm:context_link;itc:0;sec:content-canvas\" class=\"link \">Comment Velvet Sundown, le faux groupe cr\u00e9\u00e9 par IA, a lui-m\u00eame \u00e9t\u00e9 victime d\u2019une imposture<\/a><\/p>\n","protected":false},"excerpt":{"rendered":"Un simple titre, et les r\u00e9seaux sociaux s\u2019enflamment. Vendredi, Jul a d\u00e9voil\u00e9 Toi et moi, un morceau port\u00e9&hellip;\n","protected":false},"author":2,"featured_media":294863,"comment_status":"","ping_status":"","sticky":false,"template":"","format":"standard","meta":{"footnotes":""},"categories":[1355],"tags":[58,59,1011,27,861,223,7466,1361,873,938,43498],"class_list":{"0":"post-294862","1":"post","2":"type-post","3":"status-publish","4":"format-standard","5":"has-post-thumbnail","7":"category-musique","8":"tag-divertissement","9":"tag-entertainment","10":"tag-fr","11":"tag-france","12":"tag-ia","13":"tag-intelligence-artificielle","14":"tag-lia","15":"tag-music","16":"tag-musique","17":"tag-reseaux-sociaux","18":"tag-velvet-sundown"},"share_on_mastodon":{"url":"https:\/\/pubeurope.com\/@fr\/114968340910654190","error":""},"_links":{"self":[{"href":"https:\/\/www.europesays.com\/fr\/wp-json\/wp\/v2\/posts\/294862","targetHints":{"allow":["GET"]}}],"collection":[{"href":"https:\/\/www.europesays.com\/fr\/wp-json\/wp\/v2\/posts"}],"about":[{"href":"https:\/\/www.europesays.com\/fr\/wp-json\/wp\/v2\/types\/post"}],"author":[{"embeddable":true,"href":"https:\/\/www.europesays.com\/fr\/wp-json\/wp\/v2\/users\/2"}],"replies":[{"embeddable":true,"href":"https:\/\/www.europesays.com\/fr\/wp-json\/wp\/v2\/comments?post=294862"}],"version-history":[{"count":0,"href":"https:\/\/www.europesays.com\/fr\/wp-json\/wp\/v2\/posts\/294862\/revisions"}],"wp:featuredmedia":[{"embeddable":true,"href":"https:\/\/www.europesays.com\/fr\/wp-json\/wp\/v2\/media\/294863"}],"wp:attachment":[{"href":"https:\/\/www.europesays.com\/fr\/wp-json\/wp\/v2\/media?parent=294862"}],"wp:term":[{"taxonomy":"category","embeddable":true,"href":"https:\/\/www.europesays.com\/fr\/wp-json\/wp\/v2\/categories?post=294862"},{"taxonomy":"post_tag","embeddable":true,"href":"https:\/\/www.europesays.com\/fr\/wp-json\/wp\/v2\/tags?post=294862"}],"curies":[{"name":"wp","href":"https:\/\/api.w.org\/{rel}","templated":true}]}}