{"id":294866,"date":"2025-08-04T03:22:17","date_gmt":"2025-08-04T03:22:17","guid":{"rendered":"https:\/\/www.europesays.com\/fr\/294866\/"},"modified":"2025-08-04T03:22:17","modified_gmt":"2025-08-04T03:22:17","slug":"lepidemie-de-rougeole-au-canada-nest-pas-endiguee","status":"publish","type":"post","link":"https:\/\/www.europesays.com\/fr\/294866\/","title":{"rendered":"\u00ab\u00a0L\u2019\u00e9pid\u00e9mie de rougeole au Canada n\u2019est pas endigu\u00e9e\u00a0\u00bb"},"content":{"rendered":"<p class=\"sc-jbo7hw-7 bDkRIk\">Les autorit\u00e9s canadiennes de sant\u00e9 publique ont rapport\u00e9 vendredi 232\u00a0nouveaux cas de rougeole au pays, portant le bilan \u00e0 4206\u00a0infections en 2025. Le Canada n\u2019a pas connu autant d\u2019infections depuis plus de 30\u00a0ans, et plusieurs experts craignent que la situation empire dans les mois \u00e0 venir.<\/p>\n<p class=\"sc-jbo7hw-7 bDkRIk\">Le Canada vit sa pire \u00e9pid\u00e9mie de rougeole depuis que la maladie a \u00e9t\u00e9 d\u00e9clar\u00e9e \u00e9limin\u00e9e au pays en\u00a01998. Et on est seulement \u00e0 la moiti\u00e9 de l&rsquo;ann\u00e9e, rappelle le Dr\u00a0Jesse Papenburg, p\u00e9diatre, infectiologue et microbiologiste \u00e0 l&rsquo;H\u00f4pital de Montr\u00e9al pour enfants du Centre universitaire de sant\u00e9 McGill.<\/p>\n<p>D\u00e9but du widget . Passer le widget ?Fin du widget . Retourner au d\u00e9but du widget ?<\/p>\n<p class=\"sc-jbo7hw-7 bDkRIk\">Avec 6152\u00a0Canadiens infect\u00e9s, l&rsquo;ann\u00e9e\u00a01991 est la derni\u00e8re o\u00f9 le Canada a recens\u00e9 plus de 4000\u00a0cas. De 1998 \u00e0 2024, il y a eu en moyenne 91\u00a0cas de rougeole signal\u00e9s au Canada chaque ann\u00e9e.<\/p>\n<p class=\"sc-jbo7hw-7 bDkRIk\">C\u2019est d\u00e9solant de voir une maladie suppos\u00e9ment \u00e9radiqu\u00e9e ressurgir. Il y a 10\u00a0ans, on \u00e9tait choqu\u00e9s quand il y avait 10\u00a0cas par ann\u00e9e, dit la Dre\u00a0Lynora Saxinger. Pour cette sp\u00e9cialiste des maladies infectieuses \u00e0 l&rsquo;H\u00f4pital de l\u2019Universit\u00e9 de l\u2019Alberta, il est clair que l\u2019\u00e9pid\u00e9mie de rougeole au Canada n\u2019est pas endigu\u00e9e.<\/p>\n<p class=\"sc-jbo7hw-7 bDkRIk\">C&rsquo;est quelque chose que, en tant que sp\u00e9cialiste de maladies infectieuses, je ne pensais jamais voir au Canada, se d\u00e9sole la Dre\u00a0Saxinger.<\/p>\n<p><img decoding=\"async\" alt=\" Lynora Saxinger, m\u00e9decin sp\u00e9cialiste des maladies infectieuses \u00e0 l'Universit\u00e9 de l'Alberta.\" class=\"absolute left-0 top-0 size-full object-cover transition-opacity ease-out print:relative html-dark:brightness-[.8]\" loading=\"lazy\" src=\"https:\/\/www.europesays.com\/fr\/wp-content\/uploads\/2025\/08\/lynora-saxinger-21010.png\"\/>Ouvrir en mode plein \u00e9cran<\/p>\n<p class=\"sc-ic6be9-2 kYrgAK\">La Dre Lynora Saxinger est m\u00e9decin sp\u00e9cialiste des maladies infectieuses \u00e0 l&rsquo;Universit\u00e9 de l&rsquo;Alberta.<\/p>\n<p class=\"sc-ic6be9-1 cJJtvJ text-gray600 light:text-gray600 dark:text-gray400\">Photo : John Ulan\/Ulan Photography<\/p>\n<p>Neuf provinces et les T.N.\u2011O. touch\u00e9s<\/p>\n<p class=\"sc-jbo7hw-7 bDkRIk\">De la mi-f\u00e9vrier \u00e0 la mi-mai, l\u2019Ontario \u00e9tait au c\u0153ur de l\u2019\u00e9pid\u00e9mie. On y rapportait entre 100 et 200\u00a0nouveaux cas par semaine.<\/p>\n<p>D\u00e9but du widget . Passer le widget ?Fin du widget . Retourner au d\u00e9but du widget ?<\/p>\n<p class=\"sc-jbo7hw-7 bDkRIk\">Rappelons que les premi\u00e8res infections au pays sont survenues lors d\u2019un mariage mennonite au Nouveau-Brunswick en octobre\u00a02024. Certains invit\u00e9s ont ensuite propag\u00e9 le virus \u00e0 leur retour \u00e0 la maison en Ontario.<\/p>\n<p class=\"sc-jbo7hw-7 bDkRIk\">Depuis, les cas commencent \u00e0 surgir hors de ces communaut\u00e9s et dans de plus en plus de r\u00e9gions \u00e0 travers le Canada.<\/p>\n<p class=\"sc-jbo7hw-7 bDkRIk\">En ce moment, la majorit\u00e9 des nouveaux cas sont d\u00e9clar\u00e9s en Alberta. Cette province rapporte en moyenne 109\u00a0nouvelles infections par semaine depuis mai. D\u00e9sormais, l\u2019Alberta compte davantage de cas de rougeole <a tabindex=\"0\" class=\"border-b border-solid transition-colors text-blue600 hover:text-blue600 light:text-blue600 light:hover:text-blue600 dark:text-blue400 dark:hover:text-blue400 border-gray900\/25 light:border-gray900\/25 dark:border-gray100\/25 hover:border-blue600 light:hover:border-blue600 dark:hover:border-blue400 hover:bg-gray999\/10 light:hover:bg-gray999\/10 dark:hover:bg-gray0\/10\" href=\"https:\/\/ici.radio-canada.ca\/nouvelle\/2179321\/sante-alberta-rougeole-cas-hausse\" rel=\"nofollow noopener\" target=\"_blank\">que l\u2019ensemble des \u00c9tats-Unis<\/a>\u00a0(1333\u00a0cas).<\/p>\n<p class=\"sc-jbo7hw-7 bDkRIk\">Les autorit\u00e9s surveillent aussi la situation \u00e0 travers le pays. La Colombie-Britannique, l\u2019Ontario et la Nouvelle-\u00c9cosse ont rapport\u00e9 chacun une vingtaine de nouveaux cas dans la semaine du 13 au 19\u00a0juillet.<\/p>\n<blockquote class=\"sc-ym8j07-0 kJvxpW text-gray700 light:text-gray700 dark:text-gray200\">\n<p class=\"sc-ym8j07-1 jhkebe !font-display text-6 leading-5 xsToSm:text-5 font-bold text-gray700 light:text-gray700 dark:text-gray200 font-medium\">On commence \u00e0 voir le virus un peu partout et \u00e7a, c\u2019est inqui\u00e9tant.<\/p>\n<p>Une citation de Dre Lynora Saxinger, sp\u00e9cialiste des maladies infectieuses \u00e0 l&rsquo;H\u00f4pital de l\u2019Universit\u00e9 de l\u2019Alberta<\/p><\/blockquote>\n<p class=\"sc-jbo7hw-7 bDkRIk\">Le retour en classe risque d\u2019augmenter la transmission du virus, craint-elle. <\/p>\n<p class=\"sc-jbo7hw-7 bDkRIk\">L&rsquo;Association m\u00e9dicale de l&rsquo;Alberta a <a tabindex=\"0\" class=\"border-b border-solid transition-colors text-blue600 hover:text-blue600 light:text-blue600 light:hover:text-blue600 dark:text-blue400 dark:hover:text-blue400 border-gray900\/25 light:border-gray900\/25 dark:border-gray100\/25 hover:border-blue600 light:hover:border-blue600 dark:hover:border-blue400 hover:bg-gray999\/10 light:hover:bg-gray999\/10 dark:hover:bg-gray0\/10\" href=\"https:\/\/ici.radio-canada.ca\/nouvelle\/2181194\/inquietudes-propagation-rougeole-rentree-ecoles\" rel=\"nofollow noopener\" target=\"_blank\">d&rsquo;ailleurs sonn\u00e9 l&rsquo;alarme<\/a>, disant craindre que, sans action imm\u00e9diate, la province perde la ma\u00eetrise de la situation \u00e0 la rentr\u00e9e. <\/p>\n<p class=\"sc-jbo7hw-7 bDkRIk\">La situation est telle que le Canada perdra fort probablement son statut d\u2019\u00e9radication de la rougeole, reconnu depuis\u00a01998, selon le m\u00e9decin et chercheur Brian Ward, professeur \u00e0 la division des maladies infectieuses au d\u00e9partement de m\u00e9decine de l\u2019Universit\u00e9 McGill.<\/p>\n<p><img decoding=\"async\" alt=\"Photo prise devant le CUSM pour D\u00e9couverte.\" class=\"absolute left-0 top-0 size-full object-cover transition-opacity ease-out print:relative html-dark:brightness-[.8]\" loading=\"lazy\" src=\"https:\/\/www.europesays.com\/fr\/wp-content\/uploads\/2025\/08\/brian-ward-cusm.jpeg\"\/>Ouvrir en mode plein \u00e9cran<\/p>\n<p class=\"sc-ic6be9-2 kYrgAK\">Dr Brian Ward, sp\u00e9cialiste des maladies infectieuses au Centre de recherche du Centre universitaire de sant\u00e9 McGill.<\/p>\n<p class=\"sc-ic6be9-1 cJJtvJ text-gray600 light:text-gray600 dark:text-gray400\">Photo : Radio-Canada \/ Jean-Francois Michaud<\/p>\n<p>Les taux de vaccination en cause<\/p>\n<p class=\"sc-jbo7hw-7 bDkRIk\">Pourquoi certaines provinces ont-elles davantage de cas? Et pourquoi le Canada a-t-il beaucoup plus de cas que plusieurs pays, comme les \u00c9tats-Unis\u00a0(1333), le Mexique\u00a0(1156), la France\u00a0(483) et la Grande-Bretagne\u00a0(2900)?<\/p>\n<p class=\"sc-jbo7hw-7 bDkRIk\">Je pense qu&rsquo;il y a quand m\u00eame un \u00e9l\u00e9ment de malchance. On a eu la malchance que des cas surviennent dans des communaut\u00e9s avec de tr\u00e8s faibles taux de vaccination, dit le Dr\u00a0Papenburg.<\/p>\n<p class=\"sc-jbo7hw-7 bDkRIk\">Parmi les Canadiens infect\u00e9s, 86\u00a0% n\u2019ont pas \u00e9t\u00e9 vaccin\u00e9s.<\/p>\n<p class=\"sc-jbo7hw-7 bDkRIk\">Apr\u00e8s tout, le risque d\u2019une \u00e9closion importante de rougeole plane depuis plusieurs ann\u00e9es. <\/p>\n<p class=\"sc-jbo7hw-7 bDkRIk\">Pour la Dre\u00a0Saxinger, ce n\u2019\u00e9tait qu\u2019une question de temps avant que le Canada soit confront\u00e9 \u00e0 autant de cas de rougeole. C\u2019est un virus hautement contagieux et nous savons que les taux d\u2019immunisation au Canada ne sont pas assez \u00e9lev\u00e9s.<\/p>\n<p class=\"sc-jbo7hw-7 bDkRIk\">D\u2019ailleurs, en mars\u00a02024, <a tabindex=\"0\" class=\"border-b border-solid transition-colors text-blue600 hover:text-blue600 light:text-blue600 light:hover:text-blue600 dark:text-blue400 dark:hover:text-blue400 border-gray900\/25 light:border-gray900\/25 dark:border-gray100\/25 hover:border-blue600 light:hover:border-blue600 dark:hover:border-blue400 hover:bg-gray999\/10 light:hover:bg-gray999\/10 dark:hover:bg-gray0\/10\" href=\"https:\/\/ici.radio-canada.ca\/nouvelle\/2057757\/epidemie-rougeole-etude-canada-simon-fraser\" rel=\"nofollow noopener\" target=\"_blank\">des chercheurs britanno-colombiens avaient averti<\/a> que les risques d&rsquo;une \u00e9pid\u00e9mie importante de rougeole \u00e9taient grands au Canada.<\/p>\n<p class=\"sc-jbo7hw-7 bDkRIk\">Puisque la rougeole est une infection virale extr\u00eamement contagieuse (elle se transmet par des gouttelettes en suspension dans l&rsquo;air), il faut un <a tabindex=\"0\" class=\"border-b border-solid transition-colors text-blue600 hover:text-blue600 light:text-blue600 light:hover:text-blue600 dark:text-blue400 dark:hover:text-blue400 border-gray900\/25 light:border-gray900\/25 dark:border-gray100\/25 hover:border-blue600 light:hover:border-blue600 dark:hover:border-blue400 hover:bg-gray999\/10 light:hover:bg-gray999\/10 dark:hover:bg-gray0\/10\" href=\"https:\/\/www.canada.ca\/fr\/sante-publique\/services\/maladies\/rougeole\/pour-professionnels-sante-rougeole.html\" rel=\"noreferrer nofollow noopener\" target=\"_blank\">taux de vaccination de 95\u00a0%\u00a0(nouvelle fen\u00eatre)<\/a> et plus pour \u00e9tablir l\u2019immunit\u00e9 collective et pr\u00e9venir des \u00e9closions.<\/p>\n<blockquote class=\"sc-ym8j07-0 kJvxpW text-gray700 light:text-gray700 dark:text-gray200\">\n<p class=\"sc-ym8j07-1 jhkebe !font-display text-6 leading-5 xsToSm:text-5 font-bold text-gray700 light:text-gray700 dark:text-gray200 font-medium\">Si une personne infect\u00e9e va dans des communaut\u00e9s o\u00f9 le taux de vaccination est bas, \u00e7a empire la situation. C\u2019est comme si on allumait un feu l\u00e0 o\u00f9 il y a de la s\u00e9cheresse.<\/p>\n<p>Une citation de Dre\u00a0Lynora Saxinger, sp\u00e9cialiste des maladies infectieuses \u00e0 l&rsquo;H\u00f4pital de l\u2019Universit\u00e9 de l\u2019Alberta<\/p><\/blockquote>\n<p class=\"sc-jbo7hw-7 bDkRIk\">En Alberta, 68\u00a0% des enfants qui ont atteint l&rsquo;\u00e2ge de 2\u00a0ans en 2024 \u00e9taient immunis\u00e9s.<\/p>\n<p class=\"sc-jbo7hw-7 bDkRIk\">Plus de 60\u00a0% des zones sanitaires en Alberta ont connu un recul dans le taux de vaccination de 2023 \u00e0 2024. \u00c0 certains endroits, la baisse est de plus de 10\u00a0%.<\/p>\n<p class=\"sc-jbo7hw-7 bDkRIk\"><a tabindex=\"0\" class=\"border-b border-solid transition-colors text-blue600 hover:text-blue600 light:text-blue600 light:hover:text-blue600 dark:text-blue400 dark:hover:text-blue400 border-gray900\/25 light:border-gray900\/25 dark:border-gray100\/25 hover:border-blue600 light:hover:border-blue600 dark:hover:border-blue400 hover:bg-gray999\/10 light:hover:bg-gray999\/10 dark:hover:bg-gray0\/10\" href=\"https:\/\/www.publichealthontario.ca\/en\/Data-and-Analysis\/Infectious-Disease\/Immunization-Tool\" rel=\"noreferrer nofollow noopener\" target=\"_blank\">En Ontario\u00a0(nouvelle fen\u00eatre)<\/a>, seulement 70\u00a0% des enfants de 7\u00a0ans avaient re\u00e7u deux doses du vaccin en 2023-2024. Une seule r\u00e9gion sociosanitaire avait un taux de vaccination de plus de 95\u00a0%.<\/p>\n<p class=\"sc-jbo7hw-7 bDkRIk\">En Colombie-Britannique, la proportion d\u2019enfants de 7\u00a0ans immunis\u00e9s contre la rougeole est pass\u00e9e de 90,9\u00a0% en 2013 \u00e0 72,4\u00a0% en 2023. Plusieurs r\u00e9gions ont des taux de vaccination en de\u00e7\u00e0 de 50\u00a0%.<\/p>\n<p class=\"sc-jbo7hw-7 bDkRIk\"><a tabindex=\"0\" class=\"border-b border-solid transition-colors text-blue600 hover:text-blue600 light:text-blue600 light:hover:text-blue600 dark:text-blue400 dark:hover:text-blue400 border-gray900\/25 light:border-gray900\/25 dark:border-gray100\/25 hover:border-blue600 light:hover:border-blue600 dark:hover:border-blue400 hover:bg-gray999\/10 light:hover:bg-gray999\/10 dark:hover:bg-gray0\/10\" href=\"https:\/\/ici.radio-canada.ca\/nouvelle\/2146948\/rougeole-vaccin-ecoles-quebecoises\" rel=\"nofollow noopener\" target=\"_blank\">Seulement une \u00e9cole secondaire du Qu\u00e9bec<\/a> sur trois atteint l\u2019objectif de la sant\u00e9 publique de vacciner 95\u00a0% des jeunes contre la rougeole.<\/p>\n<p class=\"sc-jbo7hw-7 bDkRIk\">Le Dr\u00a0Papenburg f\u00e9licite les efforts d\u00e9ploy\u00e9s par la sant\u00e9 publique du Qu\u00e9bec lors de l&rsquo;\u00e9closion de 2024 pour am\u00e9liorer les taux de vaccination. Mais malgr\u00e9 cela, on a encore des \u00e9coles qui ont des taux de vaccination bien en dessous du 95\u00a0% souhait\u00e9.<\/p>\n<p class=\"sc-jbo7hw-7 bDkRIk\">En fait, dans certaines \u00e9coles au Qu\u00e9bec, le taux de vaccination est inf\u00e9rieur \u00e0 50\u00a0%.<\/p>\n<blockquote class=\"sc-ym8j07-0 kJvxpW text-gray700 light:text-gray700 dark:text-gray200\">\n<p class=\"sc-ym8j07-1 jhkebe !font-display text-6 leading-5 xsToSm:text-5 font-bold text-gray700 light:text-gray700 dark:text-gray200 font-medium\">Honn\u00eatement, nous sommes chanceux qu\u2019il n\u2019y a pas eu encore d&rsquo;\u00e9closion majeure au Qu\u00e9bec en\u00a02025.<\/p>\n<p>Une citation de Dr Jesse Papenburg, p\u00e9diatre, infectiologue et microbiologiste \u00e0 l&rsquo;H\u00f4pital de Montr\u00e9al pour enfants du Centre universitaire de sant\u00e9 McGill<\/p><\/blockquote>\n<p><img decoding=\"async\" alt=\"Portrait de Jesse Papenburg\" class=\"absolute left-0 top-0 size-full object-cover transition-opacity ease-out print:relative html-dark:brightness-[.8]\" loading=\"lazy\" src=\"https:\/\/www.europesays.com\/fr\/wp-content\/uploads\/2025\/08\/jesse-papenburg-pediatre-montreal.jpg\"\/>Ouvrir en mode plein \u00e9cran<\/p>\n<p class=\"sc-ic6be9-2 kYrgAK\">Jesse Papenburg est p\u00e9diatre, infectiologue et microbiologiste \u00e0 l&rsquo;H\u00f4pital de Montr\u00e9al pour enfants du Centre universitaire de sant\u00e9 McGill.<\/p>\n<p class=\"sc-ic6be9-1 cJJtvJ text-gray600 light:text-gray600 dark:text-gray400\">Photo : Photo fournie par Jesse Papenburg<\/p>\n<p class=\"sc-jbo7hw-7 bDkRIk\">Pr\u00e8s du tiers des cas rapport\u00e9s au Canada en 2025 concernant des adultes et de plus en plus d\u2019adolescents sont infect\u00e9s, autre signe de la baisse soutenue du taux de vaccination depuis plusieurs ann\u00e9es, dit le Dr\u00a0Papenburg.<\/p>\n<p class=\"sc-jbo7hw-7 bDkRIk\">Le Canada pourrait continuer \u00e0 voir des milliers de cas annuellement si les taux de vaccination ne s\u2019am\u00e9liorent pas, pr\u00e9viennent ces experts.<\/p>\n<p>D\u00e9but du widget . Passer le widget ?Fin du widget . Retourner au d\u00e9but du widget ?<\/p>\n<p class=\"sc-jbo7hw-7 bDkRIk\">Je pense que \u00e7a va prendre des efforts soutenus pendant longtemps pour qu&rsquo;on r\u00e9ussisse \u00e0 avoir une couverture vaccinale ad\u00e9quate. Il faut que \u00e7a devienne une priorit\u00e9, estime le Dr\u00a0Papenburg. <\/p>\n<p class=\"sc-jbo7hw-7 bDkRIk\">Mais contrer l\u2019h\u00e9sitation vaccinale est un processus qui prend beaucoup de temps et de ressources, rappellent les Drs\u00a0Ward et Saxinger, sans compter que la pand\u00e9mie de COVID-19 a acc\u00e9l\u00e9r\u00e9 l&rsquo;h\u00e9sitation vaccinale.<\/p>\n<p class=\"sc-jbo7hw-7 bDkRIk\">Ceux qui propagent de la d\u00e9sinformation\u00a0[\u00e0 propos des vaccins] sont tr\u00e8s adeptes et r\u00e9ussissent \u00e0 faire peur aux parents. Il faut adopter une approche plus d\u00e9licate, sans jugement, pour pouvoir les convaincre de faire vacciner leurs enfants, croit le Dr\u00a0Ward.<\/p>\n<p><img decoding=\"async\" alt=\"\" class=\"absolute left-0 top-0 size-full object-cover transition-opacity ease-out print:relative html-dark:brightness-[.8]\" loading=\"lazy\" src=\"https:\/\/www.europesays.com\/fr\/wp-content\/uploads\/2025\/08\/2025-0802-1455_01.jpeg\"\/>2:10Des complications s\u00e9v\u00e8res possibles associ\u00e9es \u00e0 la rougeole<\/p>\n<p class=\"sc-jbo7hw-7 bDkRIk\">J\u2019ai bien peur que les gens r\u00e9alisent l\u2019impact de cette maladie seulement lorsqu\u2019on aura beaucoup plus de cas, craint la Dre\u00a0Saxinger.<\/p>\n<p class=\"sc-jbo7hw-7 bDkRIk\">La rougeole n&rsquo;est pas une maladie infantile b\u00e9nigne, insiste le Dr\u00a0Papenburg.<\/p>\n<p class=\"sc-jbo7hw-7 bDkRIk\">La rougeole peut avoir un effet majeur sur le syst\u00e8me immunitaire, ajoute le Dr\u00a0Ward.<\/p>\n<p class=\"sc-jbo7hw-7 bDkRIk\">La rougeole d\u00e9truit le syst\u00e8me immunitaire parce que le virus se multiplie dans nos cellules immunitaires et les d\u00e9truit. Ce sont les infections secondaires qui m\u00e8nent \u00e0 des hospitalisations, explique le Dr\u00a0Ward qui, au cours de sa carri\u00e8re m\u00e9dicale, a observ\u00e9 des milliers de cas de rougeoles au P\u00e9rou, aux \u00c9tats-Unis et au Zimbabwe.<\/p>\n<p class=\"sc-jbo7hw-7 bDkRIk\">Il ajoute que la rougeole rend \u00e9galement la personne infect\u00e9e susceptible d&rsquo;attraper toutes sortes d&rsquo;autres infections.<\/p>\n<p class=\"sc-jbo7hw-7 bDkRIk\">Nous devons expliquer aux gens que leur syst\u00e8me immunitaire ne sera peut-\u00eatre plus le m\u00eame qu&rsquo;avant la rougeole. Nous devrions expliquer \u00e0 la population que la rougeole agit comme le VIH\u00a0: le virus cible votre syst\u00e8me immunitaire et le d\u00e9sactive pendant plusieurs mois. Je pense que beaucoup de gens, s&rsquo;ils entendaient cette information, changeraient peut-\u00eatre d\u2019avis sur la vaccination.<\/p>\n","protected":false},"excerpt":{"rendered":"Les autorit\u00e9s canadiennes de sant\u00e9 publique ont rapport\u00e9 vendredi 232\u00a0nouveaux cas de rougeole au pays, portant le bilan&hellip;\n","protected":false},"author":2,"featured_media":294867,"comment_status":"","ping_status":"","sticky":false,"template":"","format":"standard","meta":{"footnotes":""},"categories":[10],"tags":[1011,27,72,71],"class_list":{"0":"post-294866","1":"post","2":"type-post","3":"status-publish","4":"format-standard","5":"has-post-thumbnail","7":"category-sante","8":"tag-fr","9":"tag-france","10":"tag-health","11":"tag-sante"},"share_on_mastodon":{"url":"https:\/\/pubeurope.com\/@fr\/114968352978361290","error":""},"_links":{"self":[{"href":"https:\/\/www.europesays.com\/fr\/wp-json\/wp\/v2\/posts\/294866","targetHints":{"allow":["GET"]}}],"collection":[{"href":"https:\/\/www.europesays.com\/fr\/wp-json\/wp\/v2\/posts"}],"about":[{"href":"https:\/\/www.europesays.com\/fr\/wp-json\/wp\/v2\/types\/post"}],"author":[{"embeddable":true,"href":"https:\/\/www.europesays.com\/fr\/wp-json\/wp\/v2\/users\/2"}],"replies":[{"embeddable":true,"href":"https:\/\/www.europesays.com\/fr\/wp-json\/wp\/v2\/comments?post=294866"}],"version-history":[{"count":0,"href":"https:\/\/www.europesays.com\/fr\/wp-json\/wp\/v2\/posts\/294866\/revisions"}],"wp:featuredmedia":[{"embeddable":true,"href":"https:\/\/www.europesays.com\/fr\/wp-json\/wp\/v2\/media\/294867"}],"wp:attachment":[{"href":"https:\/\/www.europesays.com\/fr\/wp-json\/wp\/v2\/media?parent=294866"}],"wp:term":[{"taxonomy":"category","embeddable":true,"href":"https:\/\/www.europesays.com\/fr\/wp-json\/wp\/v2\/categories?post=294866"},{"taxonomy":"post_tag","embeddable":true,"href":"https:\/\/www.europesays.com\/fr\/wp-json\/wp\/v2\/tags?post=294866"}],"curies":[{"name":"wp","href":"https:\/\/api.w.org\/{rel}","templated":true}]}}