{"id":294868,"date":"2025-08-04T03:23:15","date_gmt":"2025-08-04T03:23:15","guid":{"rendered":"https:\/\/www.europesays.com\/fr\/294868\/"},"modified":"2025-08-04T03:23:15","modified_gmt":"2025-08-04T03:23:15","slug":"tournoi-europeen-u21-a-ploufragan-truffert-assignon-et-ugochukwu-freres-de-foot","status":"publish","type":"post","link":"https:\/\/www.europesays.com\/fr\/294868\/","title":{"rendered":"Tournoi Europ\u00e9en U21 \u00e0 Ploufragan\u00a0: Truffert, Assignon et Ugochukwu, fr\u00e8res de foot\u00a0!"},"content":{"rendered":"<p>Tournoi Europ\u00e9en U21 \u00e0 Ploufragan<\/p>\n<p>\u00ab\u00a0Je les appelle par leurs pr\u00e9noms, d\u00e9bute leur entra\u00eeneur-formateur, S\u00e9bastien Tambouret.\u00a0\u00ab\u00a0Flo\u00a0\u00bb\u00a0a eu la chance de d\u00e9buter la pr\u00e9paration avec les pros et son fr\u00e8re Adrien. C\u2019\u00e9tait que du positif pour lui\u00a0! Ils ont un exemple \u00e0 suivre. Quelqu\u2019un qui a prouv\u00e9, qui a eu les bons codes et qui a trouv\u00e9 les chemins de la r\u00e9ussite. C\u2019est important pour gravir les diff\u00e9rents \u00e9chelons. Ils le vivent bien, tr\u00e8s bien. Apr\u00e8s, c\u2019est un membre de l\u2019\u00e9quipe. On est exigeant avec lui, comme avec tous les autres gar\u00e7ons\u00a0\u00bb. <\/p>\n<p>Parfois malmen\u00e9s par une s\u00e9duisante \u00e9quipe st\u00e9phanoise en finale, dimanche, les jeunes Rennais ont su trouver les ressources mentales et physiques pour s\u2019imposer gr\u00e2ce \u00e0 un penalty d\u2019Henrick Do Marcolino, dont le cousin Jonathan (pr\u00eat\u00e9 \u00e0 FCBBP en National cette saison) a re\u00e7u le titre de r\u00e9v\u00e9lation du tournoi l\u2019an dernier, apr\u00e8s un gros travail de l\u2019excellent Lucas Rosier. <\/p>\n<p>\u00ab On est habitu\u00e9 \u00e0 jouer ensemble \u00bb<\/p>\n<p>\u00ab\u00a0Cela fait plaisir de gagner, commentait Florian Truffert (19 ans). Rennes n\u2019avait pas soulev\u00e9 ce Troph\u00e9e depuis neuf ans\u00a0! Il intervient apr\u00e8s notre succ\u00e8s en Gambardella. On se pr\u00e9sentait avec un effectif jeune, sans doute le plus jeune du tournoi. On est habitu\u00e9 \u00e0 jouer ensemble. On conna\u00eet les d\u00e9fauts et les qualit\u00e9s de chacun. C\u2019est notre force aujourd\u2019hui. On affronte un autre football durant ces trois jours. Cela change des \u00e9quipes de N3 bretonnes en championnat\u00a0\u00bb. <\/p>\n<p>Le capitaine du Stade Rennais et lat\u00e9ral droit encha\u00eenait en \u00e9voquant sa complicit\u00e9 avec son grand fr\u00e8re gaucher, Adrien (23 ans), r\u00e9cemment transf\u00e9r\u00e9 au AFC Bournemouth, en Premier League anglaise\u00a0: \u00ab\u00a0Pour moi, c\u2019est le plus fort joueur que j\u2019ai vu (rires)\u00a0! On est li\u00e9. On est toujours ensemble. On se voit un peu moins, forc\u00e9ment. On s\u2019appelle r\u00e9guli\u00e8rement et on aime jouer \u00e0 la console. On a les m\u00eames passions en dehors du terrain. Adrien me donne beaucoup de conseils, des astuces pour plaire aux coachs\u00a0\u00bb.<\/p>\n<p class=\"titre-tech\">Les r\u00e9sultats et classements<\/p>\n<p class=\"tech\"><strong class=\"tech\">Les r\u00e9sultats de dimanche\u00a0:<\/strong> SM Caen &#8211; Real Sociedad\u00a0: 2-0 (Thiema Gueye x 2)\u00a0; Lyon &#8211; Paris SG\u00a0: 1-0 (Erawan Garnier sp)\u00a0; Hambourg &#8211; EAG\u00a0: 3-0 (Maurice Boakye x 2, Moritz Reimers)\u00a0; Rennes &#8211; ASSE\u00a0: 1-0 (Jonathan Do Marcolino).<\/p>\n<p class=\"tech\"><strong class=\"tech\">Le classement final de la 27i\u00e8me \u00e9dition\u00a0:<\/strong> 1. Stade Rennais, 2. AS Saint-Etienne, 3. Hambourg SV, 4. En Avant de Guingamp, 5. Olympique Lyonnais, 6. PSG, 7. SM Caen, 8. Real Sociedad.<\/p>\n<p class=\"tech\"><strong class=\"tech\">Les r\u00e9compenses\u00a0:<\/strong> Troph\u00e9e de l\u2019\u00e9thique (Unecatef)\u00a0: Gue\u00efda Fofana (OL). \u00ab\u00a0Gentleman Player\u00a0\u00bb (\u00e9tat d\u2019esprit, fair-play)\u00a0: Tristan Rozier (capitaine du SM Caen). Meilleur gardien\u00a0: Killian Belazzoug (Rennes). Meilleur joueur\u00a0: Jo\u00ebl-Emmanuel Coulibaly (Rennes).<\/p>\n","protected":false},"excerpt":{"rendered":"Tournoi Europ\u00e9en U21 \u00e0 Ploufragan \u00ab\u00a0Je les appelle par leurs pr\u00e9noms, d\u00e9bute leur entra\u00eeneur-formateur, S\u00e9bastien Tambouret.\u00a0\u00ab\u00a0Flo\u00a0\u00bb\u00a0a eu la&hellip;\n","protected":false},"author":2,"featured_media":294869,"comment_status":"","ping_status":"","sticky":false,"template":"","format":"standard","meta":{"footnotes":""},"categories":[9],"tags":[9594,63,1011,27,9328,584,43499,60,43500],"class_list":{"0":"post-294868","1":"post","2":"type-post","3":"status-publish","4":"format-standard","5":"has-post-thumbnail","7":"category-sports","8":"tag-en-avant-guingamp","9":"tag-football","10":"tag-fr","11":"tag-france","12":"tag-ploufragan","13":"tag-rennes","14":"tag-selection-foot-amateur","15":"tag-sports","16":"tag-stade-rennais-fc"},"share_on_mastodon":{"url":"https:\/\/pubeurope.com\/@fr\/114968356696452831","error":""},"_links":{"self":[{"href":"https:\/\/www.europesays.com\/fr\/wp-json\/wp\/v2\/posts\/294868","targetHints":{"allow":["GET"]}}],"collection":[{"href":"https:\/\/www.europesays.com\/fr\/wp-json\/wp\/v2\/posts"}],"about":[{"href":"https:\/\/www.europesays.com\/fr\/wp-json\/wp\/v2\/types\/post"}],"author":[{"embeddable":true,"href":"https:\/\/www.europesays.com\/fr\/wp-json\/wp\/v2\/users\/2"}],"replies":[{"embeddable":true,"href":"https:\/\/www.europesays.com\/fr\/wp-json\/wp\/v2\/comments?post=294868"}],"version-history":[{"count":0,"href":"https:\/\/www.europesays.com\/fr\/wp-json\/wp\/v2\/posts\/294868\/revisions"}],"wp:featuredmedia":[{"embeddable":true,"href":"https:\/\/www.europesays.com\/fr\/wp-json\/wp\/v2\/media\/294869"}],"wp:attachment":[{"href":"https:\/\/www.europesays.com\/fr\/wp-json\/wp\/v2\/media?parent=294868"}],"wp:term":[{"taxonomy":"category","embeddable":true,"href":"https:\/\/www.europesays.com\/fr\/wp-json\/wp\/v2\/categories?post=294868"},{"taxonomy":"post_tag","embeddable":true,"href":"https:\/\/www.europesays.com\/fr\/wp-json\/wp\/v2\/tags?post=294868"}],"curies":[{"name":"wp","href":"https:\/\/api.w.org\/{rel}","templated":true}]}}