{"id":294870,"date":"2025-08-04T03:24:13","date_gmt":"2025-08-04T03:24:13","guid":{"rendered":"https:\/\/www.europesays.com\/fr\/294870\/"},"modified":"2025-08-04T03:24:13","modified_gmt":"2025-08-04T03:24:13","slug":"celine-dion-rene-angelil-jaloux-de-jean-jacques-goldman-cette-scene-intime-jamais-racontee","status":"publish","type":"post","link":"https:\/\/www.europesays.com\/fr\/294870\/","title":{"rendered":"C\u00e9line Dion : Ren\u00e9 Ang\u00e9lil jaloux de Jean-Jacques Goldman ? Cette sc\u00e8ne intime jamais racont\u00e9e"},"content":{"rendered":"<p data-start=\"73\" data-end=\"582\">En 1995, l\u2019album D\u2019eux a marqu\u00e9 une \u00e9tape majeure, r\u00e9sultant<br \/>\nde la collaboration entre <a href=\"https:\/\/www.closermag.fr\/people\/jean-jacques-goldman-il-sort-de-sa-retraite-mediatique-tres-inquiet-dune-revolution-3516182\" rel=\"nofollow noopener\" target=\"_blank\"><br \/>\nJean-Jacques Goldman<\/a> et C\u00e9line Dion. Totalement s\u00e9duit par le<br \/>\ntalent vocal de la chanteuse canadienne, Goldman la pla\u00e7ait parmi<br \/>\nles plus grandes voix de la plan\u00e8te. Comme le souligne Erick Benzi,<br \/>\nson ami et producteur, dans La Tribune Dimanche du 3 ao\u00fbt 2025, il<br \/>\nla classait \u00ab\u00a0dans le top 5 des grandes vocalistes mondiales,<br \/>\navec Aretha Franklin, son idole absolue, <a href=\"https:\/\/www.closermag.fr\/people\/barbra-streisand-pourquoi-elle-s-en-prend-a-bradley-cooper-1379918#item=1\" rel=\"nofollow noopener\" target=\"_blank\"><br \/>\nBarbra Streisand<\/a>, Mariah Carey et Whitney Houston\u00a0\u00bb.<\/p>\n<p data-start=\"584\" data-end=\"909\">Cette rencontre artistique,<br \/>\nport\u00e9e par une passion sans faille, s\u2019est transform\u00e9e en v\u00e9ritable<br \/>\nobsession, selon le m\u00eame hebdomadaire. \u00ab\u00a0Il est vraiment \u00e0<br \/>\nl&rsquo;origine de cette rencontre, avoue son ami. <strong>Jean-Jacques<br \/>\nGoldman \u00e9tait tomb\u00e9 amoureux de sa voix<\/strong>\u00ab\u00a0. Une<br \/>\nd\u00e9votion qui a donn\u00e9 naissance \u00e0 un projet musical<br \/>\nembl\u00e9matique.<\/p>\n<p>Jean-Jacques Goldman,<br \/>\nl\u2019architecte discret du succ\u00e8s de C\u00e9line Dion<\/p>\n<p data-start=\"228\" data-end=\"1125\">En 1995, sur le plateau<br \/>\nd\u2019<a href=\"https:\/\/www.closermag.fr\/people\/flic-cure-a-lassemblee-le-spectacle-humiliant-delise-lucet-a-mis-daccord-tous-les-groupes-politiques-3517284\" rel=\"nofollow noopener\" target=\"_blank\">Envoy\u00e9 sp\u00e9cial<\/a>, Jean-Jacques Goldman<br \/>\nconfiait : \u00ab\u00a0C\u2019est un projet qui m\u2019int\u00e9ressait, \u00e0 peu pr\u00e8s le<br \/>\nseul auquel je r\u00eavais. J\u2019avais vraiment envie de travailler pour<br \/>\ncette fille-l\u00e0 en particulier\u00a0\u00bb. Il se voyait capable de<br \/>\nsublimer sa voix et d\u2019en faire une star mondiale. \u00ab\u00a0J\u2019avais<br \/>\nl\u2019impression de savoir ce qu\u2019il lui fallait et de pouvoir<br \/>\nl\u2019aider\u00a0\u00bb, expliquait-il alors. Erick Benzi, proche<br \/>\ncollaborateur, ajoute que Goldman \u00ab\u00a0\u00e9tait persuad\u00e9 que<br \/>\n<strong>C\u00e9line pouvait conqu\u00e9rir la France<\/strong>, mais aussi le<br \/>\nmonde\u00a0\u00bb.<\/p>\n<p data-start=\"1127\" data-end=\"1560\">Toutefois, cette collaboration<br \/>\nne faisait pas l\u2019unanimit\u00e9 au sein de l\u2019entourage de la chanteuse.<br \/>\n<a href=\"https:\/\/www.closermag.fr\/people\/exclu.-rene-en-mourrait-une-seconde-fois-celine-dion-meconnaissable-nouvelles-revelations-sur-la-chanteuse-1720204#item=1v\" rel=\"nofollow noopener\" target=\"_blank\"><br \/>\nRen\u00e9 Ang\u00e9lil<\/a>, son mari et manager, voyait d\u2019un mauvais \u0153il<br \/>\ncette relation naissante qui semblait perturber C\u00e9line. La<br \/>\nchanteuse, troubl\u00e9e par cette nouvelle dynamique, <strong>aurait<br \/>\nm\u00eame cach\u00e9 \u00e0 Ren\u00e9 qu\u2019elle avait pass\u00e9 l\u2019apr\u00e8s-midi avec<br \/>\nJean-Jacques Goldman<\/strong> pour officialiser le projet : un<br \/>\nmensonge destin\u00e9 \u00e0 \u00e9viter des tensions inutiles.<\/p>\n<p>Une<br \/>\nalchimie artistique n\u00e9e d\u2019une vraie complicit\u00e9<\/p>\n<p data-start=\"1625\" data-end=\"2310\">Jean-Jacques Goldman voulait<br \/>\ncomposer un album entier pour <a href=\"https:\/\/www.closermag.fr\/people\/plus-mal-letat-de-sante-de-celine-dion-en-chute-libre-revelations-angoissantes-3546718\" rel=\"nofollow noopener\" target=\"_blank\"><br \/>\nC\u00e9line Dion<\/a>, ou rien du tout. Au printemps 1994, lors d\u2019un<br \/>\nrendez-vous dans un restaurant parisien, il lui pr\u00e9sente ses<br \/>\ncompositions, apr\u00e8s avoir men\u00e9 une v\u00e9ritable enqu\u00eate sur elle :<br \/>\n\u00ab\u00a0Il a \u00e9cout\u00e9 ses chansons, lu et visionn\u00e9 toutes ses interviews<br \/>\npour lui offrir du sur-mesure\u00a0\u00bb, raconte son ami. Ils repartent<br \/>\nalors avec la cassette, et un mois plus tard, la r\u00e9ponse tombe :<br \/>\n\u00ab\u00a0banco\u00a0\u00bb. Goldman se souvient : \u00ab\u00a0Quand elle a entendu<br \/>\nPour que tu m\u2019aimes encore, elle \u00e9tait sinc\u00e8rement \u00e9mue. Elle a la<br \/>\nlarme facile, C\u00e9line, et Ren\u00e9 aussi&#8230; Entre elle et Jean-Jacques,<br \/>\nj\u2019ai senti une esp\u00e8ce de <strong>s\u00e9duction par les<br \/>\nchansons<\/strong>\u00ab\u00a0.<\/p>\n<p data-start=\"2312\" data-end=\"2707\" data-is-last-node=\"\" data-is-only-node=\"\">L\u2019enregistrement de l\u2019album D\u2019eux se d\u00e9roule en cinq jours en 1994,<br \/>\nau Studio Mega \u00e0 Paris, o\u00f9 douze titres sont enregistr\u00e9s.<br \/>\n\u00ab\u00a0J\u2019avais un r\u00eave, et finalement la r\u00e9alit\u00e9 a \u00e9t\u00e9 aussi jolie et<br \/>\nint\u00e9ressante\u00a0\u00bb, confie l\u2019artiste, d\u00e9finitivement conquis. Ce<br \/>\nprojet a boulevers\u00e9 la carri\u00e8re de la <a href=\"https:\/\/www.closermag.fr\/people\/pas-tellement-interessee-par-rene-charles-empoche-70-000-dollars-et-en-profite-pour-faire-de-rares-confidences-sur-sa-mere-celine-dion-3564334\" rel=\"nofollow noopener\" target=\"_blank\"><br \/>\nchanteuse<\/a>. Un second album D\u2019eux pourrait voir le jour d\u00e8s <strong>septembre<br \/>\nprochain<\/strong>.<\/p>\n","protected":false},"excerpt":{"rendered":"En 1995, l\u2019album D\u2019eux a marqu\u00e9 une \u00e9tape majeure, r\u00e9sultant de la collaboration entre Jean-Jacques Goldman et C\u00e9line&hellip;\n","protected":false},"author":2,"featured_media":294871,"comment_status":"","ping_status":"","sticky":false,"template":"","format":"standard","meta":{"footnotes":""},"categories":[8],"tags":[548,7043,58,59,1011,27,7195,8449],"class_list":{"0":"post-294870","1":"post","2":"type-post","3":"status-publish","4":"format-standard","5":"has-post-thumbnail","7":"category-divertissement","8":"tag-article-simple","9":"tag-celine-dion","10":"tag-divertissement","11":"tag-entertainment","12":"tag-fr","13":"tag-france","14":"tag-jean-jacques-goldman","15":"tag-rene-angelil"},"share_on_mastodon":{"url":"https:\/\/pubeurope.com\/@fr\/114968361041465827","error":""},"_links":{"self":[{"href":"https:\/\/www.europesays.com\/fr\/wp-json\/wp\/v2\/posts\/294870","targetHints":{"allow":["GET"]}}],"collection":[{"href":"https:\/\/www.europesays.com\/fr\/wp-json\/wp\/v2\/posts"}],"about":[{"href":"https:\/\/www.europesays.com\/fr\/wp-json\/wp\/v2\/types\/post"}],"author":[{"embeddable":true,"href":"https:\/\/www.europesays.com\/fr\/wp-json\/wp\/v2\/users\/2"}],"replies":[{"embeddable":true,"href":"https:\/\/www.europesays.com\/fr\/wp-json\/wp\/v2\/comments?post=294870"}],"version-history":[{"count":0,"href":"https:\/\/www.europesays.com\/fr\/wp-json\/wp\/v2\/posts\/294870\/revisions"}],"wp:featuredmedia":[{"embeddable":true,"href":"https:\/\/www.europesays.com\/fr\/wp-json\/wp\/v2\/media\/294871"}],"wp:attachment":[{"href":"https:\/\/www.europesays.com\/fr\/wp-json\/wp\/v2\/media?parent=294870"}],"wp:term":[{"taxonomy":"category","embeddable":true,"href":"https:\/\/www.europesays.com\/fr\/wp-json\/wp\/v2\/categories?post=294870"},{"taxonomy":"post_tag","embeddable":true,"href":"https:\/\/www.europesays.com\/fr\/wp-json\/wp\/v2\/tags?post=294870"}],"curies":[{"name":"wp","href":"https:\/\/api.w.org\/{rel}","templated":true}]}}