{"id":294874,"date":"2025-08-04T03:26:13","date_gmt":"2025-08-04T03:26:13","guid":{"rendered":"https:\/\/www.europesays.com\/fr\/294874\/"},"modified":"2025-08-04T03:26:13","modified_gmt":"2025-08-04T03:26:13","slug":"chantage-harcelement-retraite-anticipee-dans-la-jungle-des-ruptures-conventionnelles","status":"publish","type":"post","link":"https:\/\/www.europesays.com\/fr\/294874\/","title":{"rendered":"Chantage, harc\u00e8lement, retraite anticip\u00e9e\u2026 Dans la jungle des ruptures conventionnelles"},"content":{"rendered":"<p><strong>T\u00c9MOIGNAGES &#8211;<\/strong> Dans sa chasse aux \u00e9conomies, le gouvernement veut modifier le dispositif des ruptures conventionnelles pour limiter les \u00ababus\u00bb.<\/p>\n<p class=\"fig-paragraph\">Quand\u00a0<a href=\"https:\/\/www.lefigaro.fr\/entrepreneur\/et-si-un-jour-je-relancais-l-affaire-familiale-20220705\" data-fig-type=\"Article\" data-gtm-custom-categorie=\"navigation\" data-gtm-custom-action=\"crossclick\" data-gtm-custom-label=\"Contextuel\" data-gtm-event=\"customEventSPE\" data-fig-domain=\"LEFIGARO\" target=\"_blank\" rel=\"noopener\">il a repris l\u2019affaire familiale,<\/a>\u00a0en 2005, Pierrick* a re\u00e7u un seul conseil de son p\u00e8re\u00a0: \u00ab\u00a0Prends soin de tes hommes, ils te le rendront\u00a0\u00bb. \u00ab\u00a0\u00c7a fait tr\u00e8s guerrier, mais, pour lui, le\u00a0<a href=\"http:\/\/www.lefigaro.fr\/societes\/on-sait-qu-il-va-falloir-dire-stop-ces-grands-patrons-tentes-de-revenir-en-arriere-sur-le-teletravail-considere-comme-un-acquis-social-20241005\" data-fig-type=\"Article\" data-gtm-custom-categorie=\"navigation\" data-gtm-custom-action=\"crossclick\" data-gtm-custom-label=\"Contextuel\" data-gtm-event=\"customEventSPE\" data-fig-domain=\"LEFIGARO\" target=\"_blank\" rel=\"noopener\">lien entre un patron et ses salari\u00e9s<\/a> , c\u2019\u00e9tait la recette magique pour faire tourner la bo\u00eete\u00a0\u00bb, sourit aujourd\u2019hui ce g\u00e9rant d\u2019une entreprise du b\u00e2timent du sud de la France qui emploie sept salari\u00e9s. Depuis, le dirigeant a tent\u00e9 de suivre l\u2019enseignement paternel en maintenant un lien fort avec ses \u00e9quipes. \u00ab\u00a0Je pars du principe qu\u2019on peut se dire les choses et r\u00e9gler les probl\u00e8mes intelligemment, mart\u00e8le-t-il. C\u2019est peut-\u00eatre d\u00e9pass\u00e9, mais je nous vois comme une famille.\u00a0\u00bb Le patron se reprend. \u00ab\u00a0Enfin, je nous voyais comme une famille.\u00a0\u00bb<\/p>\n<p class=\"fig-paragraph\">En f\u00e9vrier 2023, un de ses employ\u00e9s frappe \u00e0 la porte de son bureau. \u00ab\u00a0Il n\u2019a rien dit, se souvient le chef d\u2019entreprise. Il a juste pos\u00e9 une feuille devant moi et a attendu ma r\u00e9action.\u00a0\u00bb Sur la page imprim\u00e9e, le salari\u00e9 demande une rupture\u2026<\/p>\n<p class=\"fig-premium-paywall__infos\">\n        Cet article est r\u00e9serv\u00e9 aux abonn\u00e9s.        Il vous reste 88% \u00e0 d\u00e9couvrir.\n    <\/p>\n<p>                <img  data- alt=\"Le Figaro\" class=\"fig-img--complete fig-img\"\/><\/p>\n<p class=\"fig-premium-paywall__title\">Vous avez envie de lire la suite ?<\/p>\n<p class=\"fig-premium-paywall__subtitle\">D\u00e9bloquez tous les articles imm\u00e9diatement.<\/p>\n<p class=\"fig-premium-paywall__connect\">\n                D\u00e9j\u00e0 abonn\u00e9\u00a0?                <a class=\"fig-premium-paywall__connect-link\" href=\"https:\/\/connect.lefigaro.fr\/login?client=horizon_web&amp;type=main&amp;redirect_uri=https%3A%2F%2Fwww.lefigaro.fr%2Fsocial%2Fchantage-harcelement-retraite-anticipee-dans-la-jungle-des-ruptures-conventionnelles-20250803\" data-js-gtm=\"{&quot;customCategorie&quot;: &quot;conversion&quot;, &quot;customAction&quot;: &quot;before_Landing_Connexion_paywall_auto&quot;, &quot;customLabel&quot;: &quot;bGVmaWdhcm8uZnJfXzFmMDZmNzI0LThmNTItNjVhMC1hOWU0LTM3N2FiMTQ4MDc5Ml9fQXJ0aWNsZQ==_Chantage, harc\u00e8lement, retraite anticip\u00e9e\u2026 Dans la jungle des ruptures conventionnelles_239&quot;, &quot;customIDSPE&quot;: &quot;bGVmaWdhcm8uZnJfXzFmMDZmNzI0LThmNTItNjVhMC1hOWU0LTM3N2FiMTQ4MDc5Ml9fQXJ0aWNsZQ==&quot;, &quot;event&quot;: &quot;customEventSPE&quot;}\" target=\"_blank\" rel=\"noopener\"><br \/>\n                    Connectez-vous<br \/>\n                <\/a>\n            <\/p>\n","protected":false},"excerpt":{"rendered":"T\u00c9MOIGNAGES &#8211; Dans sa chasse aux \u00e9conomies, le gouvernement veut modifier le dispositif des ruptures conventionnelles pour limiter&hellip;\n","protected":false},"author":2,"featured_media":294875,"comment_status":"","ping_status":"","sticky":false,"template":"","format":"standard","meta":{"footnotes":""},"categories":[6],"tags":[35,15059,33,34,1011,27],"class_list":{"0":"post-294874","1":"post","2":"type-post","3":"status-publish","4":"format-standard","5":"has-post-thumbnail","7":"category-economie","8":"tag-business","9":"tag-droit-du-travail","10":"tag-economie","11":"tag-economy","12":"tag-fr","13":"tag-france"},"share_on_mastodon":{"url":"https:\/\/pubeurope.com\/@fr\/114968368715557605","error":""},"_links":{"self":[{"href":"https:\/\/www.europesays.com\/fr\/wp-json\/wp\/v2\/posts\/294874","targetHints":{"allow":["GET"]}}],"collection":[{"href":"https:\/\/www.europesays.com\/fr\/wp-json\/wp\/v2\/posts"}],"about":[{"href":"https:\/\/www.europesays.com\/fr\/wp-json\/wp\/v2\/types\/post"}],"author":[{"embeddable":true,"href":"https:\/\/www.europesays.com\/fr\/wp-json\/wp\/v2\/users\/2"}],"replies":[{"embeddable":true,"href":"https:\/\/www.europesays.com\/fr\/wp-json\/wp\/v2\/comments?post=294874"}],"version-history":[{"count":0,"href":"https:\/\/www.europesays.com\/fr\/wp-json\/wp\/v2\/posts\/294874\/revisions"}],"wp:featuredmedia":[{"embeddable":true,"href":"https:\/\/www.europesays.com\/fr\/wp-json\/wp\/v2\/media\/294875"}],"wp:attachment":[{"href":"https:\/\/www.europesays.com\/fr\/wp-json\/wp\/v2\/media?parent=294874"}],"wp:term":[{"taxonomy":"category","embeddable":true,"href":"https:\/\/www.europesays.com\/fr\/wp-json\/wp\/v2\/categories?post=294874"},{"taxonomy":"post_tag","embeddable":true,"href":"https:\/\/www.europesays.com\/fr\/wp-json\/wp\/v2\/tags?post=294874"}],"curies":[{"name":"wp","href":"https:\/\/api.w.org\/{rel}","templated":true}]}}