{"id":294878,"date":"2025-08-04T03:28:11","date_gmt":"2025-08-04T03:28:11","guid":{"rendered":"https:\/\/www.europesays.com\/fr\/294878\/"},"modified":"2025-08-04T03:28:11","modified_gmt":"2025-08-04T03:28:11","slug":"accident-mortel-a-hennebont-lappel-a-temoins-relance","status":"publish","type":"post","link":"https:\/\/www.europesays.com\/fr\/294878\/","title":{"rendered":"Accident mortel \u00e0 Hennebont\u00a0: l\u2019appel \u00e0 t\u00e9moins relanc\u00e9"},"content":{"rendered":"<p>Vendredi 1er ao\u00fbt 2025, une fillette de 9 ans est d\u00e9c\u00e9d\u00e9e \u00e0 la suite d\u2019un <a href=\"https:\/\/www.letelegramme.fr\/morbihan\/lorient-56100\/a-hennebont-une-fillette-de-9-ans-perd-la-vie-dans-un-dramatique-accident-de-la-route-6865678.php\" target=\"_blank\" rel=\"noopener\">grave accident de la route<\/a>, rue des Haras, \u00e0 Hennebont (56). Son p\u00e8re, qui \u00e9tait au volant, a \u00e9t\u00e9 plac\u00e9 en garde \u00e0 vue, samedi 2 ao\u00fbt. Un autre enfant \u00e0 bord du v\u00e9hicule, un petit gar\u00e7on de 5 ans, a \u00e9t\u00e9 gri\u00e8vement bless\u00e9 et a \u00e9t\u00e9 transport\u00e9 \u00e0 l\u2019h\u00f4pital de la Cavale Blanche, \u00e0 Brest, dans un \u00e9tat critique. Ce dimanche, le commissariat de Lorient indique \u00ab\u00a0que son \u00e9tat de sant\u00e9 s\u2019am\u00e9liore doucement mais son pronostic vital est toujours engag\u00e9\u00a0\u00bb. Ce m\u00eame commissariat indique que la garde \u00e0 vue du p\u00e8re, toujours hospitalis\u00e9, a \u00e9t\u00e9 prolong\u00e9e.<\/p>\n<p>Les enqu\u00eateurs relancent l\u2019appel \u00e0 t\u00e9moins et invitent toutes les personnes ayant \u00e9t\u00e9 t\u00e9moin de l\u2019accident \u00e0 se manifester aupr\u00e8s du commissariat de Lorient. Ils recherchent particuli\u00e8rement un automobiliste qui aurait \u00e9t\u00e9 doubl\u00e9 \u00e0 vive allure par le conducteur peu avant le drame. Contact\u00a0: 02\u00a097\u00a078\u00a086\u00a000.<\/p>\n","protected":false},"excerpt":{"rendered":"Vendredi 1er ao\u00fbt 2025, une fillette de 9 ans est d\u00e9c\u00e9d\u00e9e \u00e0 la suite d\u2019un grave accident de&hellip;\n","protected":false},"author":2,"featured_media":294879,"comment_status":"","ping_status":"","sticky":false,"template":"","format":"standard","meta":{"footnotes":""},"categories":[4],"tags":[3085,11,829,765,1011,27,17980,1781,3729,12,25],"class_list":{"0":"post-294878","1":"post","2":"type-post","3":"status-publish","4":"format-standard","5":"has-post-thumbnail","7":"category-france","8":"tag-accidents","9":"tag-actualites","10":"tag-bretagne","11":"tag-en-continu","12":"tag-fr","13":"tag-france","14":"tag-hennebont","15":"tag-lorient","16":"tag-morbihan","17":"tag-news","18":"tag-republique-francaise"},"share_on_mastodon":{"url":"https:\/\/pubeurope.com\/@fr\/114968376740071918","error":""},"_links":{"self":[{"href":"https:\/\/www.europesays.com\/fr\/wp-json\/wp\/v2\/posts\/294878","targetHints":{"allow":["GET"]}}],"collection":[{"href":"https:\/\/www.europesays.com\/fr\/wp-json\/wp\/v2\/posts"}],"about":[{"href":"https:\/\/www.europesays.com\/fr\/wp-json\/wp\/v2\/types\/post"}],"author":[{"embeddable":true,"href":"https:\/\/www.europesays.com\/fr\/wp-json\/wp\/v2\/users\/2"}],"replies":[{"embeddable":true,"href":"https:\/\/www.europesays.com\/fr\/wp-json\/wp\/v2\/comments?post=294878"}],"version-history":[{"count":0,"href":"https:\/\/www.europesays.com\/fr\/wp-json\/wp\/v2\/posts\/294878\/revisions"}],"wp:featuredmedia":[{"embeddable":true,"href":"https:\/\/www.europesays.com\/fr\/wp-json\/wp\/v2\/media\/294879"}],"wp:attachment":[{"href":"https:\/\/www.europesays.com\/fr\/wp-json\/wp\/v2\/media?parent=294878"}],"wp:term":[{"taxonomy":"category","embeddable":true,"href":"https:\/\/www.europesays.com\/fr\/wp-json\/wp\/v2\/categories?post=294878"},{"taxonomy":"post_tag","embeddable":true,"href":"https:\/\/www.europesays.com\/fr\/wp-json\/wp\/v2\/tags?post=294878"}],"curies":[{"name":"wp","href":"https:\/\/api.w.org\/{rel}","templated":true}]}}