{"id":294886,"date":"2025-08-04T03:34:12","date_gmt":"2025-08-04T03:34:12","guid":{"rendered":"https:\/\/www.europesays.com\/fr\/294886\/"},"modified":"2025-08-04T03:34:12","modified_gmt":"2025-08-04T03:34:12","slug":"toulon-soirees-estivales-place-de-lequerre","status":"publish","type":"post","link":"https:\/\/www.europesays.com\/fr\/294886\/","title":{"rendered":"Toulon : Soir\u00e9es estivales Place de l\u2019\u00e9querre"},"content":{"rendered":"<p>&#13;<br \/>\n        &#13;<br \/>\n&#13;<br \/>\n        &#13;<br \/>\n&#13;<\/p>\n<p>        <a href=\"https:\/\/www.tv83.info\/wp-content\/uploads\/2025\/08\/32302311.png\" data-caption=\"\" rel=\"nofollow noopener\" target=\"_blank\"><img loading=\"lazy\" decoding=\"async\" width=\"696\" height=\"392\" class=\"entry-thumb td-modal-image\" src=\"https:\/\/www.europesays.com\/fr\/wp-content\/uploads\/2025\/08\/32302311-696x392.png\"   alt=\"\" title=\"32302311\"\/><\/a><\/p>\n<p>jusqu\u2019au 30 ao\u00fbt 2025 tous les jours de 19h \u00e0 0h.<\/p>\n<p>Toulon<br \/>Place de l\u2019\u00c9querre<br \/>83000 Toulon<\/p>\n<p>Programme \u00c9t\u00e9 2025 :<br \/>En ao\u00fbt<br \/>&gt; Vendredi 1er\/08 : Soir\u00e9e Stand Up humour KO du Rire<br \/>&gt; Dimanche 3\/08 : Soir\u00e9e Salsa (initiation + danse)<br \/>&gt; Vendredi 8\/08 : Soir\u00e9e Chrono 80-00 (animation Dj Jehan, chaque heure une nouvelle d\u00e9cennie musicale)<br \/>&gt; Samedi 9\/08 : Soir\u00e9e polyn\u00e9sienne (show musique et danse par Tamariki Maurua + village cr\u00e9ateurs)<br \/>&gt; Samedi 16\/08 : Soir\u00e9e Electro Festival<br \/>&gt; Dimanche 17\/08 : Soir\u00e9e Electro Festival<br \/>&gt; Samedi 23\/08 : Soir\u00e9e Latina (soir\u00e9e dansante autour des musiques latines par Salsa Tumba)<br \/>&gt; Samedi 30\/08 : Soir\u00e9e camping (dress code \u00ab\u00a0Patrick\u00a0\u00bb)<\/p>\n<p><a href=\"https:\/\/www.restosducoeur.org\/associations-departementales\/les-restos-du-coeur-du-var\/\" rel=\"nofollow noopener\" target=\"_blank\"><img decoding=\"async\" style=\"height:70px;width:140px\" src=\"https:\/\/www.europesays.com\/fr\/wp-content\/uploads\/2025\/04\/restos-du-coeur.jpg\"\/><\/a>        &#13;<br \/>\n&#13;<br \/>\n&#13;<br \/>\n        &#13;<br \/>\n                        &#13;<br \/>\n            &#13;<br \/>\n&#13;<br \/>\n                        Previous article<a href=\"https:\/\/www.tv83.info\/six-fours-brunch-du-dimanche-sur-lile-des-embiez-4\/\" rel=\"nofollow noopener\" target=\"_blank\">Six-Fours : Brunch du dimanche sur l\u2019\u00eele des Embiez<\/a>            \t                &#13;<br \/>\n&#13;<\/p>\n","protected":false},"excerpt":{"rendered":"&#13; &#13; &#13; &#13; &#13; jusqu\u2019au 30 ao\u00fbt 2025 tous les jours de 19h \u00e0 0h. ToulonPlace de&hellip;\n","protected":false},"author":2,"featured_media":294887,"comment_status":"","ping_status":"","sticky":false,"template":"","format":"standard","meta":{"footnotes":""},"categories":[9619],"tags":[1111,11,1777,674,1011,27,12,882,25,2310],"class_list":{"0":"post-294886","1":"post","2":"type-post","3":"status-publish","4":"format-standard","5":"has-post-thumbnail","7":"category-toulon","8":"tag-actu","9":"tag-actualites","10":"tag-eu","11":"tag-europe","12":"tag-fr","13":"tag-france","14":"tag-news","15":"tag-provence-alpes-cote-dazur","16":"tag-republique-francaise","17":"tag-toulon"},"share_on_mastodon":{"url":"https:\/\/pubeurope.com\/@fr\/114968400107387190","error":""},"_links":{"self":[{"href":"https:\/\/www.europesays.com\/fr\/wp-json\/wp\/v2\/posts\/294886","targetHints":{"allow":["GET"]}}],"collection":[{"href":"https:\/\/www.europesays.com\/fr\/wp-json\/wp\/v2\/posts"}],"about":[{"href":"https:\/\/www.europesays.com\/fr\/wp-json\/wp\/v2\/types\/post"}],"author":[{"embeddable":true,"href":"https:\/\/www.europesays.com\/fr\/wp-json\/wp\/v2\/users\/2"}],"replies":[{"embeddable":true,"href":"https:\/\/www.europesays.com\/fr\/wp-json\/wp\/v2\/comments?post=294886"}],"version-history":[{"count":0,"href":"https:\/\/www.europesays.com\/fr\/wp-json\/wp\/v2\/posts\/294886\/revisions"}],"wp:featuredmedia":[{"embeddable":true,"href":"https:\/\/www.europesays.com\/fr\/wp-json\/wp\/v2\/media\/294887"}],"wp:attachment":[{"href":"https:\/\/www.europesays.com\/fr\/wp-json\/wp\/v2\/media?parent=294886"}],"wp:term":[{"taxonomy":"category","embeddable":true,"href":"https:\/\/www.europesays.com\/fr\/wp-json\/wp\/v2\/categories?post=294886"},{"taxonomy":"post_tag","embeddable":true,"href":"https:\/\/www.europesays.com\/fr\/wp-json\/wp\/v2\/tags?post=294886"}],"curies":[{"name":"wp","href":"https:\/\/api.w.org\/{rel}","templated":true}]}}