{"id":294888,"date":"2025-08-04T03:35:14","date_gmt":"2025-08-04T03:35:14","guid":{"rendered":"https:\/\/www.europesays.com\/fr\/294888\/"},"modified":"2025-08-04T03:35:14","modified_gmt":"2025-08-04T03:35:14","slug":"lhistoire-du-street-art-a-toulon","status":"publish","type":"post","link":"https:\/\/www.europesays.com\/fr\/294888\/","title":{"rendered":"l&rsquo;histoire du street art \u00e0 Toulon"},"content":{"rendered":"<p itemprop=\"description\">Trois id\u00e9es pour votre week-end entre Toulon, Cannes et Marseille : une exposition sur l\u2019histoire du street art \u00e0 Toulon, un festival \u00e9clectique en bord de Siagne pr\u00e8s de Canne et une programmation cosmique \u00e0 Marseille pour la pleine lune de samedi.<\/p>\n<p>        \u2018\u2018Banksy une (R)\u00e9volution\u2019\u2019 est une exposition \u00e0 voir jusqu\u2019au 5 octobre, qui replace le street art dans son contexte historique, social et culturel. Le parcours nous emm\u00e8ne des rues New-Yorkaises au galeries d\u2019art, et montre quelques grands noms du genre, dont JR, Invader et bien s\u00fbr\u202f: Banksy. Brigitte Gaillard, conservateur en Chef des Mus\u00e9es de Toulon vous fait la visite\u202f: \u00ab\u202fLes visiteurs sont d&rsquo;abord s\u00e9duits par l&rsquo;ambiance, la sc\u00e9nographie, avec l&rsquo;ambiance du m\u00e9tro, les murs \u00e0 New York. C&rsquo;est l\u00e0 que na\u00eet le street art dans les ann\u00e9es 60. Une population qui veut s&rsquo;identifier et marquer son territoire en taguant. Donc, on a recr\u00e9\u00e9 un petit peu cette ambiance dans la premi\u00e8re section de l&rsquo;exposition, en passant par les galeries d&rsquo;art pour finir sur le monde de Banksy\u202f\u00bb. <br \/>\nLe mus\u00e9e est ouvert tous les jours sauf le lundi. Pour le rejoindre, sortie N\u00b017 Toulon Centre de l\u2019A57. Et vous pourrez aussi y d\u00e9couvrir une grande fresque \u00e9ph\u00e9m\u00e8re de l\u2019artiste italien Ravo. <br \/>\n<a href=\"https:\/\/toulon.fr\/agenda\/banksy-une-revolution-banksy\" target=\"_blank\" rel=\"noopener noreferrer\">le site officiel<\/a> <\/p>\n<p>En bord de Siagne, dans les Alpes-Maritimes \u00e0 Mandelieu-la-Napoule, les \u2018\u2018Nuits Robinsons\u2019\u2019 \u00e9gayent vos soir\u00e9es d\u2019\u00e9t\u00e9 sous les \u00e9toiles, jusqu\u2019au 21 aout. Cette semaine, humour avec les \u2018\u2018Papasss\u2019\u2019 ou \u2018\u2018Et si on parlait\u00a0?\u2019\u2019, chanson fran\u00e7aise avec \u2018\u2018Maestrissimo\u2019\u2019, tango avec l\u2019accord\u00e9oniste Richard Galliano et un tribute \u00e0 Jean-Jacques Goldman. <br \/>&#13;<br \/>\n<a href=\"https:\/\/www.mandelieu.fr\/agenda\/32002\/15921-festival-les-nuits-de-robinson-2025.htm\" target=\"_blank\" rel=\"noopener noreferrer\">le site officiel<\/a><\/p>\n<p>On termine avec ce rendez-vous original \u00e0 Marseille avec une programmation \u2018\u2018Sous les \u00e9toiles\u2019\u2019 au Mucem. Du 6 au 10 ao\u00fbt, concerts, cin\u00e9-concerts, sieste cosmique et\u2026 Silent party ce samedi, pour la pleine lune. Le principe\u00a0? Equip\u00e9 d\u2019un casque sans fil, vous allez pouvoir danser jusqu\u2019au bout de la nuit, sur une programmation de Marsatac, entre house, techno et \u00e9lectro. Au menu aussi tatouages flash, coupes de cheveux lunaires et horoscopes sous les \u00e9toiles.<br \/>&#13;<br \/>\n<a href=\"https:\/\/mucem.org\/temps-fort\/sous-les-etoiles\/\" target=\"_blank\" rel=\"noopener noreferrer\">le site officiel<\/a>    <\/p>\n","protected":false},"excerpt":{"rendered":"Trois id\u00e9es pour votre week-end entre Toulon, Cannes et Marseille : une exposition sur l\u2019histoire du street art&hellip;\n","protected":false},"author":2,"featured_media":294889,"comment_status":"","ping_status":"","sticky":false,"template":"","format":"standard","meta":{"footnotes":""},"categories":[9619],"tags":[1111,11,7190,7306,2834,1777,674,41773,1011,27,937,3246,12,882,25,3845,2310,1100,4064],"class_list":{"0":"post-294888","1":"post","2":"type-post","3":"status-publish","4":"format-standard","5":"has-post-thumbnail","7":"category-toulon","8":"tag-actu","9":"tag-actualites","10":"tag-banksy","11":"tag-cannes","12":"tag-entre","13":"tag-eu","14":"tag-europe","15":"tag-evolution","16":"tag-fr","17":"tag-france","18":"tag-histoire","19":"tag-idees","20":"tag-news","21":"tag-provence-alpes-cote-dazur","22":"tag-republique-francaise","23":"tag-street","24":"tag-toulon","25":"tag-trois","26":"tag-week-end"},"share_on_mastodon":{"url":"https:\/\/pubeurope.com\/@fr\/114968403822387302","error":""},"_links":{"self":[{"href":"https:\/\/www.europesays.com\/fr\/wp-json\/wp\/v2\/posts\/294888","targetHints":{"allow":["GET"]}}],"collection":[{"href":"https:\/\/www.europesays.com\/fr\/wp-json\/wp\/v2\/posts"}],"about":[{"href":"https:\/\/www.europesays.com\/fr\/wp-json\/wp\/v2\/types\/post"}],"author":[{"embeddable":true,"href":"https:\/\/www.europesays.com\/fr\/wp-json\/wp\/v2\/users\/2"}],"replies":[{"embeddable":true,"href":"https:\/\/www.europesays.com\/fr\/wp-json\/wp\/v2\/comments?post=294888"}],"version-history":[{"count":0,"href":"https:\/\/www.europesays.com\/fr\/wp-json\/wp\/v2\/posts\/294888\/revisions"}],"wp:featuredmedia":[{"embeddable":true,"href":"https:\/\/www.europesays.com\/fr\/wp-json\/wp\/v2\/media\/294889"}],"wp:attachment":[{"href":"https:\/\/www.europesays.com\/fr\/wp-json\/wp\/v2\/media?parent=294888"}],"wp:term":[{"taxonomy":"category","embeddable":true,"href":"https:\/\/www.europesays.com\/fr\/wp-json\/wp\/v2\/categories?post=294888"},{"taxonomy":"post_tag","embeddable":true,"href":"https:\/\/www.europesays.com\/fr\/wp-json\/wp\/v2\/tags?post=294888"}],"curies":[{"name":"wp","href":"https:\/\/api.w.org\/{rel}","templated":true}]}}