{"id":294895,"date":"2025-08-04T03:43:32","date_gmt":"2025-08-04T03:43:32","guid":{"rendered":"https:\/\/www.europesays.com\/fr\/294895\/"},"modified":"2025-08-04T03:43:32","modified_gmt":"2025-08-04T03:43:32","slug":"football-canal-va-proposer-liverpool-et-la-premier-league-en-clair-face-a-rennes-om-en-ligue-1","status":"publish","type":"post","link":"https:\/\/www.europesays.com\/fr\/294895\/","title":{"rendered":"Football\u00a0: Canal + va proposer Liverpool et la Premier League en clair face \u00e0 Rennes-OM en Ligue 1"},"content":{"rendered":"<p class=\"paragraph text_align_left lp-f-body-02\">Pas besoin d\u2019\u00eatre abonn\u00e9 \u00e0 Canal + pour savourer le coup d\u2019envoi de la Premier League ! Ce vendredi 15 ao\u00fbt, ses abonn\u00e9s et non-abonn\u00e9s pourront vibrer devant le match Liverpool\u2013Bournemouth, diffus\u00e9 en clair d\u00e8s 21 heures.<\/p>\n<p class=\"paragraph text_align_left lp-f-body-02\">Une affiche all\u00e9chante pour ouvrir la saison 2025-2026, avec le champion d\u2019Angleterre face \u00e0 l\u2019ambitieux 9e de la derni\u00e8re saison. Une soir\u00e9e qui sera forc\u00e9ment \u00e9mouvante puisqu\u2019un <a href=\"https:\/\/www.leparisien.fr\/sports\/football\/mort-de-diogo-jota-maillot-retire-sculpture-flocage-liverpool-annonce-les-hommages-pour-son-joueur-decede-26-07-2025-E2MUNBZ4P5HWPL4EU6AHJ44W7E.php\" target=\"_blank\" rel=\"noreferrer nofollow noopener\">hommage sera rendu une derni\u00e8re fois \u00e0 Diogo Jota<\/a>, d\u00e9c\u00e9d\u00e9 il y a quelques semaines dans un accident de voiture.<\/p>\n<p class=\"paragraph text_align_left lp-f-body-02\">\u00c0 peine quinze minutes plus t\u00f4t, la <a href=\"https:\/\/www.leparisien.fr\/sports\/football\/ligue-1\/\" target=\"_self\" rel=\"nofollow noopener\">Ligue 1<\/a> reprendra \u00e9galement ses droits avec son match d\u2019ouverture qui opposera le Stade Rennais \u00e0 l\u2019Olympique de Marseille. Une rencontre \u00e0 suivre d\u00e8s 20h45 sur <a href=\"https:\/\/www.leparisien.fr\/sports\/football\/ligue-1\/ligue-1-le-casting-de-la-nouvelle-chaine-du-football-francais-avec-rami-diawara-hoarau-01-08-2025-IJKLC66F5REEZNJDWC4RHLZRZI.php\" target=\"_self\" rel=\"nofollow noopener\">Ligue 1+<\/a>, la nouvelle plateforme d\u00e9di\u00e9e au championnat fran\u00e7ais.<\/p>\n<p class=\"paragraph text_align_left lp-f-body-02\">Cette annonce de Canal+ s\u2019inscrit dans un contexte m\u00e9diatique tendu. Le d\u00e9tenteur des droits de Premier League <a href=\"https:\/\/www.leparisien.fr\/sports\/football\/ligue-1\/droits-tv-de-la-ligue-1-canal-jette-leponge-et-ne-discutera-pas-avec-la-lfp-27-06-2025-4QH3754AQRH4ZI2FSY35PPAFTM.php\" target=\"_blank\" rel=\"noreferrer nofollow noopener\">ne compte pas distribuer Ligue 1+<\/a>.<\/p>\n<p class=\"paragraph text_align_left lp-f-body-02\">Pour rappel, huit des neuf rencontres seront diffus\u00e9es sur celle-ci. Le dernier match \u00e9tant programm\u00e9 sur beIN Sports, en l\u2019occurrence Lens-Lyon, le samedi 16 ao\u00fbt \u00e0 17 heures.<\/p>\n<p class=\"paragraph text_align_left lp-f-body-02\">Pour accompagner ces affiches, <a href=\"https:\/\/www.leparisien.fr\/sports\/football\/ligue-1\/ligue-1-le-casting-de-la-nouvelle-chaine-du-football-francais-avec-rami-diawara-hoarau-01-08-2025-IJKLC66F5REEZNJDWC4RHLZRZI.php\" target=\"_self\" rel=\"nofollow noopener\">plusieurs consultants<\/a> seront \u00e0 l\u2019antenne sur la plateforme de la Ligue de Football Professionnel. C\u2019est le cas d\u2019<a href=\"https:\/\/www.leparisien.fr\/sports\/football\/je-ne-peux-plus-me-le-voir-quand-adil-rami-sen-prend-violemment-a-lamine-yamal-23-07-2025-UIMGNAL4CRE3RIH4YBXSQVCENM.php\" target=\"_self\" rel=\"nofollow noopener\">Adil Rami, ancien joueur de Lille et de l\u2019OM<\/a> et champion du monde 2018.<\/p>\n","protected":false},"excerpt":{"rendered":"Pas besoin d\u2019\u00eatre abonn\u00e9 \u00e0 Canal + pour savourer le coup d\u2019envoi de la Premier League ! Ce&hellip;\n","protected":false},"author":2,"featured_media":294896,"comment_status":"","ping_status":"","sticky":false,"template":"","format":"standard","meta":{"footnotes":""},"categories":[2821],"tags":[1111,11,829,872,1777,674,63,1011,27,66,12,584,25,60],"class_list":{"0":"post-294895","1":"post","2":"type-post","3":"status-publish","4":"format-standard","5":"has-post-thumbnail","7":"category-rennes","8":"tag-actu","9":"tag-actualites","10":"tag-bretagne","11":"tag-culture-et-loisirs","12":"tag-eu","13":"tag-europe","14":"tag-football","15":"tag-fr","16":"tag-france","17":"tag-ligue-1","18":"tag-news","19":"tag-rennes","20":"tag-republique-francaise","21":"tag-sports"},"share_on_mastodon":{"url":"https:\/\/pubeurope.com\/@fr\/114968435289601518","error":""},"_links":{"self":[{"href":"https:\/\/www.europesays.com\/fr\/wp-json\/wp\/v2\/posts\/294895","targetHints":{"allow":["GET"]}}],"collection":[{"href":"https:\/\/www.europesays.com\/fr\/wp-json\/wp\/v2\/posts"}],"about":[{"href":"https:\/\/www.europesays.com\/fr\/wp-json\/wp\/v2\/types\/post"}],"author":[{"embeddable":true,"href":"https:\/\/www.europesays.com\/fr\/wp-json\/wp\/v2\/users\/2"}],"replies":[{"embeddable":true,"href":"https:\/\/www.europesays.com\/fr\/wp-json\/wp\/v2\/comments?post=294895"}],"version-history":[{"count":0,"href":"https:\/\/www.europesays.com\/fr\/wp-json\/wp\/v2\/posts\/294895\/revisions"}],"wp:featuredmedia":[{"embeddable":true,"href":"https:\/\/www.europesays.com\/fr\/wp-json\/wp\/v2\/media\/294896"}],"wp:attachment":[{"href":"https:\/\/www.europesays.com\/fr\/wp-json\/wp\/v2\/media?parent=294895"}],"wp:term":[{"taxonomy":"category","embeddable":true,"href":"https:\/\/www.europesays.com\/fr\/wp-json\/wp\/v2\/categories?post=294895"},{"taxonomy":"post_tag","embeddable":true,"href":"https:\/\/www.europesays.com\/fr\/wp-json\/wp\/v2\/tags?post=294895"}],"curies":[{"name":"wp","href":"https:\/\/api.w.org\/{rel}","templated":true}]}}