{"id":294899,"date":"2025-08-04T03:47:11","date_gmt":"2025-08-04T03:47:11","guid":{"rendered":"https:\/\/www.europesays.com\/fr\/294899\/"},"modified":"2025-08-04T03:47:11","modified_gmt":"2025-08-04T03:47:11","slug":"a-nice-leau-de-la-fontaine-de-la-place-garibaldi-tourne-au-vert","status":"publish","type":"post","link":"https:\/\/www.europesays.com\/fr\/294899\/","title":{"rendered":"A Nice, l&rsquo;eau de la fontaine de la place Garibaldi tourne au vert"},"content":{"rendered":"<p>\u00a0\u00bb L\u2019eau stagne, elle est verte. C\u2019est un nid \u00e0 moustiques, c\u2019est d\u00e9go\u00fbtant\u00a0\u00bb, souligne Julie qui passait par l\u00e0. Ce dimanche 3 ao\u00fbt 2025, la fontaine de la place Garibaldi \u00e9tait \u00e0 l\u2019arr\u00eat. L\u2019eau a donc logiquement tourn\u00e9 et est devenue enti\u00e8rement verte.<\/p>\n<p>La raison est avanc\u00e9e par Pierre-Paul L\u00e9onelli, adjoint d\u00e9l\u00e9gu\u00e9 \u00e0 la Propret\u00e9: \u00ab\u00a0En raison d\u2019un d\u00e9versement sauvage, la fontaine de la place Garibaldi a \u00e9t\u00e9 mise \u00e0 l\u2019arr\u00eat aujourd\u2019hui. La couleur du bassin est provoqu\u00e9e par la pollution de l\u2019eau et sa stagnation au soleil durant ce probl\u00e8me technique.\u00a0\u00bb<\/p>\n<p>La fontaine a \u00e9t\u00e9 remise en fonctionnement ce dimanche, dans l\u2019apr\u00e8s-midi. Et, selon les pr\u00e9cisions de Pierre-Paul L\u00e9onelli, elle sera \u00ab\u00a0enti\u00e8rement nettoy\u00e9e [ce lundi 4 ao\u00fbt]\u00a0\u00bb.<\/p>\n","protected":false},"excerpt":{"rendered":"\u00a0\u00bb L\u2019eau stagne, elle est verte. C\u2019est un nid \u00e0 moustiques, c\u2019est d\u00e9go\u00fbtant\u00a0\u00bb, souligne Julie qui passait par&hellip;\n","protected":false},"author":2,"featured_media":294900,"comment_status":"","ping_status":"","sticky":false,"template":"","format":"standard","meta":{"footnotes":""},"categories":[2819],"tags":[1111,11,1777,674,1011,27,12,2401,882,25,3366],"class_list":{"0":"post-294899","1":"post","2":"type-post","3":"status-publish","4":"format-standard","5":"has-post-thumbnail","7":"category-nice","8":"tag-actu","9":"tag-actualites","10":"tag-eu","11":"tag-europe","12":"tag-fr","13":"tag-france","14":"tag-news","15":"tag-nice","16":"tag-provence-alpes-cote-dazur","17":"tag-republique-francaise","18":"tag-vie-locale"},"share_on_mastodon":{"url":"https:\/\/pubeurope.com\/@fr\/114968451059537494","error":""},"_links":{"self":[{"href":"https:\/\/www.europesays.com\/fr\/wp-json\/wp\/v2\/posts\/294899","targetHints":{"allow":["GET"]}}],"collection":[{"href":"https:\/\/www.europesays.com\/fr\/wp-json\/wp\/v2\/posts"}],"about":[{"href":"https:\/\/www.europesays.com\/fr\/wp-json\/wp\/v2\/types\/post"}],"author":[{"embeddable":true,"href":"https:\/\/www.europesays.com\/fr\/wp-json\/wp\/v2\/users\/2"}],"replies":[{"embeddable":true,"href":"https:\/\/www.europesays.com\/fr\/wp-json\/wp\/v2\/comments?post=294899"}],"version-history":[{"count":0,"href":"https:\/\/www.europesays.com\/fr\/wp-json\/wp\/v2\/posts\/294899\/revisions"}],"wp:featuredmedia":[{"embeddable":true,"href":"https:\/\/www.europesays.com\/fr\/wp-json\/wp\/v2\/media\/294900"}],"wp:attachment":[{"href":"https:\/\/www.europesays.com\/fr\/wp-json\/wp\/v2\/media?parent=294899"}],"wp:term":[{"taxonomy":"category","embeddable":true,"href":"https:\/\/www.europesays.com\/fr\/wp-json\/wp\/v2\/categories?post=294899"},{"taxonomy":"post_tag","embeddable":true,"href":"https:\/\/www.europesays.com\/fr\/wp-json\/wp\/v2\/tags?post=294899"}],"curies":[{"name":"wp","href":"https:\/\/api.w.org\/{rel}","templated":true}]}}