{"id":294901,"date":"2025-08-04T03:48:11","date_gmt":"2025-08-04T03:48:11","guid":{"rendered":"https:\/\/www.europesays.com\/fr\/294901\/"},"modified":"2025-08-04T03:48:11","modified_gmt":"2025-08-04T03:48:11","slug":"ici-les-gens-meurent-seuls-loin-des-regards-a-louest-de-nice-le-enieme-cri-dalerte-des-vieux-travailleurs-migrants-du-foyer-adoma-sera-t-il-entendu","status":"publish","type":"post","link":"https:\/\/www.europesays.com\/fr\/294901\/","title":{"rendered":"\u00ab\u00a0Ici, les gens meurent seuls, loin des regards&#8230;\u00a0\u00bb: \u00e0 l\u2019ouest de Nice, le \u00e9ni\u00e8me cri d\u2019alerte des vieux travailleurs migrants du foyer Adoma sera-t-il entendu?"},"content":{"rendered":"<p>\u00ab\u00a0C\u2019\u00e9tait le paradis&#8230;\u00a0\u00bb A 74 ans, Ammar a pass\u00e9 plus de 30 ans de sa vie au foyer Adoma (ex-Sonacotra), sur le boulevard du Mercantour \u00e0 l\u2019ouest de Nice. Ex-ouvrier, il \u00e9voque, nostalgique, l\u2019\u00e9poque o\u00f9 cette r\u00e9sidence pour travailleurs migrants grouillait de vie. \u00ab\u00a0Avant, il y avait 3 boucheries, 3 \u00e9piceries, 2 caf\u00e9s, un arr\u00eat de bus tout pr\u00e8s. On avait la jeunesse, le travail&#8230; Maintenant, on est vieux, tout a ferm\u00e9 et personne ne s\u2019occupe de nous\u00a0\u00bb, dit-il. Un constat largement partag\u00e9 par les habitants de ces b\u00e2timents, aux 1.013 chambres. \u00ab\u00a0Le plus gros foyer social de France\u00a0\u00bb, dixit G\u00e9raldine Fettig, directrice territoriale d\u2019Adoma.<\/p>\n<p>Le 3 juillet, l\u2019association La m\u00eame justice pour tous et le Collectif tunisien des Alpes-Maritimes libert\u00e9 ont cosign\u00e9 un courrier, adress\u00e9 au procureur de Nice et au pr\u00e9fet. Ils y pointent les \u00ab\u00a0conditions graves dans lesquelles vivent ces hommes vuln\u00e9rables\u00a0\u00bb. Une alerte de plus.<\/p>\n<p>En 2023, le site avait d\u00e9j\u00e0 \u00e9t\u00e9 \u00e9pingl\u00e9 comme \u00ab\u00a0le plus pauvre des quartiers prioritaires du pays\u00a0\u00bb par le rapport de la Fondation pour le logement (ex-Abb\u00e9-Pierre). Ici, le taux de pauvret\u00e9 est \u00e9lev\u00e9, les r\u00e9sidents aux 2\/3 \u00e2g\u00e9s de plus de 60 ans, les corps fatigu\u00e9s par les emplois manuels et les cannes pour se d\u00e9placer sont l\u00e9gion. <a href=\"https:\/\/www.nicematin.com\/vie-locale\/la-sonacotra-laissee-sur-le-bord-de-la-route--968702\" rel=\"nofollow noopener\" target=\"_blank\">En janvier, des chibanis d\u00e9ploraient la disparition de l\u2019arr\u00eat de bus Lignes d\u2019azur voisin<\/a>, les contraignant \u00e0 une marche jusqu\u2019au tram, \u00e0 laquelle beaucoup renoncent.<\/p>\n<p>\u00ab\u00a0On ne profite pas du pays!\u00a0\u00bb<\/p>\n<p>\u00ab\u00a0Cafards, punaises de lit, ascenseurs en panne&#8230;\u00a0\u00bb La missive pointe \u00ab\u00a0des retrait\u00e9s immigr\u00e9s compl\u00e8tement laiss\u00e9s \u00e0 l\u2019abandon\u00a0\u00bb apr\u00e8s avoir \u00ab\u00a0travaill\u00e9 pour la France\u00a0\u00bb. Tahar, 70 ans, arriv\u00e9 du bled en 1976, explique, mi-fier, mi-amer, comment il a particip\u00e9 \u00e0 \u00ab\u00a0la construction de la voie rapide entre Nice et Carros\u00a0\u00bb. Fatigu\u00e9, le retrait\u00e9 r\u00eave de rentrer au pays finir ses jours en famille. Mais, depuis le 1er janvier 2025, un d\u00e9cret impose aux travailleurs \u00e9trangers 9 mois par an de pr\u00e9sence en France pour avoir le droit aux prestations sociales. Brahim, n\u00e9 en 1957, l\u2019a v\u00e9cu comme une gifle. Le contraignant \u00e0 rester l\u00e0, \u00ab\u00a0comme dans une prison\u00a0\u00bb.<\/p>\n<p>Dans la cuisine, partag\u00e9e avec son voisin de chambre, il montre la peinture qui s\u2019\u00e9caille, les fuites&#8230; Et conduit sur son petit balcon, avec vue sur les villas surplombant la plaine du Var. \u00ab\u00a0J\u2019en ai construit plein. Nous, on n\u2019a jamais cass\u00e9 des voitures, on a boss\u00e9 pour un pays qu\u2019on respecte. On ne profite pas, comme disent les gens. On a des droits!\u00a0\u00bb Sa peur: mourir dans ce foyer. \u00ab\u00a0Comme cet Alg\u00e9rien retrouv\u00e9 \u00e9croul\u00e9 dans son lavabo: 4 jours qu\u2019il \u00e9tait comme \u00e7a&#8230;\u00a0\u00bb \u00ab\u00a0Les pompiers viennent souvent chercher les corps, les vieux meurent seuls dans leur chambre\u00a0\u00bb, dit aussi Mohsem, crois\u00e9 dehors.<\/p>\n<p>\u00ab\u00a0Tout \u00e7a, c\u2019est du racisme\u00a0\u00bb<\/p>\n<p>              <img ci-src=\"https:\/\/www.nicematin.com\/vie-locale\/protec\/DATA_ART_16019934-ZHRKH6SS.jpg?vh=0455bb&amp;ci_seal=0ea043b2ff\" alt=\"\"\/><br \/>\n        L\u2019ascenseur du b\u00e2timent C est \u00ab\u00a0en panne depuis 6 mois\u00a0\u00bb, d\u00e9plore Heidi. <strong>Photo Aur\u00e9lie Selvi.<\/strong> <\/p>\n<p>Assis sur un banc ombrag\u00e9 de la cour, il y a Abdelkader, 95 ans et B\u00e9chir, 72 ans. Le second explique que l\u2019ancien, qui ne parle pas fran\u00e7ais, ne se d\u00e9place plus que pour ses soins. \u00ab\u00a0Pour les commissions, il doit demander \u00e0 quelqu\u2019un ici. Des services parfois payants\u00a0\u00bb. Heidi, 70 ans, passe avec un cabas au bras, de retour de l\u2019hypermarch\u00e9 Leclerc \u00e0 20 minutes \u00e0 pied d\u2019ici. Vivant au 3e \u00e9tage, lui fulmine contre l\u2019ascenseur, \u00ab\u00a0en panne depuis 6 mois\u00a0\u00bb, en attaquant p\u00e9niblement l\u2019escalier.<\/p>\n<p>\u00ab\u00a0On paye 455 euros la chambre et ce n\u2019est pas r\u00e9par\u00e9! On est vieux et fatigu\u00e9s, on vit dans la salet\u00e9. Un scandale\u00a0\u00bb, mart\u00e8le-t-il. Rachid, venu de Nancy il y a 4 ans, songe \u00e0 repartir. \u00ab\u00a0J\u2019ai jamais vu \u00e7a&#8230; On n\u2019a rien fait de mal, pourquoi nous traiter comme \u00e7a? La police passe non stop, ils feraient mieux d\u2019aller aux Moulins. On ne peut pas acheter du lait, de l\u2019eau sans marcher&#8230; Tout \u00e7a, c\u2019est du racisme\u00a0\u00bb, l\u00e2che-t-il, attrist\u00e9.<\/p>\n<p>\u00ab\u00a0Tissu commercial accessible\u00a0\u00bb<\/p>\n<p>Contact\u00e9e, la directrice locale d\u2019Adoma indique que les commerces du foyer sont propri\u00e9t\u00e9s de la Ville depuis 18 ans.<\/p>\n<p>De son c\u00f4t\u00e9, Franck Martin, adjoint ni\u00e7ois d\u00e9l\u00e9gu\u00e9 aux Commerces, fait savoir: \u00ab\u00a0Ces derni\u00e8res ann\u00e9es, les commer\u00e7ants [&#8230;] nous ont fait part de la non-reconduction de leur bail, \u00e9voquant une perte de client\u00e8le. Lors des r\u00e9unions, la g\u00eane occasionn\u00e9e par [leur] absence n\u2019a pas \u00e9t\u00e9 \u00e9voqu\u00e9e. Les r\u00e9sidents disposent d\u2019un tissu commercial accessible: une boulangerie en face, de nombreux commerces au sein de Nice Valley [&#8230;] et des commerces de proximit\u00e9 \u00e0 Saint-Isidore, accessibles en bus ou en tram\u00a0\u00bb.<\/p>\n<p>G\u00e9raldine Fettig d\u2019Adoma ajoute: \u00ab\u00a0On est \u00e0 la recherche d\u2019une association pour rouvrir, d\u2019ici l\u2019automne, une caf\u00e9terie au sein du foyer. Face au manque de commerce, on a aussi sollicit\u00e9 des associations pour lancer un camion-\u00e9picerie ou une \u00e9picerie sociale. Mais ce n\u2019est pas fait&#8230;\u00a0\u00bb. Quant aux conditions de vie, Adoma pr\u00e9cise avoir investi plusieurs millions d\u2019euros dans l\u2019entretien courant depuis 2013. \u00ab\u00a0L\u2019ascenseur \u00e9voqu\u00e9 sera r\u00e9par\u00e9 dans les prochains jours. Des points restent \u00e0 am\u00e9liorer, bien s\u00fbr. Les b\u00e2timents ont pr\u00e8s de 40 ans, il y a des infiltrations dans les toits. \u00c0 notre demande, le bailleur C\u00f4te d\u2019Azur habitat [propri\u00e9taire des murs, NDLR] m\u00e8ne une expertise\u00a0\u00bb, dixit la directrice territoriale.<\/p>\n","protected":false},"excerpt":{"rendered":"\u00ab\u00a0C\u2019\u00e9tait le paradis&#8230;\u00a0\u00bb A 74 ans, Ammar a pass\u00e9 plus de 30 ans de sa vie au foyer&hellip;\n","protected":false},"author":2,"featured_media":294902,"comment_status":"","ping_status":"","sticky":false,"template":"","format":"standard","meta":{"footnotes":""},"categories":[2819],"tags":[1111,11,215,1777,674,1011,27,12,2401,882,25,801,3366],"class_list":{"0":"post-294901","1":"post","2":"type-post","3":"status-publish","4":"format-standard","5":"has-post-thumbnail","7":"category-nice","8":"tag-actu","9":"tag-actualites","10":"tag-commerce","11":"tag-eu","12":"tag-europe","13":"tag-fr","14":"tag-france","15":"tag-news","16":"tag-nice","17":"tag-provence-alpes-cote-dazur","18":"tag-republique-francaise","19":"tag-social","20":"tag-vie-locale"},"share_on_mastodon":{"url":"https:\/\/pubeurope.com\/@fr\/114968455043508484","error":""},"_links":{"self":[{"href":"https:\/\/www.europesays.com\/fr\/wp-json\/wp\/v2\/posts\/294901","targetHints":{"allow":["GET"]}}],"collection":[{"href":"https:\/\/www.europesays.com\/fr\/wp-json\/wp\/v2\/posts"}],"about":[{"href":"https:\/\/www.europesays.com\/fr\/wp-json\/wp\/v2\/types\/post"}],"author":[{"embeddable":true,"href":"https:\/\/www.europesays.com\/fr\/wp-json\/wp\/v2\/users\/2"}],"replies":[{"embeddable":true,"href":"https:\/\/www.europesays.com\/fr\/wp-json\/wp\/v2\/comments?post=294901"}],"version-history":[{"count":0,"href":"https:\/\/www.europesays.com\/fr\/wp-json\/wp\/v2\/posts\/294901\/revisions"}],"wp:featuredmedia":[{"embeddable":true,"href":"https:\/\/www.europesays.com\/fr\/wp-json\/wp\/v2\/media\/294902"}],"wp:attachment":[{"href":"https:\/\/www.europesays.com\/fr\/wp-json\/wp\/v2\/media?parent=294901"}],"wp:term":[{"taxonomy":"category","embeddable":true,"href":"https:\/\/www.europesays.com\/fr\/wp-json\/wp\/v2\/categories?post=294901"},{"taxonomy":"post_tag","embeddable":true,"href":"https:\/\/www.europesays.com\/fr\/wp-json\/wp\/v2\/tags?post=294901"}],"curies":[{"name":"wp","href":"https:\/\/api.w.org\/{rel}","templated":true}]}}