{"id":294916,"date":"2025-08-04T04:01:05","date_gmt":"2025-08-04T04:01:05","guid":{"rendered":"https:\/\/www.europesays.com\/fr\/294916\/"},"modified":"2025-08-04T04:01:05","modified_gmt":"2025-08-04T04:01:05","slug":"cela-sappelle-une-faute-sindigne-le-crif","status":"publish","type":"post","link":"https:\/\/www.europesays.com\/fr\/294916\/","title":{"rendered":"\u00ab\u00a0Cela s\u2019appelle une faute\u00a0\u00bb, s\u2019indigne le Crif"},"content":{"rendered":"<p>Comme pour les Jeux olympiques, les Eurogames s\u2019ouvrent avec une c\u00e9r\u00e9monie officielle, pendant laquelle chaque d\u00e9l\u00e9gation d\u00e9file et affiche haut ses couleurs nationales. \u00c0 Lyon, ce 23\u00a0juillet, le drapeau isra\u00e9lien n\u2019a pas \u00e9t\u00e9 hiss\u00e9, \u00ab\u00a0dans le but de pr\u00e9server l\u2019int\u00e9grit\u00e9 physique des individus impliqu\u00e9s, dans un contexte de tension g\u00e9opolitique internationale av\u00e9r\u00e9e\u00a0\u00bb entre Isra\u00ebl et Palestine, o\u00f9 la guerre fait rage \u00e0 Gaza.<\/p>\n<p>Une d\u00e9cision prise par les organisateurs, qui s\u2019expliquent\u00a0: \u00ab\u00a0Pour des raisons de s\u00e9curit\u00e9 des porteurs et porteuses de drapeaux qui devaient traverser la foule pr\u00e9sente sur le village des EuroGames, nous avons d\u00fb renoncer \u00e0 le faire, en lien avec les recommandations de notre cellule de s\u00fbret\u00e9.\u00a0\u00bb<\/p>\n<p>  \u00ab\u00a0Sous banni\u00e8re blanche\u00a0\u00bb<\/p>\n<p>Une explication loin de convaincre le Crif (Conseil repr\u00e9sentatif des institutions juives de France) Auvergne-Rh\u00f4ne-Alpes, qui a vivement r\u00e9agi par voie de communiqu\u00e9\u00a0: \u00ab\u00a0Les athl\u00e8tes de Tel Aviv ont concouru. Ils ont m\u00eame gagn\u00e9. Mais ils ont d\u00fb le faire en silence, sous banni\u00e8re blanche, quand d\u2019autres arboraient les leurs. Cela porte un nom\u00a0: un traitement diff\u00e9renci\u00e9. Et un traitement diff\u00e9renci\u00e9, dans un \u00e9v\u00e9nement dit inclusif, cela s\u2019appelle une faute. Quand l\u2019inclusion s\u2019exerce au prix du renoncement, elle n\u2019est plus une valeur\u00a0: elle devient une d\u00e9faite.\u00a0\u00bb<\/p>\n<p>Ce contenu est bloqu\u00e9 car vous n&rsquo;avez pas accept\u00e9 les cookies et autres traceurs.<\/p>\n<p>En cliquant sur \u00ab J\u2019accepte \u00bb, les cookies et autres traceurs seront d\u00e9pos\u00e9s et vous pourrez visualiser les contenus  (<a href=\"\" class=\"consentModule_policy\" target=\"_blank\" title=\"Consulter la politique de protection des donn\u00e9es du fournisseur\">plus d&rsquo;informations<\/a>).<\/p>\n<p>En cliquant sur \u00ab J\u2019accepte tous les cookies \u00bb, vous autorisez des d\u00e9p\u00f4ts de cookies et autres traceurs pour le stockage de vos donn\u00e9es sur nos sites et applications \u00e0 des fins de personnalisation et de ciblage publicitaire.<\/p>\n<p class=\"consentModule_secondaryText\">Vous gardez la possibilit\u00e9 de retirer votre consentement \u00e0 tout moment en consultant notre <a href=\"https:\/\/www.leprogres.fr\/protection-des-donnees\" target=\"_blank\" title=\"Consulter notre politique de protection des donn\u00e9es\" rel=\"noopener\">politique de protection des donn\u00e9es<\/a>. <br \/>&#13;<br \/>\n            <a href=\"https:\/\/www.leprogres.fr\/faits-divers-justice\/2025\/08\/01\/javascript:Didomi.notice.show()\" class=\"consentModule_cmp\" target=\"_blank\" rel=\"noopener\">G\u00e9rer mes choix<\/a>&#13;\n        <\/p>\n<p>&#13;<br \/>\n                        J&rsquo;accepte&#13;<br \/>\n            J&rsquo;accepte tous les cookies&#13;\n        <\/p>\n<p>De leur c\u00f4t\u00e9, l\u2019Organisation de solidarit\u00e9 Trans (OST) et sa section lyonnaise affirment que la pr\u00e9sence d\u2019une \u00e9quipe sportive isra\u00e9lienne a \u00e9t\u00e9 \u00ab\u00a0dissimul\u00e9e\u00a0\u00bb. D\u2019autres associations se sont jointes au mouvement et <a href=\"https:\/\/framaforms.org\/signature-communique-eurogames-lyon-2025-israel-1753611766?fbclid=PAZXh0bgNhZW0CMTEAAafIQGnazM3k77qtl5ag77UB6JQXZjj8iboSYGl00so8VOoQNAiYaTzVJpz9yA_aem_4-jbnH7C73dm3wdNledwPQ\" target=\"_blank\" rel=\"noopener\">une p\u00e9tition a m\u00eame \u00e9t\u00e9 lanc\u00e9e<\/a>.<\/p>\n","protected":false},"excerpt":{"rendered":"Comme pour les Jeux olympiques, les Eurogames s\u2019ouvrent avec une c\u00e9r\u00e9monie officielle, pendant laquelle chaque d\u00e9l\u00e9gation d\u00e9file et&hellip;\n","protected":false},"author":2,"featured_media":294917,"comment_status":"","ping_status":"","sticky":false,"template":"","format":"standard","meta":{"footnotes":""},"categories":[1889],"tags":[1111,11,2430,2757,1777,674,274,6757,107,1011,27,2428,2756,12,25,104,517],"class_list":{"0":"post-294916","1":"post","2":"type-post","3":"status-publish","4":"format-standard","5":"has-post-thumbnail","7":"category-lyon","8":"tag-actu","9":"tag-actualites","10":"tag-auvergne-rhone-alpes","11":"tag-edition-lyon-villeurbanne","12":"tag-eu","13":"tag-europe","14":"tag-faits-divers-justice","15":"tag-feminisme","16":"tag-fil-info","17":"tag-fr","18":"tag-france","19":"tag-lyon","20":"tag-lyon-bassin","21":"tag-news","22":"tag-republique-francaise","23":"tag-societe","24":"tag-sport"},"share_on_mastodon":{"url":"https:\/\/pubeurope.com\/@fr\/114968506076069046","error":""},"_links":{"self":[{"href":"https:\/\/www.europesays.com\/fr\/wp-json\/wp\/v2\/posts\/294916","targetHints":{"allow":["GET"]}}],"collection":[{"href":"https:\/\/www.europesays.com\/fr\/wp-json\/wp\/v2\/posts"}],"about":[{"href":"https:\/\/www.europesays.com\/fr\/wp-json\/wp\/v2\/types\/post"}],"author":[{"embeddable":true,"href":"https:\/\/www.europesays.com\/fr\/wp-json\/wp\/v2\/users\/2"}],"replies":[{"embeddable":true,"href":"https:\/\/www.europesays.com\/fr\/wp-json\/wp\/v2\/comments?post=294916"}],"version-history":[{"count":0,"href":"https:\/\/www.europesays.com\/fr\/wp-json\/wp\/v2\/posts\/294916\/revisions"}],"wp:featuredmedia":[{"embeddable":true,"href":"https:\/\/www.europesays.com\/fr\/wp-json\/wp\/v2\/media\/294917"}],"wp:attachment":[{"href":"https:\/\/www.europesays.com\/fr\/wp-json\/wp\/v2\/media?parent=294916"}],"wp:term":[{"taxonomy":"category","embeddable":true,"href":"https:\/\/www.europesays.com\/fr\/wp-json\/wp\/v2\/categories?post=294916"},{"taxonomy":"post_tag","embeddable":true,"href":"https:\/\/www.europesays.com\/fr\/wp-json\/wp\/v2\/tags?post=294916"}],"curies":[{"name":"wp","href":"https:\/\/api.w.org\/{rel}","templated":true}]}}