{"id":294918,"date":"2025-08-04T04:04:16","date_gmt":"2025-08-04T04:04:16","guid":{"rendered":"https:\/\/www.europesays.com\/fr\/294918\/"},"modified":"2025-08-04T04:04:16","modified_gmt":"2025-08-04T04:04:16","slug":"cest-tout-simplement-magnifique-retour-en-images-sur-ledition-2025","status":"publish","type":"post","link":"https:\/\/www.europesays.com\/fr\/294918\/","title":{"rendered":"\u00ab\u00a0C\u2019est tout simplement magnifique\u00a0\u00bb, retour en images sur l&rsquo;\u00e9dition 2025"},"content":{"rendered":"<p class=\"article__intro\">Pr\u00e8s de 200 000 spectateurs ont admir\u00e9 le spectacle pyrotechnique de la f\u00eate du lac d\u2019Annecy (Haute-Savoie), consid\u00e9r\u00e9 comme l\u2019un des plus grands d\u2019Europe. Retour en images sur ces 70 minutes de show, intitul\u00e9 \u00ab\u00a0Ode \u00e0 la Lune\u00a0\u00bb.<\/p>\n<p>\n      L\u2019actu des r\u00e9gions\n    <\/p>\n<p>\n      Chaque jour, un tour d\u2019horizon des principales infos de toutes les r\u00e9gions.\n    <\/p>\n<p>    France T\u00e9l\u00e9visions utilise votre adresse e-mail afin de vous envoyer la newsletter \u00ab\u00a0L\u2019actu des r\u00e9gions\u00a0\u00bb. Vous pouvez vous d\u00e9sinscrire \u00e0 tout moment via le lien en bas de cette newsletter. <a target=\"_blank\" href=\"https:\/\/www.francetelevisions.fr\/groupe\/confidentialite\/politique-de-confidentialite\/politique-de-confidentialite-de-france-televisions-6503\" rel=\"nofollow noopener\">Notre politique de confidentialit\u00e9<\/a><\/p>\n<p>Dans la soir\u00e9e du 2 ao\u00fbt 2025, le ciel d\u2019Annecy et de nombreux regards se sont illumin\u00e9s \u00e0 l\u2019occasion de la f\u00eate du lac et de son <a href=\"https:\/\/france3-regions.franceinfo.fr\/auvergne-rhone-alpes\/haute-savoie\/annecy\/fete-du-lac-d-annecy-2025-programme-complet-routes-coupees-parkings-gratuits-toutes-les-infos-pour-voir-le-plus-grand-spectacle-pyrotechnique-d-europe-3195837.html\" target=\"_blank\" rel=\"noopener nofollow\">traditionnel spectacle pyrotechnique<\/a>, absent l\u2019ann\u00e9e derni\u00e8re en raison des Jeux olympiques de Paris.<\/p>\n<p>    dur\u00e9e de la vid\u00e9o : 00h00mn28s<\/p>\n<p>        <img decoding=\"async\" width=\"640\" height=\"426\" class=\"article-image not-lazy\" src=\"https:\/\/www.europesays.com\/fr\/wp-content\/uploads\/2025\/08\/86b18511-5d77-49cf-9c17-25b78c279f10.jpg\" alt=\"\" fetchpriority=\"high\"\/><\/p>\n<p>\n          F\u00eate du lac d&rsquo;Annecy 2025<\/p>\n<p>        \u2022<\/p>\n<p>              \u00a9France 3 Alpes\n      <\/p>\n<p>\u00ab\u00a0C\u2019est tout simplement magnifique, il n\u2019y a pas de mot. C\u2019est superbe\u00a0\u00bb souffle l\u2019un des spectateurs, au micro de France 3 Alpes. \u00ab\u00a0Je vis \u00e0 Annecy mais c&rsquo;est la premi\u00e8re fois que je viens voir le spectacle\u00a0\u00bb confie une habitante,<\/p>\n<blockquote class=\"ftvi_content_quote\">\n<p class=\"ftvi_citation_quote\">C&rsquo;est fabuleux.<\/p>\n<p>Une spectatrice<\/p>\n<p class=\"ftvi_citation_source\">\u00e0 France 3 Alpes<\/p>\n<\/blockquote>\n<p>\u00ab\u00a0La musique, avec les jets d&rsquo;eau, les effets de lumi\u00e8re, repr\u00e9sente un \u00e9norme travail et je pense que nous en avons tous conscience\u00a0\u00bb, poursuit-elle.<\/p>\n<p>    dur\u00e9e de la vid\u00e9o : 00h00mn21s<\/p>\n<p>        <img decoding=\"async\" width=\"640\" height=\"426\" class=\"article-image not-lazy\" src=\"https:\/\/www.europesays.com\/fr\/wp-content\/uploads\/2025\/08\/bf7be00a-14f7-4576-bc46-d9d06914cf33.jpg\" alt=\"\" fetchpriority=\"high\"\/><\/p>\n<p>\n          F\u00eate du lac d&rsquo;Annecy 2025<\/p>\n<p>        \u2022<\/p>\n<p>              \u00a9France 3 Alpes\n      <\/p>\n<p>Pr\u00e8s de 200 000 spectateurs ont assist\u00e9 \u00e0 ce qui est consid\u00e9r\u00e9 comme \u00e9tant l\u2019un des spectacles pyrotechniques les plus grands d\u2019Europe. Une Ode \u00e0 la Lune, souhait\u00e9e \u00ab\u00a0plus \u00e9cologique\u00a0\u00bb par la municipalit\u00e9 avec l\u2019utilisation de produits plus respectueux de l\u2019environnement, une course aux d\u00e9chets ou encore l\u2019installation de poubelles suppl\u00e9mentaires. Le spectacle de drones, inaugur\u00e9 en 2023, a \u00e9t\u00e9 reconduit et m\u00eame renforc\u00e9 avec la pr\u00e9sence de 500 drones dans le ciel ann\u00e9cien.<\/p>\n<p>    dur\u00e9e de la vid\u00e9o : 00h00mn59s<\/p>\n<p>        <img decoding=\"async\" width=\"640\" height=\"426\" class=\"article-image not-lazy\" src=\"https:\/\/www.europesays.com\/fr\/wp-content\/uploads\/2025\/08\/d61f356e-65d0-4ca4-8fdf-6a76a877c70c.jpg\" alt=\"\" fetchpriority=\"high\"\/><\/p>\n<p>\n          F\u00eate du lac d&rsquo;Annecy 2025<\/p>\n<p>        \u2022<\/p>\n<p>              \u00a9France 3 Alpes\n      <\/p>\n<p>Puis, pendant 70 minutes, les feux d\u2019artifice, rythm\u00e9s par un r\u00e9pertoire musical de 30 morceaux, ont ravi les personnes pr\u00e9sentes. \u00ab\u00a0C\u2019est tr\u00e8s spectaculaire\u00a0\u00bb, sourit l\u2019une d\u2019entre elles, \u00ab\u00a0c\u2019est une tr\u00e8s belle soir\u00e9e, c&rsquo;est grandiose\u00a0\u00bb, rench\u00e9rit une autre, devant le bouquet final.<\/p>\n<p>    dur\u00e9e de la vid\u00e9o : 00h00mn21s<\/p>\n<p>        <img decoding=\"async\" width=\"640\" height=\"426\" class=\"article-image not-lazy\" src=\"https:\/\/www.europesays.com\/fr\/wp-content\/uploads\/2025\/08\/3a7bb29f-3e58-4f48-9588-d5011d8dde98.jpg\" alt=\"\" fetchpriority=\"high\"\/><\/p>\n<p>\n          F\u00eate du lac d&rsquo;Annecy 2025<\/p>\n<p>        \u2022<\/p>\n<p>              \u00a9France 3 Alpes\n      <\/p>\n","protected":false},"excerpt":{"rendered":"Pr\u00e8s de 200 000 spectateurs ont admir\u00e9 le spectacle pyrotechnique de la f\u00eate du lac d\u2019Annecy (Haute-Savoie), consid\u00e9r\u00e9&hellip;\n","protected":false},"author":2,"featured_media":294919,"comment_status":"","ping_status":"","sticky":false,"template":"","format":"standard","meta":{"footnotes":""},"categories":[1888],"tags":[1111,1928,11,1927,1777,674,1011,27,12,1926,626,1925,25],"class_list":{"0":"post-294918","1":"post","2":"type-post","3":"status-publish","4":"format-standard","5":"has-post-thumbnail","7":"category-paris","8":"tag-actu","9":"tag-actu-paris","10":"tag-actualites","11":"tag-actualites-paris","12":"tag-eu","13":"tag-europe","14":"tag-fr","15":"tag-france","16":"tag-news","17":"tag-news-paris","18":"tag-paris","19":"tag-paris-news","20":"tag-republique-francaise"},"share_on_mastodon":{"url":"https:\/\/pubeurope.com\/@fr\/114968517986040660","error":""},"_links":{"self":[{"href":"https:\/\/www.europesays.com\/fr\/wp-json\/wp\/v2\/posts\/294918","targetHints":{"allow":["GET"]}}],"collection":[{"href":"https:\/\/www.europesays.com\/fr\/wp-json\/wp\/v2\/posts"}],"about":[{"href":"https:\/\/www.europesays.com\/fr\/wp-json\/wp\/v2\/types\/post"}],"author":[{"embeddable":true,"href":"https:\/\/www.europesays.com\/fr\/wp-json\/wp\/v2\/users\/2"}],"replies":[{"embeddable":true,"href":"https:\/\/www.europesays.com\/fr\/wp-json\/wp\/v2\/comments?post=294918"}],"version-history":[{"count":0,"href":"https:\/\/www.europesays.com\/fr\/wp-json\/wp\/v2\/posts\/294918\/revisions"}],"wp:featuredmedia":[{"embeddable":true,"href":"https:\/\/www.europesays.com\/fr\/wp-json\/wp\/v2\/media\/294919"}],"wp:attachment":[{"href":"https:\/\/www.europesays.com\/fr\/wp-json\/wp\/v2\/media?parent=294918"}],"wp:term":[{"taxonomy":"category","embeddable":true,"href":"https:\/\/www.europesays.com\/fr\/wp-json\/wp\/v2\/categories?post=294918"},{"taxonomy":"post_tag","embeddable":true,"href":"https:\/\/www.europesays.com\/fr\/wp-json\/wp\/v2\/tags?post=294918"}],"curies":[{"name":"wp","href":"https:\/\/api.w.org\/{rel}","templated":true}]}}